{"id":99154,"date":"2023-09-17T10:40:18","date_gmt":"2023-09-17T13:40:18","guid":{"rendered":"https:\/\/grandepremio.com\/br\/noticias\/esteban-ocon-problema-cambio-abandona-causa-safety-car-virtual-singapura\/"},"modified":"2023-09-17T10:41:41","modified_gmt":"2023-09-17T13:41:41","slug":"esteban-ocon-problema-cambio-abandona-causa-safety-car-virtual-singapura","status":"publish","type":"post","link":"https:\/\/grandepremio.com\/br\/f1\/esteban-ocon-problema-cambio-abandona-causa-safety-car-virtual-singapura\/","title":{"rendered":"Ocon tem problema no c\u00e2mbio, abandona e causa safety-car virtual em Singapura"},"content":{"rendered":"\n<p class=\"wp-block-paragraph\"><strong>Esteban Ocon<\/strong> simplesmente come\u00e7ou a andar lentamente na reta principal<strong> <\/strong>e o franc\u00eas parou o carro na curva 2 do <strong>Circuito de Marina Bay<\/strong>. A equipe suspeita que sua <strong>Alpine<\/strong> teve problemas no c\u00e2mbio e, com isso, o safety-car virtual foi acionado.<\/p>\n\n\n\n<p class=\"wp-block-paragraph\">O <strong>#31<\/strong>, que vinha bem na corrida, andando na s\u00e9tima posi\u00e7\u00e3o, n\u00e3o conseguiu esconder sua irrita\u00e7\u00e3o, chegando a jogar longe o encosto da cabe\u00e7a de seu carro. <\/p>\n\n\n\n<figure class=\"wp-block-video\"><video class=\"video-js vjs-big-play-centered\" data-gp-vjs=\"1\" controls poster=\"https:\/\/www.grandepremio.com\/br\/wp-content\/uploads\/2023\/09\/Ocon_Singapura-poster.jpeg\" src=\"https:\/\/www.grandepremio.com\/br\/wp-content\/uploads\/2023\/09\/Ocon_Singapura.mp4\"><\/video><figcaption class=\"wp-element-caption\">Na volta 43, Esteban Ocon abandonou o GP de Singapura (V\u00eddeo: F1TV)<\/figcaption><\/figure>\n\n\n\n<p class=\"wp-block-paragraph\"><strong>\u25b6\ufe0f&nbsp;Inscreva-se nos dois canais do GRANDE PR\u00caMIO no YouTube:&nbsp;<\/strong><a href=\"https:\/\/www.youtube.com\/channel\/UC9OlHEgxoaY6QY6nWPoiqQg?sub_confirmation=1\" target=\"_blank\" rel=\"noreferrer noopener\" class=\"ek-link\"><strong>GP&nbsp;|&nbsp;GP2<\/strong><br><strong>\u25b6\ufe0f&nbsp;Conhe\u00e7a o canal do GRANDE PR\u00caMIO na Twitch clicando aqui!<\/strong><\/a><\/p>\n\n\n\n<p class=\"wp-block-paragraph\">No momento da quebra de Ocon, o l\u00edder da prova era <strong>Carlos Sainz<\/strong>, com <strong>George Russell<\/strong> em segundo e <strong>Lando Norris<\/strong> em terceiro.<\/p>\n\n\n\n<p class=\"wp-block-paragraph\">O&nbsp;<strong>GRANDE PR\u00caMIO<\/strong>&nbsp;acompanha&nbsp;<strong><a href=\"https:\/\/www.grandepremio.com\/br\/ao-vivo\/f1\">AO VIVO e EM&nbsp;<\/a><a href=\"https:\/\/www.grandepremio.com\/br\/ao-vivo\/\" target=\"_blank\" rel=\"noreferrer noopener\">TEMPO REAL<\/a><\/strong>&nbsp;todas as atividades do&nbsp;<strong>GP da Singapura<\/strong>, em&nbsp;<strong>Marina Bay<\/strong>, 15\u00aa etapa da temporada 2023. No s\u00e1bado e no domingo, classifica\u00e7\u00e3o e corrida tamb\u00e9m contam com&nbsp;<a href=\"https:\/\/formula1aovivo.com\/\" target=\"_blank\" rel=\"noreferrer noopener\">transmiss\u00e3o<\/a>&nbsp;em&nbsp;<strong><a href=\"https:\/\/www.youtube.com\/@GrandePremio1\/streams\">S<\/a><\/strong><a href=\"https:\/\/www.youtube.com\/@GrandePremio1\/streams\"><strong>EGUNDA TELA, NA GPTV, EM PARCERIA COM A VOZ DO ESPORTE<\/strong><\/a>. <\/p>\n","protected":false},"excerpt":{"rendered":"<p>Esteban Ocon fazia uma boa prova lutando por pontos, mas teve de abandonar o GP de Singapura com problemas na Alpine<\/p>\n","protected":false},"author":0,"featured_media":1000730629,"comment_status":"closed","ping_status":"closed","sticky":false,"template":"","format":"standard","meta":{"42wp_featured_image_caption":"","42wp_featured_image_credits":"","42wp_featured_video":"","42wp_featured_image_hidden":false,"42wp_authors_list":[],"footnotes":""},"categories":[2],"tags":[20491,302,147,29116,180,1397,36508,32518,32520,1491,26123,30103,28285],"42wp_author":[47157],"class_list":["post-99154","post","type-post","status-publish","format-standard","has-post-thumbnail","hentry","category-f1","tag-alpine","tag-esteban-ocon","tag-f1","tag-f1-grande-premio","tag-formula-1","tag-gp-de-singapura","tag-gp-de-singapura-2023","tag-gp-de-singapura-de-f1","tag-gp-de-singapura-de-formula-1","tag-grande-premio","tag-grande-premio-ao-vivo","tag-grande-premio-f1","tag-grandepremio","42wp_author-jonas-souza"],"_links":{"self":[{"href":"https:\/\/grandepremio.com\/br\/wp-json\/wp\/v2\/posts\/99154","targetHints":{"allow":["GET"]}}],"collection":[{"href":"https:\/\/grandepremio.com\/br\/wp-json\/wp\/v2\/posts"}],"about":[{"href":"https:\/\/grandepremio.com\/br\/wp-json\/wp\/v2\/types\/post"}],"replies":[{"embeddable":true,"href":"https:\/\/grandepremio.com\/br\/wp-json\/wp\/v2\/comments?post=99154"}],"version-history":[{"count":0,"href":"https:\/\/grandepremio.com\/br\/wp-json\/wp\/v2\/posts\/99154\/revisions"}],"wp:featuredmedia":[{"embeddable":true,"href":"https:\/\/grandepremio.com\/br\/wp-json\/wp\/v2\/media\/1000730629"}],"wp:attachment":[{"href":"https:\/\/grandepremio.com\/br\/wp-json\/wp\/v2\/media?parent=99154"}],"wp:term":[{"taxonomy":"category","embeddable":true,"href":"https:\/\/grandepremio.com\/br\/wp-json\/wp\/v2\/categories?post=99154"},{"taxonomy":"post_tag","embeddable":true,"href":"https:\/\/grandepremio.com\/br\/wp-json\/wp\/v2\/tags?post=99154"},{"taxonomy":"42wp_author","embeddable":true,"href":"https:\/\/grandepremio.com\/br\/wp-json\/wp\/v2\/42wp_author?post=99154"}],"curies":[{"name":"wp","href":"https:\/\/api.w.org\/{rel}","templated":true}]}}