{"id":99156,"date":"2023-09-17T09:23:39","date_gmt":"2023-09-17T12:23:39","guid":{"rendered":"https:\/\/grandepremio.com\/br\/noticias\/por-que-alphatauri-nao-se-defendeu-de-incidente-verstappen-tsunoda-em-singapura\/"},"modified":"2023-09-17T09:25:18","modified_gmt":"2023-09-17T12:25:18","slug":"por-que-alphatauri-nao-se-defendeu-de-incidente-verstappen-tsunoda-em-singapura","status":"publish","type":"post","link":"https:\/\/grandepremio.com\/br\/f1\/por-que-alphatauri-nao-se-defendeu-de-incidente-verstappen-tsunoda-em-singapura\/","title":{"rendered":"Por que AlphaTauri n\u00e3o se defendeu de incidente Verstappen-Tsunoda em Singapura?"},"content":{"rendered":"\n<p class=\"wp-block-paragraph\">A <strong>AlphaTauri<\/strong> chamou a aten\u00e7\u00e3o de todos ao n\u00e3o enviar um representante para a conversa com os comiss\u00e1rios <a href=\"https:\/\/www.grandepremio.com\/br\/f1\/noticias\/max-verstappen-escapa-punicao-3-incidentes-distintos-classificacao-singapura\/\" class=\"ek-link\">para definir uma puni\u00e7\u00e3o<\/a> em <strong>Max Verstappen<\/strong> em cima de seu piloto, <strong>Yuki Tsunoda<\/strong>, ap\u00f3s a classifica\u00e7\u00e3o deste s\u00e1bado (16) em <strong>Singapura<\/strong>.<\/p>\n\n\n\n<p class=\"wp-block-paragraph\">A equipe de <strong>Faenza<\/strong> perdeu a audi\u00eancia e uma nota, no m\u00ednimo, curiosa, da dire\u00e7\u00e3o de prova constou que n\u00e3o havia quem representasse o japon\u00eas, levantando uma s\u00e9rie de teorias de conspira\u00e7\u00e3o como, por exemplo, que a puni\u00e7\u00e3o fosse minimizar as chances de um piloto de uma equipe irm\u00e3.<\/p>\n\n\n\n<p class=\"wp-block-paragraph\">Mas, de acordo com apura\u00e7\u00e3o da <em>Autosport<\/em>, a quest\u00e3o foi outra. A publica\u00e7\u00e3o aponta que o time n\u00e3o recebeu uma intima\u00e7\u00e3o formal para comparecer \u00e0 audi\u00eancia.<\/p>\n\n\n\n<p class=\"wp-block-paragraph\">Na verdade, o assunto foi mais complicado do que isso, porque o grupo de Faenza n\u00e3o recebeu uma intima\u00e7\u00e3o formal para comparecer \u00e0 audi\u00eancia. Em casos assim, as convoca\u00e7\u00f5es acontecem aos pares, sendo solicitada a presen\u00e7a das partes em hor\u00e1rio determinado e, no caso de Verstappen\/Tsunoda, foi impactado por um caso totalmente separado que surgira anteriormente na classifica\u00e7\u00e3o.<\/p>\n\n\n\n<figure class=\"wp-block-image size-large\"><img decoding=\"async\" src=\"https:\/\/www.grandepremio.com\/br\/wp-content\/uploads\/2023\/09\/singapura-2023-f1-treino-livre-red-bull-max-verstappen-afp-02-1024x683.jpg\" alt=\"\" class=\"wp-image-729890\"\/><figcaption class=\"wp-element-caption\">Max Verstappen foi absolvido das tr\u00eas puni\u00e7\u00f5es em Singapura (Foto: AFP) <\/figcaption><\/figure>\n\n\n\n<p class=\"wp-block-paragraph\">E o incidente tinha a ver com a investiga\u00e7\u00e3o de <strong>Logan Sargeant<\/strong> por impedir <strong>Lance Stroll<\/strong>. Mas com a forte batida do canadense ao final do Q1, o piloto da <strong>Aston Martin<\/strong> estava se consultando com o m\u00e9dico da <strong>FIA<\/strong> e, assim, n\u00e3o foi emitido a tal convoca\u00e7\u00e3o formal para o comparecimento dele, por sentirem que tinham evid\u00eancias para revisar sem precisar falar com ele.<\/p>\n\n\n\n<p class=\"wp-block-paragraph\"><strong>\u25b6\ufe0f\u00a0Inscreva-se nos dois canais do GRANDE PR\u00caMIO no YouTube:\u00a0<a href=\"https:\/\/www.youtube.com\/channel\/UC9OlHEgxoaY6QY6nWPoiqQg?sub_confirmation=1\" target=\"_blank\" rel=\"noreferrer noopener\">GP<\/a>\u00a0|\u00a0<a href=\"https:\/\/www.youtube.com\/channel\/UC9csiS6q_C3C0FYhyr1rnFA?sub_confirmation=1\" target=\"_blank\" rel=\"noreferrer noopener\">GP2<\/a><\/strong><br><strong>\u25b6\ufe0f\u00a0<a href=\"https:\/\/www.twitch.tv\/grandepremio\" target=\"_blank\" rel=\"noreferrer noopener\">Conhe\u00e7a o canal do GRANDE PR\u00caMIO na Twitch clicando aqui!<\/a><\/strong><\/p>\n\n\n\n<p class=\"wp-block-paragraph\">O convite, ent\u00e3o, foi enviado para o diretor-esportivo <strong>Andy Stevenson<\/strong>, mas como ele tamb\u00e9m estava reunido com Stroll e a equipe m\u00e9dica, n\u00e3o houve tempo de chegar \u00e0 audi\u00eancia. Mas sua presen\u00e7a foi registrada no documento oficial, que Stevenson compareceu \u00e0 sala dos comiss\u00e1rios ap\u00f3s o t\u00e9rmino da reuni\u00e3o.<\/p>\n\n\n\n<p class=\"wp-block-paragraph\">A mesma abordagem, portanto, foi adotada com a AlphaTauri. Como n\u00e3o houve a intima\u00e7\u00e3o formal, a equipe n\u00e3o compareceu \u00e0 audi\u00eancia. <strong>Franz Tost<\/strong> disse \u00e0<em> Autosport<\/em> que n\u00e3o fez nenhuma reclama\u00e7\u00e3o \u00e0 FIA sobre Verstappen. Dada a rela\u00e7\u00e3o entre as equipes, o veredito final n\u00e3o foi impactado, afinal, os comiss\u00e1rios conseguem analisar as imagens e dados sem precisar ouvir o piloto afetado.<\/p>\n\n\n\n<p class=\"wp-block-paragraph\">Ap\u00f3s ficar sob investiga\u00e7\u00e3o por conta de tr\u00eas incidentes distintos\u00a0<a href=\"https:\/\/www.grandepremio.com\/br\/f1\/noticias\/carlos-sainz-aproveita-brecha-crava-pole-gp-de-singapura-formula-1-humano-max-verstappen-cai-q2\/\">na classifica\u00e7\u00e3o deste s\u00e1bado (16),<\/a>\u00a0o holand\u00eas da\u00a0<strong>Red Bull<\/strong>\u00a0foi considerado inocente em todos, mantendo, com isso, o 11\u00ba lugar no grid para o\u00a0<strong>GP de<\/strong>\u00a0<strong>Singapura<\/strong>.<\/p>\n\n\n\n<p class=\"wp-block-paragraph\">O&nbsp;<strong>GRANDE PR\u00caMIO<\/strong>&nbsp;acompanha&nbsp;<strong><a href=\"https:\/\/www.grandepremio.com\/br\/ao-vivo\/f1\">AO VIVO e EM&nbsp;<\/a><a href=\"https:\/\/www.grandepremio.com\/br\/ao-vivo\/\" target=\"_blank\" rel=\"noreferrer noopener\">TEMPO REAL<\/a><\/strong>&nbsp;todas as atividades do&nbsp;<strong>GP da Singapura<\/strong>, em&nbsp;<strong>Marina Bay<\/strong>, 15\u00aa etapa da temporada 2023. No s\u00e1bado e no domingo, classifica\u00e7\u00e3o e corrida tamb\u00e9m contam com&nbsp;<a href=\"https:\/\/formula1aovivo.com\/\" target=\"_blank\" rel=\"noreferrer noopener\">transmiss\u00e3o<\/a>&nbsp;em&nbsp;<strong><a href=\"https:\/\/www.youtube.com\/@GrandePremio1\/streams\">S<\/a><\/strong><a href=\"https:\/\/www.youtube.com\/@GrandePremio1\/streams\"><strong>EGUNDA TELA, NA GPTV, EM PARCERIA COM A VOZ DO ESPORTE<\/strong><\/a>. No domingo, a largada est\u00e1 marcada para as 9h (de Bras\u00edlia, GMT-3).<\/p>\n\n\n\n<figure class=\"wp-block-embed is-type-video is-provider-youtube wp-block-embed-youtube wp-embed-aspect-4-3 wp-has-aspect-ratio\"><div class=\"wp-block-embed__wrapper\">\n<iframe loading=\"lazy\" title=\"F1 2023 em Singapura: acompanhe a CORRIDA no GRANDE PR\u00caMIO\" width=\"500\" height=\"281\" src=\"https:\/\/www.youtube.com\/embed\/3Xa6q182vjU?feature=oembed\" frameborder=\"0\" allow=\"accelerometer; autoplay; clipboard-write; encrypted-media; gyroscope; picture-in-picture; web-share\" referrerpolicy=\"strict-origin-when-cross-origin\" allowfullscreen><\/iframe>\n<\/div><\/figure>\n","protected":false},"excerpt":{"rendered":"<p>A falta de uma convoca\u00e7\u00e3o formal dos comiss\u00e1rios para a equipe de Faenza foi a causa da aus\u00eancia de um representante para defender o japon\u00eas do bloqueio de Verstappen<\/p>\n","protected":false},"author":0,"featured_media":1000730175,"comment_status":"closed","ping_status":"closed","sticky":false,"template":"","format":"standard","meta":{"42wp_featured_image_caption":"","42wp_featured_image_credits":"","42wp_featured_video":"","42wp_featured_image_hidden":false,"42wp_authors_list":[],"footnotes":""},"categories":[2],"tags":[524,309,26271,5273,147,6533,180,30722,1397,1491,28285,30840,485,25553,3395,36501,32504,203,35129,204,3073,36502,3427,31447,597],"42wp_author":[47128],"class_list":["post-99156","post","type-post","status-publish","format-standard","has-post-thumbnail","hentry","category-f1","tag-alphatauri","tag-aston-martin","tag-calendario-f1","tag-classificacao-f1","tag-f1","tag-f1-2023","tag-formula-1","tag-formula-1-2023","tag-gp-de-singapura","tag-grande-premio","tag-grandepremio","tag-horarios-f1","tag-lance-stroll","tag-logan-sargeant","tag-marina-bay","tag-marina-bay-2023","tag-marina-bay-f1","tag-max-verstappen","tag-onde-assistir-f1","tag-red-bull","tag-singapura","tag-singapura-2023","tag-singapura-f1","tag-temporada-2023-f1","tag-yuki-tsunoda","42wp_author-guilherme-bloisi"],"_links":{"self":[{"href":"https:\/\/grandepremio.com\/br\/wp-json\/wp\/v2\/posts\/99156","targetHints":{"allow":["GET"]}}],"collection":[{"href":"https:\/\/grandepremio.com\/br\/wp-json\/wp\/v2\/posts"}],"about":[{"href":"https:\/\/grandepremio.com\/br\/wp-json\/wp\/v2\/types\/post"}],"replies":[{"embeddable":true,"href":"https:\/\/grandepremio.com\/br\/wp-json\/wp\/v2\/comments?post=99156"}],"version-history":[{"count":0,"href":"https:\/\/grandepremio.com\/br\/wp-json\/wp\/v2\/posts\/99156\/revisions"}],"wp:featuredmedia":[{"embeddable":true,"href":"https:\/\/grandepremio.com\/br\/wp-json\/wp\/v2\/media\/1000730175"}],"wp:attachment":[{"href":"https:\/\/grandepremio.com\/br\/wp-json\/wp\/v2\/media?parent=99156"}],"wp:term":[{"taxonomy":"category","embeddable":true,"href":"https:\/\/grandepremio.com\/br\/wp-json\/wp\/v2\/categories?post=99156"},{"taxonomy":"post_tag","embeddable":true,"href":"https:\/\/grandepremio.com\/br\/wp-json\/wp\/v2\/tags?post=99156"},{"taxonomy":"42wp_author","embeddable":true,"href":"https:\/\/grandepremio.com\/br\/wp-json\/wp\/v2\/42wp_author?post=99156"}],"curies":[{"name":"wp","href":"https:\/\/api.w.org\/{rel}","templated":true}]}}