{"id":99166,"date":"2023-09-16T17:51:52","date_gmt":"2023-09-16T20:51:52","guid":{"rendered":"https:\/\/grandepremio.com\/br\/noticias\/alessandro-giusti-herda-vitoria-punicao-andrea-kimi-antonelli-corrida-1-freca-monza-emmo-fittipaldi-pontua\/"},"modified":"2023-09-16T17:51:59","modified_gmt":"2023-09-16T20:51:59","slug":"alessandro-giusti-herda-vitoria-punicao-andrea-kimi-antonelli-corrida-1-freca-monza-emmo-fittipaldi-pontua","status":"publish","type":"post","link":"https:\/\/grandepremio.com\/br\/frec\/alessandro-giusti-herda-vitoria-punicao-andrea-kimi-antonelli-corrida-1-freca-monza-emmo-fittipaldi-pontua\/","title":{"rendered":"Giusti herda vit\u00f3ria ap\u00f3s puni\u00e7\u00e3o de Antonelli na corrida 1 em Monza. Fittipaldi pontua"},"content":{"rendered":"\n<p class=\"wp-block-paragraph\"><strong>Alessandro Giusti<\/strong> herdou a vit\u00f3ria na <strong>FRECA<\/strong> em prova realizada neste s\u00e1bado (16) em <strong>Monza<\/strong>. O triunfo seria de <strong>Andrea Kimi Antonelli<\/strong>, que cruzou a linha de chegada \u00e0 frente de <strong>Marcus Amand<\/strong>. Por\u00e9m, ambos receberam 10s de puni\u00e7\u00e3o e acabaram despencando na tabela, possibilitando a terceira vit\u00f3ria do franc\u00eas em 2023.<\/p>\n\n\n\n<p class=\"wp-block-paragraph\">O italiano da <strong>Prema<\/strong> e l\u00edder do campeonato recebeu sua puni\u00e7\u00e3o por ativar o bot\u00e3o de ultrapassagem antes do in\u00edcio da segunda volta da corrida, momento em que os pilotos podem come\u00e7ar a usar o sistema. J\u00e1 Amand recebeu a mesma penalidade por for\u00e7ar <strong>Michael Belov <\/strong>para fora da pista. O p\u00f3dio ent\u00e3o ficou completo com, al\u00e9m de Giusti, <strong>Victor Bernier <\/strong>e <strong>Martinius Stenshorne<\/strong>.<\/p>\n\n\n\n<p class=\"wp-block-paragraph\">Entre os brasileiros, <strong>Emmo Fittipaldi <\/strong>garantiu seus primeiros pontos na categoria ao chegar em oitavo lugar e <strong>Rafael C\u00e2mara<\/strong>, que largou em primeiro, n\u00e3o completou a prova, devido a problemas em seu carro.<\/p>\n\n\n\n<p class=\"wp-block-paragraph\"><strong>\u25b6\ufe0f&nbsp;Inscreva-se nos dois canais do GRANDE PR\u00caMIO no YouTube:&nbsp;<a href=\"https:\/\/www.youtube.com\/channel\/UC9OlHEgxoaY6QY6nWPoiqQg?sub_confirmation=1\" target=\"_blank\" rel=\"noreferrer noopener\">GP<\/a>&nbsp;|&nbsp;<a href=\"https:\/\/www.youtube.com\/channel\/UC9csiS6q_C3C0FYhyr1rnFA?sub_confirmation=1\" target=\"_blank\" rel=\"noreferrer noopener\">GP2<\/a><\/strong><br><strong>\u25b6\ufe0f&nbsp;<a href=\"https:\/\/www.twitch.tv\/grandepremio\" target=\"_blank\" rel=\"noreferrer noopener\">Conhe\u00e7a o canal do GRANDE PR\u00caMIO na Twitch clicando aqui!<\/a><\/strong><\/p>\n\n\n\n<figure class=\"wp-block-image size-large\"><img decoding=\"async\" src=\"https:\/\/www.grandepremio.com\/br\/wp-content\/uploads\/2023\/09\/MON_FR_DL-9400-scaled-1emmo-1024x683.jpg\" alt=\"\" class=\"wp-image-730453\"\/><figcaption class=\"wp-element-caption\">Com oitavo, Emmo FIttipaldi marca seus primeiros pontos na FRECA (Foto: FRECA)<\/figcaption><\/figure>\n\n\n\n<p class=\"wp-block-paragraph\">Ap\u00f3s duas voltas de bandeira amarela causada pela colis\u00e3o de <strong>Giovanni Maschio<\/strong> e<strong> <\/strong><strong>Jesse Carrasquedo<\/strong>, a relargada viu um acidente que tirou <strong>Sami Meguetounif<\/strong>, <strong>Tim Tramnitz <\/strong>e <strong>Mac\u00e9o Capietto<\/strong> da prova, causando nova entrada do satefy-car.&nbsp;<\/p>\n\n\n\n<p class=\"wp-block-paragraph\">O acidente que vitimou<strong> <\/strong>Belov aconteceu na volta 7, ficando preso na brita e causando mais uma bandeira amarela. Com quatro minutos para o fim da prova, o carro de seguran\u00e7a deixou a pista pela \u00faltima vez e os pilotos conseguiram chegar at\u00e9 o final da prova semincidentes.<\/p>\n\n\n\n<p class=\"wp-block-paragraph\">Nas voltas finais, Giusti pressionou Amand e fez a melhor volta da corrida, mas n\u00e3o conseguiu a ultrapassagem sobre o compatriota. Emmo, por sua vez, se aproveitou das diversas intercorr\u00eancias na prova e garantiu seus primeiros quatro pontos na categoria.<\/p>\n\n\n\n<p class=\"wp-block-paragraph\">Mesmo com a puni\u00e7\u00e3o, Antonelli continua na lideran\u00e7a da categoria, mas v\u00ea a diferen\u00e7a cair para 18 pontos, com Stenshorne em segundo. A segunda prova da FRECA em Monza acontece neste domingo, \u00e0s 9h15 (hor\u00e1rio de Bras\u00edlia).<\/p>\n","protected":false},"excerpt":{"rendered":"<p>Alessandro Giusti completou a prova em terceiro, mas com puni\u00e7\u00f5es a Andrea Kimi Antonelli e Marcus Amand, venceu a corrida. Emmo Fittipaldi se aproveitou de batidas e puni\u00e7\u00f5es para chegar em oitavo<\/p>\n","protected":false},"author":0,"featured_media":1000730452,"comment_status":"closed","ping_status":"closed","sticky":false,"template":"","format":"standard","meta":{"42wp_featured_image_caption":"","42wp_featured_image_credits":"","42wp_featured_video":"","42wp_featured_image_hidden":false,"42wp_authors_list":[],"footnotes":""},"categories":[49],"tags":[27861,23912,28105,34064,34491,1737,27860],"42wp_author":[47157],"class_list":["post-99166","post","type-post","status-publish","format-standard","has-post-thumbnail","hentry","category-frec","tag-andrea-kimi-antonelli","tag-emmo-fittipaldi","tag-freca","tag-freca-2023","tag-martinius-stenshorne","tag-monza","tag-rafael-camara","42wp_author-jonas-souza"],"_links":{"self":[{"href":"https:\/\/grandepremio.com\/br\/wp-json\/wp\/v2\/posts\/99166","targetHints":{"allow":["GET"]}}],"collection":[{"href":"https:\/\/grandepremio.com\/br\/wp-json\/wp\/v2\/posts"}],"about":[{"href":"https:\/\/grandepremio.com\/br\/wp-json\/wp\/v2\/types\/post"}],"replies":[{"embeddable":true,"href":"https:\/\/grandepremio.com\/br\/wp-json\/wp\/v2\/comments?post=99166"}],"version-history":[{"count":0,"href":"https:\/\/grandepremio.com\/br\/wp-json\/wp\/v2\/posts\/99166\/revisions"}],"wp:featuredmedia":[{"embeddable":true,"href":"https:\/\/grandepremio.com\/br\/wp-json\/wp\/v2\/media\/1000730452"}],"wp:attachment":[{"href":"https:\/\/grandepremio.com\/br\/wp-json\/wp\/v2\/media?parent=99166"}],"wp:term":[{"taxonomy":"category","embeddable":true,"href":"https:\/\/grandepremio.com\/br\/wp-json\/wp\/v2\/categories?post=99166"},{"taxonomy":"post_tag","embeddable":true,"href":"https:\/\/grandepremio.com\/br\/wp-json\/wp\/v2\/tags?post=99166"},{"taxonomy":"42wp_author","embeddable":true,"href":"https:\/\/grandepremio.com\/br\/wp-json\/wp\/v2\/42wp_author?post=99166"}],"curies":[{"name":"wp","href":"https:\/\/api.w.org\/{rel}","templated":true}]}}