{"id":99188,"date":"2023-09-16T12:39:00","date_gmt":"2023-09-16T15:39:00","guid":{"rendered":"https:\/\/grandepremio.com\/br\/noticias\/charles-leclerc-diz-rendimento-ferrari-singapura-bom-sinal-para-futuro\/"},"modified":"2023-09-16T12:39:33","modified_gmt":"2023-09-16T15:39:33","slug":"charles-leclerc-diz-rendimento-ferrari-singapura-bom-sinal-para-futuro","status":"publish","type":"post","link":"https:\/\/grandepremio.com\/br\/f1\/charles-leclerc-diz-rendimento-ferrari-singapura-bom-sinal-para-futuro\/","title":{"rendered":"Leclerc diz que rendimento da Ferrari em Singapura \u00e9 &#8220;bom sinal para o futuro&#8221;"},"content":{"rendered":"\n<p class=\"wp-block-paragraph\"><strong>Charles Leclerc<\/strong> confirmou o ritmo competitivo da <strong>Ferrari <\/strong>nas ruas de <strong>Marina Bay <\/strong>durante todo final de semana e ficou em terceiro lugar na <strong><a href=\"https:\/\/www.grandepremio.com\/br\/f1\/noticias\/carlos-sainz-aproveita-brecha-crava-pole-gp-de-singapura-formula-1-humano-max-verstappen-cai-q2\/\" class=\"ek-link\">classifica\u00e7\u00e3o para o GP de Singapura<\/a><\/strong>, realizada neste s\u00e1bado (16). Em entrevista ap\u00f3s a sess\u00e3o, Leclerc comemorou o resultado visando o futuro da equipe italiana na temporada 2023 da <strong>F\u00f3rmula 1<\/strong>, mas lamentou a perda de d\u00e9cimos importantes que o impediram de fazer o 1-2 com <strong>Carlos Sainz<\/strong> na pole-position.<\/p>\n\n\n\n<p class=\"wp-block-paragraph\">&#8220;Carlos fez um \u00f3timo trabalho para garantir a primeira e a terceira posi\u00e7\u00e3o para amanh\u00e3. N\u00e3o esper\u00e1vamos ser t\u00e3o competitivos em uma pista como essa. Isso \u00e9 um bom sinal para o futuro&#8221;, iniciou o monegasco. &#8220;Tudo estava muito pr\u00f3ximo, a Mercedes tamb\u00e9m estava muito forte hoje. Infelizmente, perdi por pouco a chance de ganhar algumas posi\u00e7\u00f5es&#8221;, prosseguiu.<\/p>\n\n\n\n<p class=\"wp-block-paragraph\"><strong>\u25b6\ufe0f&nbsp;Inscreva-se nos dois canais do GRANDE PR\u00caMIO no YouTube:&nbsp;<\/strong><a href=\"https:\/\/www.youtube.com\/channel\/UC9OlHEgxoaY6QY6nWPoiqQg?sub_confirmation=1\" target=\"_blank\" rel=\"noreferrer noopener\" class=\"ek-link\"><strong>GP&nbsp;|&nbsp;GP2<\/strong><br><strong>\u25b6\ufe0f&nbsp;Conhe\u00e7a o canal do GRANDE PR\u00caMIO na Twitch clicando aqui!<\/strong><\/a><\/p>\n\n\n\n<figure class=\"wp-block-image size-large\"><img decoding=\"async\" src=\"https:\/\/www.grandepremio.com\/br\/wp-content\/uploads\/2023\/09\/singapura-2023-f1-treino-livre-ferrari-charles-leclerc-afp-01-3-1024x683.jpg\" alt=\"\" class=\"wp-image-729882\"\/><figcaption class=\"wp-element-caption\">Charles Leclerc vai largar em terceiro lugar no GP de Singapura (Foto: AFP) <\/figcaption><\/figure>\n\n\n\n<p class=\"wp-block-paragraph\">Leclerc apontou o clima quente em Singapura como um dos fatores por ter ficado atr\u00e1s de <strong>George Russell<\/strong>, segundo colocado, por apenas 0s007, performance que o impediu de conseguir um lugar na primeira fila ao lado de Sainz na corrida desde domingo. &#8220;\u00c9 extremamente dif\u00edcil como em qualquer lugar, aqui talvez mais ainda, com superaquecimento na volta. Sempre \u00e9 um equil\u00edbrio entre o primeiro e o \u00faltimo setor&#8221;, avaliou.<\/p>\n\n\n\n<p class=\"wp-block-paragraph\">Para a 15\u00aa etapa do Mundial, o #16 da Ferrari definiu o desgaste f\u00edsico por causa do clima quente e \u00famido como mais um advers\u00e1rio nas ruas de Marina Bay. &#8220;O desafio f\u00edsico vai ser algo, com certeza. At\u00e9 agora, tivemos um desempenho muito bom&#8221;, concluiu.<\/p>\n\n\n\n<p class=\"wp-block-paragraph\">O\u00a0<strong>GRANDE PR\u00caMIO<\/strong>\u00a0acompanha\u00a0<strong><a href=\"https:\/\/www.grandepremio.com\/br\/ao-vivo\/f1\">AO VIVO e EM\u00a0<\/a><a href=\"https:\/\/www.grandepremio.com\/br\/ao-vivo\/\" target=\"_blank\" rel=\"noreferrer noopener\">TEMPO REAL<\/a><\/strong>\u00a0todas as atividades do\u00a0<strong>GP da Singapura<\/strong>, em\u00a0<strong>Marina Bay<\/strong>, 15\u00aa etapa da temporada 2023. No s\u00e1bado e no domingo, classifica\u00e7\u00e3o e corrida tamb\u00e9m contam com\u00a0<a href=\"https:\/\/formula1aovivo.com\/\" target=\"_blank\" rel=\"noreferrer noopener\">transmiss\u00e3o<\/a>\u00a0em\u00a0<strong><a href=\"https:\/\/www.youtube.com\/@GrandePremio1\/streams\">S<\/a><\/strong><a href=\"https:\/\/www.youtube.com\/@GrandePremio1\/streams\"><strong>EGUNDA TELA, NA GPTV, EM PARCERIA COM A VOZ DO ESPORTE<\/strong><\/a>. No domingo, a largada est\u00e1 marcada para as 9h (de Bras\u00edlia, GMT-3).<\/p>\n\n\n\n<figure class=\"wp-block-embed is-type-video is-provider-youtube wp-block-embed-youtube wp-embed-aspect-16-9 wp-has-aspect-ratio\"><div class=\"wp-block-embed__wrapper\">\n<iframe loading=\"lazy\" title=\"F1 2023 em Singapura: VERSTAPPEN sem puni\u00e7\u00e3o. Sainz POLE. Red Bull FORA DO Q3 | Briefing\" width=\"500\" height=\"281\" src=\"https:\/\/www.youtube.com\/embed\/09L38JIUV60?feature=oembed\" frameborder=\"0\" allow=\"accelerometer; autoplay; clipboard-write; encrypted-media; gyroscope; picture-in-picture; web-share\" referrerpolicy=\"strict-origin-when-cross-origin\" allowfullscreen><\/iframe>\n<\/div><\/figure>\n","protected":false},"excerpt":{"rendered":"<p>Ap\u00f3s conquistar o terceiro lugar na classifica\u00e7\u00e3o em Singapura, Charles Leclerc admitiu que n\u00e3o esperava um desempenho forte do SF-23 em Marina Bay<\/p>\n","protected":false},"author":0,"featured_media":1000729531,"comment_status":"closed","ping_status":"closed","sticky":false,"template":"","format":"standard","meta":{"42wp_featured_image_caption":"","42wp_featured_image_credits":"","42wp_featured_video":"","42wp_featured_image_hidden":false,"42wp_authors_list":[],"footnotes":""},"categories":[2],"tags":[26271,546,209,5273,147,6533,207,180,30722,800,1397,1491,28285,30840,2780,3395,36501,32504,82,35129,30847,7672,3073,36502,3427,31447],"42wp_author":[47145],"class_list":["post-99188","post","type-post","status-publish","format-standard","has-post-thumbnail","hentry","category-f1","tag-calendario-f1","tag-carlos-sainz","tag-charles-leclerc","tag-classificacao-f1","tag-f1","tag-f1-2023","tag-ferrari","tag-formula-1","tag-formula-1-2023","tag-george-russell","tag-gp-de-singapura","tag-grande-premio","tag-grandepremio","tag-horarios-f1","tag-leclerc","tag-marina-bay","tag-marina-bay-2023","tag-marina-bay-f1","tag-mercedes","tag-onde-assistir-f1","tag-russell","tag-sainz","tag-singapura","tag-singapura-2023","tag-singapura-f1","tag-temporada-2023-f1","42wp_author-alessandro-pinheiro"],"_links":{"self":[{"href":"https:\/\/grandepremio.com\/br\/wp-json\/wp\/v2\/posts\/99188","targetHints":{"allow":["GET"]}}],"collection":[{"href":"https:\/\/grandepremio.com\/br\/wp-json\/wp\/v2\/posts"}],"about":[{"href":"https:\/\/grandepremio.com\/br\/wp-json\/wp\/v2\/types\/post"}],"replies":[{"embeddable":true,"href":"https:\/\/grandepremio.com\/br\/wp-json\/wp\/v2\/comments?post=99188"}],"version-history":[{"count":0,"href":"https:\/\/grandepremio.com\/br\/wp-json\/wp\/v2\/posts\/99188\/revisions"}],"wp:featuredmedia":[{"embeddable":true,"href":"https:\/\/grandepremio.com\/br\/wp-json\/wp\/v2\/media\/1000729531"}],"wp:attachment":[{"href":"https:\/\/grandepremio.com\/br\/wp-json\/wp\/v2\/media?parent=99188"}],"wp:term":[{"taxonomy":"category","embeddable":true,"href":"https:\/\/grandepremio.com\/br\/wp-json\/wp\/v2\/categories?post=99188"},{"taxonomy":"post_tag","embeddable":true,"href":"https:\/\/grandepremio.com\/br\/wp-json\/wp\/v2\/tags?post=99188"},{"taxonomy":"42wp_author","embeddable":true,"href":"https:\/\/grandepremio.com\/br\/wp-json\/wp\/v2\/42wp_author?post=99188"}],"curies":[{"name":"wp","href":"https:\/\/api.w.org\/{rel}","templated":true}]}}