{"id":99240,"date":"2023-09-15T06:04:47","date_gmt":"2023-09-15T09:04:47","guid":{"rendered":"https:\/\/grandepremio.com\/br\/noticias\/formula-1-abre-fim-semana-singapura-chances-chuva-conhecido-calor\/"},"modified":"2023-09-15T06:09:26","modified_gmt":"2023-09-15T09:09:26","slug":"formula-1-abre-fim-semana-singapura-chances-chuva-conhecido-calor","status":"publish","type":"post","link":"https:\/\/grandepremio.com\/br\/f1\/formula-1-abre-fim-semana-singapura-chances-chuva-conhecido-calor\/","title":{"rendered":"F\u00f3rmula 1 abre fim de semana em Singapura com chances de chuva e conhecido calor"},"content":{"rendered":"\n<p class=\"wp-block-paragraph\">\u00c9 dia de abrir os trabalhos na pista de <strong>Marina Bay<\/strong>, onde a <strong><a href=\"https:\/\/www.grandepremio.com\/br\/f1\/\" class=\"ek-link\">F\u00f3rmula 1<\/a><\/strong> manda o <strong>GP de Singapura<\/strong>. Nesta sexta-feira (15), primeiro dia de atividades para o evento, a expectativa \u00e9 de chuva em dado momento e muito calor para o dia inteiro, como j\u00e1 \u00e9 de se esperar na pista tida como mais dura, do ponto de vista f\u00edsico, de todo o calend\u00e1rio.<\/p>\n\n\n\n<p class=\"wp-block-paragraph\">As informa\u00e7\u00f5es s\u00e3o do servi\u00e7o de meteorologia Accuweather. Segundo o ve\u00edculo, a expectativa para o primeiro treino livre da F\u00f3rmula 1, marcado para as 17h30 locais (6h30 de Bras\u00edlia, GMT-3) \u00e9 de chuva, apesar do c\u00e9u aberto. Sim, a previs\u00e3o \u00e9 de c\u00e9u ensolarado em Marina Bay, mas com pancada de chuva. Como a chance \u00e9 de 51%, passa a ser expectativa.<\/p>\n\n\n\n<p class=\"wp-block-paragraph\"><strong>\u25b6\ufe0f\u00a0Inscreva-se nos dois canais do GRANDE PR\u00caMIO no YouTube:\u00a0<a href=\"https:\/\/www.youtube.com\/channel\/UC9OlHEgxoaY6QY6nWPoiqQg?sub_confirmation=1\" target=\"_blank\" rel=\"noreferrer noopener\">GP<\/a>\u00a0|\u00a0<a href=\"https:\/\/www.youtube.com\/channel\/UC9csiS6q_C3C0FYhyr1rnFA?sub_confirmation=1\" target=\"_blank\" rel=\"noreferrer noopener\">GP2<\/a><\/strong><br><strong>\u25b6\ufe0f\u00a0<a href=\"https:\/\/www.twitch.tv\/grandepremio\" target=\"_blank\" rel=\"noreferrer noopener\">Conhe\u00e7a o canal do GRANDE PR\u00caMIO na Twitch clicando aqui!<\/a><\/strong><\/p>\n\n\n\n<figure class=\"wp-block-image size-large\"><img decoding=\"async\" src=\"https:\/\/www.grandepremio.com\/br\/wp-content\/uploads\/2023\/09\/000_33V46KQ-1024x683.jpg\" alt=\"F1 2023, GP DE SINGAPURA, MARINA BAY, QUINTA-FEIRA, PISTA, CORRIDA NOTURNA, AFP\" class=\"wp-image-729328\"\/><figcaption class=\"wp-element-caption\">Parte do paddock de Marina Bay, que recebe a F1 neste fim de semana para o GP de Singapura (Foto: Roslan Rahman\/AFP)<\/figcaption><\/figure>\n\n\n\n<p class=\"wp-block-paragraph\">Mesmo assim, a cobertura esperada do c\u00e9u por nuvens \u00e9 de somente 24%. A temperatura chega aos 32\u00b0C, mas com sensa\u00e7\u00e3o t\u00e9rmica de 33\u00b0C. A m\u00e9dia dos ventos fica em 17 km\/h, mas com direito a rajadas de at\u00e9 22 km\/h, ao passo que a umidade relativa do ar \u00e9 de 59%.<\/p>\n\n\n\n<p class=\"wp-block-paragraph\">J\u00e1 o segundo treino livre est\u00e1 marcado para as 21h locais (10h de Bras\u00edlia), j\u00e1 sem qualquer presen\u00e7a do sol. A\u00ed, a chance de chuva despenca para apenas 14%. A temperatura, por\u00e9m, n\u00e3o varia tanto: 30\u00b0C e sensa\u00e7\u00e3o t\u00e9rmica de 33\u00b0C. Al\u00e9m disso, a m\u00e9dia dos ventos baixa para 11 km\/h, ainda que as rajadas permane\u00e7am em 22 km\/h. A umidade relativa do ar aumenta para 69%.<\/p>\n\n\n\n<p class=\"wp-block-paragraph\">O\u00a0<strong>GRANDE PR\u00caMIO<\/strong>\u00a0acompanha\u00a0<strong><a href=\"https:\/\/www.grandepremio.com\/br\/ao-vivo\/f1\">AO VIVO e EM\u00a0<\/a><a href=\"https:\/\/www.grandepremio.com\/br\/ao-vivo\/\" target=\"_blank\" rel=\"noreferrer noopener\">TEMPO REAL<\/a><\/strong>\u00a0todas as atividades do\u00a0<strong>GP da Singapura<\/strong>, em\u00a0<strong>Marina Bay<\/strong>, 15\u00aa etapa da temporada 2023. No s\u00e1bado e no domingo, classifica\u00e7\u00e3o e corrida tamb\u00e9m contam com\u00a0<a href=\"https:\/\/formula1aovivo.com\/\" target=\"_blank\" rel=\"noreferrer noopener\">transmiss\u00e3o<\/a>\u00a0em\u00a0<strong><a href=\"https:\/\/www.youtube.com\/@GrandePremio1\/streams\">S<\/a><\/strong><a href=\"https:\/\/www.youtube.com\/@GrandePremio1\/streams\"><strong>EGUNDA TELA, NA GPTV, EM PARCERIA COM A VOZ DO ESPORTE<\/strong>.<\/a>\u00a0<\/p>\n\n\n\n<figure class=\"wp-block-embed is-type-video is-provider-youtube wp-block-embed-youtube wp-embed-aspect-16-9 wp-has-aspect-ratio\"><div class=\"wp-block-embed__wrapper\">\n<iframe loading=\"lazy\" title=\"E A\u00cd, DRUGOVICH? Vagas de F1 e F\u00f3rmula E come\u00e7am a SUMIR | TT GP #113\" width=\"500\" height=\"281\" src=\"https:\/\/www.youtube.com\/embed\/igIUTP0NGvE?feature=oembed\" frameborder=\"0\" allow=\"accelerometer; autoplay; clipboard-write; encrypted-media; gyroscope; picture-in-picture; web-share\" referrerpolicy=\"strict-origin-when-cross-origin\" allowfullscreen><\/iframe>\n<\/div><figcaption class=\"wp-element-caption\">E A\u00cd, DRUGOVICH? Vagas de F1 e F\u00f3rmula E come\u00e7am a SUMIR | TT GP\u00a0<a href=\"https:\/\/www.youtube.com\/hashtag\/113\">#113<\/a><\/figcaption><\/figure>\n","protected":false},"excerpt":{"rendered":"<p>A sexta-feira de treinos livres para o GP de Singapura de F\u00f3rmula 1 tem amea\u00e7a de chuva e calor forte esperado para todos os dias<\/p>\n","protected":false},"author":0,"featured_media":1000729355,"comment_status":"closed","ping_status":"closed","sticky":false,"template":"","format":"standard","meta":{"42wp_featured_image_caption":"","42wp_featured_image_credits":"","42wp_featured_video":"","42wp_featured_image_hidden":false,"42wp_authors_list":[],"footnotes":""},"categories":[2],"tags":[6533,642,30722,1397,1491,26123,30103,28285,35129,36505,2033],"42wp_author":[47120],"class_list":["post-99240","post","type-post","status-publish","format-standard","has-post-thumbnail","hentry","category-f1","tag-f1-2023","tag-f1-ao-vivo","tag-formula-1-2023","tag-gp-de-singapura","tag-grande-premio","tag-grande-premio-ao-vivo","tag-grande-premio-f1","tag-grandepremio","tag-onde-assistir-f1","tag-onde-assistir-gp-de-singapura","tag-temperatura","42wp_author-pedro-henrique-marum"],"_links":{"self":[{"href":"https:\/\/grandepremio.com\/br\/wp-json\/wp\/v2\/posts\/99240","targetHints":{"allow":["GET"]}}],"collection":[{"href":"https:\/\/grandepremio.com\/br\/wp-json\/wp\/v2\/posts"}],"about":[{"href":"https:\/\/grandepremio.com\/br\/wp-json\/wp\/v2\/types\/post"}],"replies":[{"embeddable":true,"href":"https:\/\/grandepremio.com\/br\/wp-json\/wp\/v2\/comments?post=99240"}],"version-history":[{"count":0,"href":"https:\/\/grandepremio.com\/br\/wp-json\/wp\/v2\/posts\/99240\/revisions"}],"wp:featuredmedia":[{"embeddable":true,"href":"https:\/\/grandepremio.com\/br\/wp-json\/wp\/v2\/media\/1000729355"}],"wp:attachment":[{"href":"https:\/\/grandepremio.com\/br\/wp-json\/wp\/v2\/media?parent=99240"}],"wp:term":[{"taxonomy":"category","embeddable":true,"href":"https:\/\/grandepremio.com\/br\/wp-json\/wp\/v2\/categories?post=99240"},{"taxonomy":"post_tag","embeddable":true,"href":"https:\/\/grandepremio.com\/br\/wp-json\/wp\/v2\/tags?post=99240"},{"taxonomy":"42wp_author","embeddable":true,"href":"https:\/\/grandepremio.com\/br\/wp-json\/wp\/v2\/42wp_author?post=99240"}],"curies":[{"name":"wp","href":"https:\/\/api.w.org\/{rel}","templated":true}]}}