{"id":99274,"date":"2023-09-13T19:17:39","date_gmt":"2023-09-13T22:17:39","guid":{"rendered":"https:\/\/grandepremio.com\/br\/noticias\/felipe-massa-diz-que-bernie-ecclestone-tem-receio-dos-processos-e-reafirma-objetivo-e-o-trofeu\/"},"modified":"2023-09-13T19:38:15","modified_gmt":"2023-09-13T22:38:15","slug":"felipe-massa-diz-que-bernie-ecclestone-tem-receio-dos-processos-e-reafirma-objetivo-e-o-trofeu","status":"publish","type":"post","link":"https:\/\/grandepremio.com\/br\/f1\/felipe-massa-diz-que-bernie-ecclestone-tem-receio-dos-processos-e-reafirma-objetivo-e-o-trofeu\/","title":{"rendered":"Massa diz que Ecclestone tem &#8220;receio dos processos&#8221; e reafirma: &#8220;Objetivo \u00e9 o trof\u00e9u&#8221;"},"content":{"rendered":"\n<p class=\"wp-block-paragraph\"><strong>Felipe Massa<\/strong> rebateu prontamente as acusa\u00e7\u00f5es de<strong> Bernie Ecclestone<\/strong> de que <a href=\"https:\/\/www.grandepremio.com\/br\/f1\/noticias\/bernie-ecclestone-critica-acao-felipe-massa-titulo-2008-preocupa-com-dinheiro\/\" class=\"ek-link\">est\u00e1 atr\u00e1s de dinheiro e n\u00e3o do t\u00edtulo da temporada 2008<\/a>. Nesta quarta-feira (13), o brasileiro cutucou o ex-chef\u00e3o da F1 e reiterou a briga pelo trof\u00e9u que pertence a <strong>Lewis Hamilton<\/strong>.<\/p>\n\n\n\n<p class=\"wp-block-paragraph\">Segundo Massa, as declara\u00e7\u00f5es do antigo dirigente vieram por temor do resultado do processo que move em busca da conquista de 15 anos atr\u00e1s, pedindo a anula\u00e7\u00e3o do <strong>GP de Singapura<\/strong> e, consequentemente, a mudan\u00e7a no resultado final da temporada, que colocaria o brasileiro na frente de Hamilton.<\/p>\n\n\n\n<p class=\"wp-block-paragraph\">\u201cEcclestone s\u00f3 resolveu falar algo depois que viu a seriedade do nosso caso e que n\u00e3o vamos aceitar essa mancha no esporte. Provavelmente, est\u00e1 com receio de tudo que vir\u00e1 \u00e0 tona com os processos. N\u00e3o importa: como j\u00e1 dissemos v\u00e1rias vezes, nosso objetivo \u00e9 o trof\u00e9u. Seguimos com nossa batalha pela justi\u00e7a do esporte\u201d, afirmou Massa.<\/p>\n\n\n\n<p class=\"wp-block-paragraph\">Mais cedo, o brit\u00e2nico desdenhou das a\u00e7\u00f5es legais movidas por Felipe e falou que o piloto estava atr\u00e1s de uma compensa\u00e7\u00e3o financeira, entendendo que o ex-piloto da Ferrari n\u00e3o tem chances de reverter o lado esportivo. Bernie ainda falou que Hamilton poderia fazer o mesmo ap\u00f3s a controversa decis\u00e3o de 2021, em que Michael Masi era o diretor de prova num GP de Abu Dhabi marcado por caos em safety-car final e vit\u00f3ria e t\u00edtulo de <strong>Max Verstappen<\/strong>.<\/p>\n\n\n\n<p class=\"wp-block-paragraph\">\u201cO cl\u00e3 Massa s\u00f3 se preocupa com dinheiro. Mas as chances de isso acontecer s\u00e3o zero. E Hamilton e Mercedes poderiam ter entrado com uma a\u00e7\u00e3o judicial contra a FIA ap\u00f3s a final n\u00e3o muito limpa de 2021 em Abu Dhabi\u201d, disse Ecclestone ao jornal su\u00ed\u00e7o Blick.<\/p>\n\n\n\n<figure class=\"wp-block-image size-large\"><img decoding=\"async\" src=\"https:\/\/www.grandepremio.com\/br\/wp-content\/uploads\/2020\/10\/bernie-ecclestone-9-1024x683.jpg\" alt=\"\" class=\"wp-image-431314\"\/><figcaption class=\"wp-element-caption\">Declara\u00e7\u00e3o de Ecclestone gerou resposta por parte de Felipe Massa (Foto: Reprodu\u00e7\u00e3o)<\/figcaption><\/figure>\n\n\n\n<p class=\"wp-block-paragraph\"><strong>\u25b6\ufe0f\u00a0Inscreva-se nos dois canais do GRANDE PR\u00caMIO no YouTube:\u00a0<a href=\"https:\/\/www.youtube.com\/channel\/UC9OlHEgxoaY6QY6nWPoiqQg?sub_confirmation=1\" target=\"_blank\" rel=\"noreferrer noopener\">GP<\/a>\u00a0|\u00a0<a href=\"https:\/\/www.youtube.com\/channel\/UC9csiS6q_C3C0FYhyr1rnFA?sub_confirmation=1\" target=\"_blank\" rel=\"noreferrer noopener\">GP2<\/a><\/strong><br><strong>\u25b6\ufe0f\u00a0<a href=\"https:\/\/www.twitch.tv\/grandepremio\" target=\"_blank\" rel=\"noreferrer noopener\">Conhe\u00e7a o canal do GRANDE PR\u00caMIO na Twitch clicando aqui!<\/a><\/strong><\/p>\n\n\n\n<p class=\"wp-block-paragraph\">No come\u00e7o desta semana, os advogados de\u00a0<strong><a href=\"https:\/\/www.grandepremio.com\/br\/piloto\/felipe-massa\/\" target=\"_blank\" rel=\"noreferrer noopener\" class=\"ek-link\">Massa<\/a><\/strong>\u00a0<a href=\"https:\/\/www.grandepremio.com\/br\/f1\/noticias\/advogados-felipe-massa-notificam-ferrari-renault-flavio-briatore-preservar-provas-2008\/\" class=\"ek-link\">deram mais um passo na a\u00e7\u00e3o sobre o t\u00edtulo de 2008<\/a>. Os representantes de Felipe enviaram notas de preserva\u00e7\u00e3o para\u00a0<strong>Ferrari, Alpine [antiga Renault], o banco ING, Flavio Briatore, Pat Symonds e Steve Nielsen.<\/strong> <\/p>\n\n\n\n<p class=\"wp-block-paragraph\">As notas de preserva\u00e7\u00e3o servem para que os envolvidos na situa\u00e7\u00e3o tomem medidas para evitar a destrui\u00e7\u00e3o ou qualquer modifica\u00e7\u00e3o em documentos relacionados ao tema do potencial lit\u00edgio, do qual Massa move a\u00e7\u00e3o.<\/p>\n\n\n\n<p class=\"wp-block-paragraph\">O brasileiro ainda pressiona FIA (Federa\u00e7\u00e3o Internacional de Automobilismo) e FOM (Formula One Management) por respostas sobre o caso. Tamb\u00e9m por conta da a\u00e7\u00e3o, a F1 chegou a pedir a Massa para n\u00e3o visitar o paddock em Monza, h\u00e1 mais de uma semana, durante o GP da It\u00e1lia. <\/p>\n\n\n\n<h3 class=\"wp-block-heading\" id=\"h-entenda-o-caso\">Entenda o caso:<\/h3>\n\n\n\n<p class=\"wp-block-paragraph\">No in\u00edcio de mar\u00e7o, o ex-chef\u00e3o da F1,<strong>\u00a0Bernie Ecclestone<\/strong>, deu entrevista ao site alem\u00e3o\u00a0<a href=\"https:\/\/www.grandepremio.com\/formula-1\/\" target=\"_blank\" rel=\"noreferrer noopener\">F1\u00a0<\/a>Insider e revelou que j\u00e1 sabia do esc\u00e2ndalo Crashgate, em Singapura, ainda em 2008, mas que decidiu n\u00e3o expor a informa\u00e7\u00e3o, e que considera o brasileiro como o leg\u00edtimo campe\u00e3o mundial.<\/p>\n\n\n\n<p class=\"wp-block-paragraph\">Na ocasi\u00e3o, a&nbsp;<a href=\"https:\/\/www.grandepremio.com\/formula-1\/\" target=\"_blank\" rel=\"noreferrer noopener\">F1&nbsp;<\/a>viveu um esc\u00e2ndalo de manipula\u00e7\u00e3o de resultado no&nbsp;<strong>GP de Singapura<\/strong>. O brasileiro&nbsp;<strong><a href=\"https:\/\/www.grandepremio.com\/br\/piloto\/nelsinho-piquet\/\" target=\"_blank\" rel=\"noreferrer noopener\">Nelsinho Piquet<\/a><\/strong>&nbsp;bateu propositalmente com a&nbsp;<strong>Renault<\/strong>&nbsp;a fim de beneficiar o companheiro de equipe&nbsp;<strong><a href=\"https:\/\/es.grandepremio.com\/\" target=\"_blank\" rel=\"noreferrer noopener\">Fernando Alonso<\/a>,&nbsp;<\/strong>que venceu a corrida e n\u00e3o tinha rela\u00e7\u00e3o com a disputa de t\u00edtulo. Massa foi um dos grandes prejudicados, j\u00e1 que partiu da pole-position e liderava at\u00e9 o acidente de Nelsinho.<\/p>\n\n\n\n<p class=\"wp-block-paragraph\">Desde a declara\u00e7\u00e3o de Bernie, Felipe demonstrou o desejo de revisar o resultado do campeonato, inclusive avaliando uma poss\u00edvel a\u00e7\u00e3o na justi\u00e7a. Ao&nbsp;<strong>GRANDE PR\u00caMIO<\/strong>, em mar\u00e7o, o brasileiro falou sobre a decep\u00e7\u00e3o em ouvir o que foi dito pelo ex-mandat\u00e1rio da categoria.<\/p>\n\n\n\n<p class=\"wp-block-paragraph\">\u201cUma situa\u00e7\u00e3o inaceit\u00e1vel, que me deixou triste ao tomar conhecimento que o chef\u00e3o da&nbsp;<a href=\"https:\/\/www.grandepremio.com\/formula-1\/\" target=\"_blank\" rel=\"noreferrer noopener\">F\u00f3rmula 1<\/a>&nbsp;e o chef\u00e3o da FIA souberam em 2008 e se calaram. Isso \u00e9 muito grave e inadmiss\u00edvel para o esporte\u201d,&nbsp;<a href=\"https:\/\/www.grandepremio.com\/br\/f1\/noticias\/felipe-massa-reage-fala-bernie-ecclestone-estuda-acao-titulo-2008-quero-justica\/\">disse&nbsp;<\/a>Massa.<\/p>\n\n\n\n<p class=\"wp-block-paragraph\">O esc\u00e2ndalo do Crashgate foi revelado em 2009, pouco tempo depois de Piquet ser demitido na Renault. Tanto Flavio Briatore, chefe de equipe, quanto Pat Symonds, diretor de engenharia, foram banidos da\u00a0<a href=\"https:\/\/www.grandepremio.com\/formula-1\/\" target=\"_blank\" rel=\"noreferrer noopener\">F\u00f3rmula 1<\/a>, mas eventualmente reverteram a decis\u00e3o na corte francesa e concordaram em se afastar do Mundial. Nelsinho nunca mais correu na categoria.<\/p>\n\n\n\n<p class=\"wp-block-paragraph\">Na \u00e9poca, Felipe chegou a vocalizar pedidos para que o resultado do GP de Singapura fosse anulado, mas o estatuto da FIA tornou a op\u00e7\u00e3o imposs\u00edvel, j\u00e1 que segundo o C\u00f3digo Internacional Esportivo, a decis\u00e3o do campeonato n\u00e3o poderia ser alterada ap\u00f3s a cerim\u00f4nia de premia\u00e7\u00e3o do \u00f3rg\u00e3o.<\/p>\n\n\n\n<p class=\"wp-block-paragraph\">A investiga\u00e7\u00e3o da FIA tamb\u00e9m n\u00e3o apontou evid\u00eancias de que Alonso e a maior parte da equipe Renault sabiam do plano de batida proposital e auxiliassem na execu\u00e7\u00e3o. O \u00f3rg\u00e3o entendeu que seria injusto mudar o resultado.<\/p>\n","protected":false},"excerpt":{"rendered":"<p>Felipe Massa rebateu as declara\u00e7\u00f5es de Bernie Ecclestone, ex-chef\u00e3o da F1, que disse que o brasileiro n\u00e3o buscava o t\u00edtulo de 2008, mas o dinheiro de uma indeniza\u00e7\u00e3o. O piloto reafirmou que quer a ta\u00e7a e cutucou o dirigente que comandava a categoria na \u00e9poca do esc\u00e2ndalo do GP de Singapura de 15 anos atr\u00e1s<\/p>\n","protected":false},"author":0,"featured_media":1000666096,"comment_status":"closed","ping_status":"closed","sticky":false,"template":"","format":"standard","meta":{"42wp_featured_image_caption":"","42wp_featured_image_credits":"","42wp_featured_video":"","42wp_featured_image_hidden":false,"42wp_authors_list":[],"footnotes":""},"categories":[2],"tags":[27776,34186,27487,1883,32017,33847,5660,8235,33526,969,147,6533,642,11958,160,33890,25893,504,103,4838,30061,180,30722,1491,30103,28285,25766,87,1186],"42wp_author":[47115,47117],"class_list":["post-99274","post","type-post","status-publish","format-standard","has-post-thumbnail","hentry","category-f1","tag-assistir-f1-ao-vivo","tag-assistir-f1-gratis","tag-assistir-f1-online","tag-bandeirada","tag-calendario-f1-2023","tag-calendario-f1-2023-horarios","tag-classificacao","tag-classificacao-da-f1","tag-classificacao-f1-2023","tag-corrida","tag-f1","tag-f1-2023","tag-f1-ao-vivo","tag-f1-live","tag-f1-tv","tag-f1-tv-2023","tag-federacao-internacional-de-automobilismo","tag-felipe-massa","tag-fia","tag-fom","tag-fomula-1","tag-formula-1","tag-formula-1-2023","tag-grande-premio","tag-grande-premio-f1","tag-grandepremio","tag-justica","tag-lewis-hamilton","tag-nelsinho-piquet","42wp_author-evelyn-guimaraes","42wp_author-gabriel-curty"],"_links":{"self":[{"href":"https:\/\/grandepremio.com\/br\/wp-json\/wp\/v2\/posts\/99274","targetHints":{"allow":["GET"]}}],"collection":[{"href":"https:\/\/grandepremio.com\/br\/wp-json\/wp\/v2\/posts"}],"about":[{"href":"https:\/\/grandepremio.com\/br\/wp-json\/wp\/v2\/types\/post"}],"replies":[{"embeddable":true,"href":"https:\/\/grandepremio.com\/br\/wp-json\/wp\/v2\/comments?post=99274"}],"version-history":[{"count":0,"href":"https:\/\/grandepremio.com\/br\/wp-json\/wp\/v2\/posts\/99274\/revisions"}],"wp:featuredmedia":[{"embeddable":true,"href":"https:\/\/grandepremio.com\/br\/wp-json\/wp\/v2\/media\/1000666096"}],"wp:attachment":[{"href":"https:\/\/grandepremio.com\/br\/wp-json\/wp\/v2\/media?parent=99274"}],"wp:term":[{"taxonomy":"category","embeddable":true,"href":"https:\/\/grandepremio.com\/br\/wp-json\/wp\/v2\/categories?post=99274"},{"taxonomy":"post_tag","embeddable":true,"href":"https:\/\/grandepremio.com\/br\/wp-json\/wp\/v2\/tags?post=99274"},{"taxonomy":"42wp_author","embeddable":true,"href":"https:\/\/grandepremio.com\/br\/wp-json\/wp\/v2\/42wp_author?post=99274"}],"curies":[{"name":"wp","href":"https:\/\/api.w.org\/{rel}","templated":true}]}}