{"id":99290,"date":"2023-09-13T05:00:00","date_gmt":"2023-09-13T08:00:00","guid":{"rendered":"https:\/\/grandepremio.com\/br\/noticias\/evelyn-guimaraes-contra-volta-mick-schumacher-grid-deu-tinha-dar\/"},"modified":"2023-09-12T17:10:40","modified_gmt":"2023-09-12T20:10:40","slug":"evelyn-guimaraes-contra-volta-mick-schumacher-grid-deu-tinha-dar","status":"publish","type":"post","link":"https:\/\/grandepremio.com\/br\/f1\/evelyn-guimaraes-contra-volta-mick-schumacher-grid-deu-tinha-dar\/","title":{"rendered":"Evelyn Guimar\u00e3es \u00e9 contra volta de Schumacher ao grid: &#8220;J\u00e1 deu o que tinha de dar&#8221;"},"content":{"rendered":"\n<p class=\"wp-block-paragraph\">Evelyn Guimar\u00e3es \u00e9 contra um poss\u00edvel retorno de Mick Schumacher \u00e0 F1, que foi recentemente ligado \u00e0 Audi.<\/p>\n\n\n\n<p class=\"wp-block-paragraph\">Confira o trecho aqui:<\/p>\n\n\n\n<figure class=\"wp-block-embed is-type-rich is-provider-incorporar-manipulador wp-block-embed-incorporar-manipulador wp-embed-aspect-16-9 wp-has-aspect-ratio\"><div class=\"wp-block-embed__wrapper\">\nhttps:\/\/www.youtube.com\/watch?v=1KE0hFvE3Ek?t=4540\n<\/div><\/figure>\n","protected":false},"excerpt":{"rendered":"<p>Evelyn Guimar\u00e3es \u00e9 contra um poss\u00edvel retorno de Mick Schumacher \u00e0 F1<\/p>\n","protected":false},"author":0,"featured_media":1000708339,"comment_status":"closed","ping_status":"closed","sticky":false,"template":"","format":"standard","meta":{"42wp_featured_image_caption":"","42wp_featured_image_credits":"","42wp_featured_video":"","42wp_featured_image_hidden":false,"42wp_authors_list":[],"footnotes":""},"categories":[2],"tags":[29576,2154,147,6533,207,180,30722,1492,230,1397,1491,30103,28285,82,1537,27357,204,25978,486],"42wp_author":[47139],"class_list":["post-99290","post","type-post","status-publish","format-standard","has-post-thumbnail","hentry","category-f1","tag-analises","tag-evelyn-guimaraes","tag-f1","tag-f1-2023","tag-ferrari","tag-formula-1","tag-formula-1-2023","tag-gabriel-carvalho","tag-gabriel-curty","tag-gp-de-singapura","tag-grande-premio","tag-grande-premio-f1","tag-grandepremio","tag-mercedes","tag-paddock-gp","tag-programas-grande-premio","tag-red-bull","tag-temporada-2023","tag-victor-martins","42wp_author-ana-cerveira"],"_links":{"self":[{"href":"https:\/\/grandepremio.com\/br\/wp-json\/wp\/v2\/posts\/99290","targetHints":{"allow":["GET"]}}],"collection":[{"href":"https:\/\/grandepremio.com\/br\/wp-json\/wp\/v2\/posts"}],"about":[{"href":"https:\/\/grandepremio.com\/br\/wp-json\/wp\/v2\/types\/post"}],"replies":[{"embeddable":true,"href":"https:\/\/grandepremio.com\/br\/wp-json\/wp\/v2\/comments?post=99290"}],"version-history":[{"count":0,"href":"https:\/\/grandepremio.com\/br\/wp-json\/wp\/v2\/posts\/99290\/revisions"}],"wp:featuredmedia":[{"embeddable":true,"href":"https:\/\/grandepremio.com\/br\/wp-json\/wp\/v2\/media\/1000708339"}],"wp:attachment":[{"href":"https:\/\/grandepremio.com\/br\/wp-json\/wp\/v2\/media?parent=99290"}],"wp:term":[{"taxonomy":"category","embeddable":true,"href":"https:\/\/grandepremio.com\/br\/wp-json\/wp\/v2\/categories?post=99290"},{"taxonomy":"post_tag","embeddable":true,"href":"https:\/\/grandepremio.com\/br\/wp-json\/wp\/v2\/tags?post=99290"},{"taxonomy":"42wp_author","embeddable":true,"href":"https:\/\/grandepremio.com\/br\/wp-json\/wp\/v2\/42wp_author?post=99290"}],"curies":[{"name":"wp","href":"https:\/\/api.w.org\/{rel}","templated":true}]}}