{"id":99358,"date":"2023-09-10T11:34:19","date_gmt":"2023-09-10T14:34:19","guid":{"rendered":"https:\/\/grandepremio.com\/br\/noticias\/francisco-bagnaia-ve-3o-lugar-misano-como-vitoria-destaca-dificuldades-nunca-vou-me-render\/"},"modified":"2023-09-10T11:35:47","modified_gmt":"2023-09-10T14:35:47","slug":"francisco-bagnaia-ve-3o-lugar-misano-como-vitoria-destaca-dificuldades-nunca-vou-me-render","status":"publish","type":"post","link":"https:\/\/grandepremio.com\/br\/motogp\/francisco-bagnaia-ve-3o-lugar-misano-como-vitoria-destaca-dificuldades-nunca-vou-me-render\/","title":{"rendered":"Bagnaia v\u00ea 3\u00ba lugar em Misano &#8220;como vit\u00f3ria&#8221; e destaca dificuldades: &#8220;Nunca vou me render&#8221;"},"content":{"rendered":"\n<p class=\"wp-block-paragraph\">O <strong>GP de San Marino<\/strong> n\u00e3o foi dos mais f\u00e1ceis para <strong>Francesco Bagnaia<\/strong>, especialmente poucos dias depois de ser atropelado e sofrer uma pequena les\u00e3o na perna direita. Com dores, <a href=\"https:\/\/www.grandepremio.com\/br\/motogp\/noticias\/jorge-martin-comanda-san-marino-vence-motogp-francesco-bagnaia-resiste-dani-pedrosa-terceiro\/\" class=\"ek-link\">o l\u00edder do campeonato sofreu durante a prova<\/a> em <strong>Misano <\/strong>e ainda conseguiu um importante terceiro lugar <a href=\"https:\/\/www.grandepremio.com\/br\/motogp\/noticias\/jorge-martin-intensifica-cacada-contra-francesco-bagnaia-apos-vitoria-misano-confira-classificacao\/\" class=\"ek-link\">para manter a boa vantagem na tabela de pontos<\/a>.<\/p>\n\n\n\n<p class=\"wp-block-paragraph\">Apesar de perder 14 tentos para <strong>Jorge Mart\u00edn<\/strong> depois das duas corridas do final de semana, e ver a vantagem diminuir ainda mais, Pecco destacou a important\u00e2ncia de ter competido em Misano logo depois do grave acidente sofrido em <strong>Barcelona<\/strong>.<\/p>\n\n\n\n<p class=\"wp-block-paragraph\">&#8220;Nunca vou me render. O mais importante e que me ajuda a ir adiante \u00e9 n\u00e3o jogar a toalha. N\u00e3o foi um final de semana f\u00e1cil. Em todos os dias, desde domingo, trabalhamos muito a cada dia para que eu pudesse estar aqui&#8221;, pontuou.<\/p>\n\n\n\n<figure class=\"wp-block-image size-large\"><img decoding=\"async\" src=\"https:\/\/www.grandepremio.com\/br\/wp-content\/uploads\/2023\/09\/SI202309100325-1024x682.jpg\" alt=\"\" class=\"wp-image-728088\"\/><figcaption class=\"wp-element-caption\">Jorge Mart\u00edn, Francesco Bagnaia e Marco Bezzecchi brigaram no in\u00edcio da prova (Foto: Gold &amp; Goose\/ Red Bull Content Pool)<\/figcaption><\/figure>\n\n\n\n<p class=\"wp-block-paragraph\"><strong>\u25b6\ufe0f\u00a0Inscreva-se nos dois canais do GRANDE PR\u00caMIO no YouTube:\u00a0<a href=\"https:\/\/www.youtube.com\/channel\/UC9OlHEgxoaY6QY6nWPoiqQg?sub_confirmation=1\" target=\"_blank\" rel=\"noreferrer noopener\">GP<\/a>\u00a0|\u00a0<a href=\"https:\/\/www.youtube.com\/channel\/UC9csiS6q_C3C0FYhyr1rnFA?sub_confirmation=1\" target=\"_blank\" rel=\"noreferrer noopener\">GP2<\/a><\/strong><br><strong>\u25b6\ufe0f\u00a0<a href=\"https:\/\/www.twitch.tv\/grandepremio\" target=\"_blank\" rel=\"noreferrer noopener\">Conhe\u00e7a o canal do GRANDE PR\u00caMIO na Twitch clicando aqui!<\/a><\/strong><\/p>\n\n\n\n<p class=\"wp-block-paragraph\">&#8220;De 36 pontos que poderiam tirar no final de semana, s\u00f3 tiraram 14, ent\u00e3o fazer mais do que isso era imposs\u00edvel&#8221;, ressaltou o italiano.<\/p>\n\n\n\n<p class=\"wp-block-paragraph\">O piloto da <strong>Ducati <\/strong>ainda destacou que come\u00e7ou a corrida com ritmo forte para ultrapassar Mart\u00edn, mas que depois segurou o ritmo e que ainda evitou usar menos press\u00e3o nos pneus para n\u00e3o &#8220;gastar&#8221; uma advert\u00eancia permitida pelos comiss\u00e1rios.<\/p>\n\n\n\n<p class=\"wp-block-paragraph\">&#8220;Tentei ficar perto para ultrapassar, mas perdia muito em algumas curvas. Em uma situa\u00e7\u00e3o normal, eu poderia ter uma oportunidade a mais, mas nessas condi\u00e7\u00f5es a terceira posi\u00e7\u00e3o \u00e9 uma vit\u00f3ria para n\u00f3s&#8221;, disse Bagnaia.<\/p>\n\n\n\n<p class=\"wp-block-paragraph\">&#8220;Fez muito calor e n\u00e3o quer\u00edamos gastar o &#8216;coringa&#8217; que nos d\u00e3o [sobre a press\u00e3o dos pneus]. Quando faz tanto calor assim, e com essas freadas fortes, \u00e9 f\u00e1cil aumentar a press\u00e3o e a possibilidade de estar pr\u00f3ximo de quem estava \u00e0 frente disparava muito a press\u00e3o do pneu dianteiro. Se estiver em primeiro, \u00e9 melhor, mas quem est\u00e1 atr\u00e1s precisa ter muito mais ritmo para ultrapassar&#8221;, finalizou.<\/p>\n\n\n\n<p class=\"wp-block-paragraph\">A\u00a0<strong><a href=\"https:\/\/grandepremio.com\/motovelocidade\/\" target=\"_blank\" rel=\"noreferrer noopener\">MotoGP<\/a>\u00a0<\/strong>retoma as atividades no fim de semana do dia 24 de setembro, com o<strong>\u00a0GP\u00a0<\/strong>da<strong>\u00a0\u00cdndia<\/strong>, a ser disputado em\u00a0<strong><a href=\"https:\/\/www.grandepremio.com\/br\/circuito\/buddh\/\" target=\"_blank\" rel=\"noreferrer noopener\">Buddh<\/a><\/strong>. O\u00a0<strong>GRANDE PR\u00caMIO\u00a0<\/strong>faz a cobertura completa do evento, assim como das classes menores\u00a0<strong>Moto2<\/strong>\u00a0e\u00a0<strong>Moto3<\/strong>.<\/p>\n","protected":false},"excerpt":{"rendered":"<p>Francesco Bagnaia sofreu muito com dores dias depois de ser atropelado durante o GP da Catalunha. Mesmo assim, chegou no p\u00f3dio e exaltou a luta em Misano<\/p>\n","protected":false},"author":0,"featured_media":1000728008,"comment_status":"closed","ping_status":"closed","sticky":false,"template":"","format":"standard","meta":{"42wp_featured_image_caption":"","42wp_featured_image_credits":"","42wp_featured_video":"","42wp_featured_image_hidden":false,"42wp_authors_list":[],"footnotes":""},"categories":[8],"tags":[5214,131,2327,28285,17313,6732,3464,79,78,27538,33202,33200,33201,25819,29345,28766,33203,25667,26690,3562,36406],"42wp_author":[47135],"class_list":["post-99358","post","type-post","status-publish","format-standard","has-post-thumbnail","hentry","category-motogp","tag-classificacao-motogp","tag-ducati","tag-francesco-bagnaia","tag-grandepremio","tag-italia","tag-marco-simoncelli","tag-misano","tag-moto-gp","tag-motogp","tag-motogp-2023","tag-motogp-2023-calendario","tag-motogp-calendario-2023","tag-motogp-classificacao-2023","tag-motogp-hoje","tag-motogp-horario","tag-motogp-standings","tag-onde-assistir-motogp-2023","tag-pecco-bagnaia","tag-pilotos-motogp","tag-san-marino","tag-san-marino-e-riviera-de-rimini","42wp_author-pedro-luis-cuenca"],"_links":{"self":[{"href":"https:\/\/grandepremio.com\/br\/wp-json\/wp\/v2\/posts\/99358","targetHints":{"allow":["GET"]}}],"collection":[{"href":"https:\/\/grandepremio.com\/br\/wp-json\/wp\/v2\/posts"}],"about":[{"href":"https:\/\/grandepremio.com\/br\/wp-json\/wp\/v2\/types\/post"}],"replies":[{"embeddable":true,"href":"https:\/\/grandepremio.com\/br\/wp-json\/wp\/v2\/comments?post=99358"}],"version-history":[{"count":0,"href":"https:\/\/grandepremio.com\/br\/wp-json\/wp\/v2\/posts\/99358\/revisions"}],"wp:featuredmedia":[{"embeddable":true,"href":"https:\/\/grandepremio.com\/br\/wp-json\/wp\/v2\/media\/1000728008"}],"wp:attachment":[{"href":"https:\/\/grandepremio.com\/br\/wp-json\/wp\/v2\/media?parent=99358"}],"wp:term":[{"taxonomy":"category","embeddable":true,"href":"https:\/\/grandepremio.com\/br\/wp-json\/wp\/v2\/categories?post=99358"},{"taxonomy":"post_tag","embeddable":true,"href":"https:\/\/grandepremio.com\/br\/wp-json\/wp\/v2\/tags?post=99358"},{"taxonomy":"42wp_author","embeddable":true,"href":"https:\/\/grandepremio.com\/br\/wp-json\/wp\/v2\/42wp_author?post=99358"}],"curies":[{"name":"wp","href":"https:\/\/api.w.org\/{rel}","templated":true}]}}