{"id":99371,"date":"2023-09-10T06:44:27","date_gmt":"2023-09-10T09:44:27","guid":{"rendered":"https:\/\/grandepremio.com\/br\/noticias\/david-alonso-bate-jaume-masia-final-eletrizante-vence-san-marino-moto3\/"},"modified":"2023-09-10T08:35:03","modified_gmt":"2023-09-10T11:35:03","slug":"david-alonso-bate-jaume-masia-final-eletrizante-vence-san-marino-moto3","status":"publish","type":"post","link":"https:\/\/grandepremio.com\/br\/motogp\/david-alonso-bate-jaume-masia-final-eletrizante-vence-san-marino-moto3\/","title":{"rendered":"Alonso bate Masi\u00e0 por 0s03 em final eletrizante e vence em San Marino na Moto3"},"content":{"rendered":"\n<p class=\"wp-block-paragraph\"><strong>David Alonso<\/strong> \u00e9 o vencedor do GP de <strong>San Marino <\/strong>e <strong>Riviera de Rimini <\/strong>da <strong>Moto3<\/strong>! A prova foi imprevis\u00edvel e emocionante, como de costume. Isso porque o piloto colombiano superou <strong>Jaume Masi\u00e0 <\/strong>no final da \u00faltima volta da prova para vencer pela terceira vez em quatro corridas na temporada <strong>2023<\/strong>, ano de estreia na categoria.<\/p>\n\n\n\n<p class=\"wp-block-paragraph\">Pole da etapa em <strong>Misano<\/strong>, Masi\u00e0 flertou com a vit\u00f3ria, mas ficou em segundo. <strong>Deniz \u00d6nc\u00fc <\/strong>liderava na volta final quando sofreu ultrapassagem dupla de Alonso e Masi\u00e0 e completou o p\u00f3dio.<\/p>\n\n\n\n<figure class=\"wp-block-image size-large\"><img decoding=\"async\" src=\"https:\/\/www.grandepremio.com\/br\/wp-content\/uploads\/2023\/09\/Moto3-2023-San-Marino-Misano-Domingo-Aspar-David-Alonso3-1024x682.jpeg\" alt=\"\" class=\"wp-image-727980\"\/><figcaption class=\"wp-element-caption\">David Alonso conquistou a vit\u00f3ria no GP de San Marino (Foto: Aspar)<\/figcaption><\/figure>\n\n\n\n<p class=\"wp-block-paragraph\"><strong>\u25b6\ufe0f&nbsp;Inscreva-se nos dois canais do GRANDE PR\u00caMIO no YouTube:&nbsp;<a href=\"https:\/\/www.youtube.com\/channel\/UC9OlHEgxoaY6QY6nWPoiqQg?sub_confirmation=1\" target=\"_blank\" rel=\"noreferrer noopener\">GP<\/a>&nbsp;|&nbsp;<a href=\"https:\/\/www.youtube.com\/channel\/UC9csiS6q_C3C0FYhyr1rnFA?sub_confirmation=1\" target=\"_blank\" rel=\"noreferrer noopener\">GP2<\/a><\/strong><br><strong>\u25b6\ufe0f&nbsp;<a href=\"https:\/\/www.twitch.tv\/grandepremio\" target=\"_blank\" rel=\"noreferrer noopener\">Conhe\u00e7a o canal do GRANDE PR\u00caMIO na Twitch clicando aqui!<\/a><\/strong><\/p>\n\n\n\n<p class=\"wp-block-paragraph\"><strong>David Mu\u00f1oz<\/strong>, <strong>Collin Veijer<\/strong>, <strong>Kaito Toba<\/strong>, <strong>Ayumu Sasaki<\/strong>, <strong>Jos\u00e9 Antonio Rueda <\/strong>e <strong>Romano Fenati <\/strong>fecham o top-10. <strong>Diogo Moreira <\/strong>come\u00e7ou bem, esteve nas primeiras posi\u00e7\u00f5es por boa parte da prova, mas finalizou em 12\u00ba.<\/p>\n\n\n\n<p class=\"wp-block-paragraph\">L\u00edder do campeonato, <strong>Daniel Holgado <\/strong>n\u00e3o teve um bom domingo e terminou em 16\u00ba. Segue no comando do <strong>Mundial<\/strong>, mas agora s\u00f3 com quatro pontos de frente para Sasaki. Masi\u00e0 vem em terceiro, a s\u00f3 12 pontos do l\u00edder. \u00d6nc\u00fc completa um top-4 coberto por 17 tentos.<\/p>\n\n\n\n<p class=\"wp-block-paragraph\">A&nbsp;<strong><a href=\"https:\/\/grandepremio.com\/motovelocidade\/\" target=\"_blank\" rel=\"noreferrer noopener\">MotoGP<\/a>&nbsp;<\/strong>retoma as atividades no fim de semana do dia 24 de setembro, com o<strong>&nbsp;GP&nbsp;<\/strong>da<strong> \u00cdndia<\/strong>, a ser disputado em&nbsp;<strong>Buddh<\/strong>. O&nbsp;<strong>GRANDE PR\u00caMIO&nbsp;<\/strong>faz a cobertura completa do evento, assim como das classes menores&nbsp;<strong>Moto2<\/strong> e&nbsp;<strong>Moto3<\/strong>.<\/p>\n\n\n\n<h3 class=\"wp-block-heading\" id=\"h-saiba-como-foi-o-gp-de-san-marino-e-da-riviera-de-rimini-de-moto3\">Saiba como foi o GP de San Marino e da Riviera de Rimini de Moto3:<\/h3>\n\n\n\n<p class=\"wp-block-paragraph\">Assim como aconteceu ao longo de todo o fim de semana, a <strong>Moto3 <\/strong>encontrou um dia de sol e pista seca no circuito <strong>Marco Simoncelli<\/strong>. Quando os pilotos partiram para o grid, os term\u00f4metros mediam 28\u00b0C, com o asfalto chegando a 35\u00b0C. A umidade relativa do ar era de 39%, com ventos soprando a 8 km\/h no sentido leste.<\/p>\n\n\n\n<p class=\"wp-block-paragraph\">A escolha de pneus em San Marino foi uniforme. Todos os pilotos cal\u00e7aram a op\u00e7\u00e3o dianteira mais dura e a traseira macia.<\/p>\n\n\n\n<p class=\"wp-block-paragraph\">No apagar das luzes para as 20 voltas em Misano, o pole-position Jaume Masi\u00e0 saiu bem, mas logo foi pressionado por <strong>Ayumu Sasaki<\/strong>, que mergulhou primeiro na curva 1. <strong>Kaito Toba <\/strong>vinha em terceiro, diante de <strong>Diogo Moreira<\/strong>, <strong>David Alonso <\/strong>e <strong>Dani Holgado<\/strong>.<\/p>\n\n\n\n<figure class=\"wp-block-video\"><video class=\"video-js vjs-big-play-centered\" data-gp-vjs=\"1\" controls src=\"https:\/\/www.grandepremio.com\/br\/wp-content\/uploads\/2023\/09\/MotoGP-1700797351613308981-20230910_060422-vid1.mp4\"><\/video><figcaption class=\"wp-element-caption\">Largada da Moto3 (V\u00eddeo: MotoGP)<\/figcaption><\/figure>\n\n\n\n<p class=\"wp-block-paragraph\">Toba n\u00e3o esperou muito e avan\u00e7ou para segundo, mas logo levou o troco de Sasaki. Moreira seguiu a tocada e passou Kaito para ser terceiro. Alonso tamb\u00e9m passou e subiu para quarto.<\/p>\n\n\n\n<p class=\"wp-block-paragraph\">Firme desde os primeiros metros, Masi\u00e0 foi abrindo vantagem. Na segunda volta, o espanhol j\u00e1 vinha com 0s4 de margem para Sasaki, que foi ultrapassado por Moreira. O brasileiro, por\u00e9m, ficou apenas alguns metros na segunda coloca\u00e7\u00e3o, j\u00e1 que Ayumu deu o troco.<\/p>\n\n\n\n<p class=\"wp-block-paragraph\">O #10 n\u00e3o deixou barato e, depois de ter um ataque defendido, tentou de novo e tomou a segunda coloca\u00e7\u00e3o, j\u00e1 0s9 atr\u00e1s de Masi\u00e0, que seguia disparado na ponta. Mais atr\u00e1s, Deniz \u00d6nc\u00fc vinha crescendo e passou Sasaki para ocupar a terceira coloca\u00e7\u00e3o.<\/p>\n\n\n\n<p class=\"wp-block-paragraph\">Na volta tr\u00eas, \u00d6nc\u00fc grudou em Diogo e passou, assumindo a segunda coloca\u00e7\u00e3o. Sasaki era quarto, diante de Alonso, Toba, David Mu\u00f1oz e <strong>Joel Kelso<\/strong>.<\/p>\n\n\n\n<p class=\"wp-block-paragraph\">Rodando em um ritmo muito forte, Masi\u00e0 seguiu descolando do pelot\u00e3o. Na volta 4, o espanhol j\u00e1 tinha mais de 1s de margem, mas \u00d6nc\u00fc vinha for\u00e7ando o ritmo para baixar a diferen\u00e7a. Moreira ia acompanhando o passo do turco, descolando ligeiramente do grupo.<\/p>\n\n\n\n<p class=\"wp-block-paragraph\">Na volta 4, ali\u00e1s, Moreira registrou a melhor marca at\u00e9 ent\u00e3o: 1min41s833. Colado em \u00d6nc\u00fc, o brasileiro fez uma primeira tentativa, mas foi contido pelo titular da <strong>Red Bull KTM Ajo<\/strong>. Apesar da disputa, os dois vinham chegando mais perto de Masi\u00e0, que agora estava s\u00f3 a 0s5.<\/p>\n\n\n\n<p class=\"wp-block-paragraph\">Na ca\u00e7ada, \u00d6nc\u00fc fez 1min41s565 e registrou um novo recorde de volta para o GP de San Marino e da Riviera de Rimini de Moto3.<\/p>\n\n\n\n<p class=\"wp-block-paragraph\">Na volta 6. \u00d6nc\u00fc j\u00e1 vinha colado em Masi\u00e0, com Moreira vindo junto nessa briga pela vit\u00f3ria em Misano.<\/p>\n\n\n\n<p class=\"wp-block-paragraph\">Na passagem seguinte, Moreira tentou um ataque, mas, mais uma vez, foi segurado por \u00d6nc\u00fc. O pelot\u00e3o de tr\u00e1s, por\u00e9m, vinha chegando, com Sasaki mais e mais pr\u00f3ximo do brasileiro da <strong>MSi<\/strong>.<\/p>\n\n\n\n<p class=\"wp-block-paragraph\">A abertura da volta 8, \u00d6nc\u00fc deu uma vacilada e saiu da linha na curva 8, ent\u00e3o Moreira aproveitou para pular para segundo. O #10 logo tentou um ataque para cima de Masi\u00e0, mas o espanhol sustentou a ponta.<\/p>\n\n\n\n<p class=\"wp-block-paragraph\">Com 12 voltas para o fim, \u00d6nc\u00fc conseguiu passar Moreira para assumir o segundo posto. Na sequ\u00eancia, foi Mu\u00f1oz quem passou Diogo, que desceu para quarto, com Alonso grudado atr\u00e1s.<\/p>\n\n\n\n<p class=\"wp-block-paragraph\">O colombiano passou o brasileiro em seguida. Neste ponto da corrida, o primeiro pelot\u00e3o era formado por nove pilotos. L\u00edder do campeonato, Dani Holgado era s\u00f3 d\u00e9cimo.<\/p>\n\n\n\n<p class=\"wp-block-paragraph\">Moreira passou Alonso, mas levou o troco pouco depois. Logo em seguida, Mu\u00f1oz se atirou para cima de \u00d6nc\u00fc, mas seguiu em terceiro.<\/p>\n\n\n\n<p class=\"wp-block-paragraph\">Na passagem pela reta, Sasaki usou o v\u00e1cuo e passou Moreira, mas o troco veio logo adiante. Toba cresceu na sequ\u00eancia e tomou o sexto posto de Ayumu.<\/p>\n\n\n\n<p class=\"wp-block-paragraph\">Com dez voltas para o fim, \u00d6nc\u00fc fez um ataque para cima de Masi\u00e0, que segurou. Pouco depois, Deniz tomou a ponta com Mu\u00f1oz for\u00e7ando para subir para segundo. Jaume ainda perdeu a posi\u00e7\u00e3o para Alonso, mas conseguiu um troco imediato.<\/p>\n\n\n\n<p class=\"wp-block-paragraph\">Rodando na ponta, \u00d6nc\u00fc imprimiu um ritmo s\u00f3lido e chegou a se afastar 0s3 de Mu\u00f1oz, mas o piloto da <strong>BOE <\/strong>logo cortou. Masi\u00e0, por\u00e9m, surgiu logo depois para tomar o segundo lugar.<\/p>\n\n\n\n<p class=\"wp-block-paragraph\">Faltando s\u00f3 8 voltas, Alonso e Moreira vinham sofrendo para acompanhar o passo dos ponteiro, abrindo um pouco mais de margem. David respondeu r\u00e1pido e se aproximou mais do grupo, mas abrindo 0s5 de diferen\u00e7a para Diogo.<\/p>\n\n\n\n<p class=\"wp-block-paragraph\">Sem conseguiu avan\u00e7ar, Moreira caiu para a s\u00e9tima coloca\u00e7\u00e3o e vinha pressionado por Colin Veijer, que n\u00e3o demorou a passar.<\/p>\n\n\n\n<figure class=\"wp-block-video\"><video class=\"video-js vjs-big-play-centered\" data-gp-vjs=\"1\" controls src=\"https:\/\/www.grandepremio.com\/br\/wp-content\/uploads\/2023\/09\/MotoGP-1700805530317439363-20230910_063652-vid1.mp4\"><\/video><figcaption class=\"wp-element-caption\">Press\u00e3o pela lideran\u00e7a \u00e9 grande (V\u00eddeo: MotoGP)<\/figcaption><\/figure>\n\n\n\n<p class=\"wp-block-paragraph\">Na ponta, \u00d6nc\u00fc era pressionado por Masi\u00e0, mas tinha de ser cauteloso, j\u00e1 que tinha uma advert\u00eancia por desrespeitar os limites de pista. Alonso, Mu\u00f1oz, Toba, Sasaki, Veijer, Rueda e Moreira formavam o top-9. Holgado era s\u00f3 13\u00ba.<\/p>\n\n\n\n<p class=\"wp-block-paragraph\">Mu\u00f1oz, ent\u00e3o, passou Masi\u00e0 e come\u00e7ou a pressionar \u00d6nc\u00fc. Atr\u00e1s, Moreira passou Rueda e subiu para oitavo. Jos\u00e9 Antonio deu o troco e ainda passou Sasaki para ser s\u00e9timo.<\/p>\n\n\n\n<p class=\"wp-block-paragraph\">Masi\u00e0 conseguiu passar Mu\u00f1oz e voltou ao segundo lugar para tentar tomar a lideran\u00e7a de \u00d6nc\u00fc. O primeiro pelot\u00e3o tinha quatro pilotos com quatro voltas para o fim.<\/p>\n\n\n\n<p class=\"wp-block-paragraph\">Com tr\u00eas voltas para o fim, Mu\u00f1oz deu uma bela balan\u00e7ada e acabou perdendo o terceiro lugar para Alonso. Atr\u00e1s, Romano Fenati passou Moreira, que desceu para 11\u00ba, mas deu o troco imediato.<\/p>\n\n\n\n<p class=\"wp-block-paragraph\">Com duas voltas para o fim, a disputa na ponta ficou quente. Masi\u00e0 chegou a pista na ponta, mas \u00d6nc\u00fc respondeu de cara e ficou na lideran\u00e7a. Alonso tamb\u00e9m tentou aparecer, inclusive com a melhor volta da corrida &#8211; 1mn41s297 -, mas seguiu em terceiro.<\/p>\n\n\n\n<figure class=\"wp-block-video\"><video class=\"video-js vjs-big-play-centered\" data-gp-vjs=\"1\" controls src=\"https:\/\/www.grandepremio.com\/br\/wp-content\/uploads\/2023\/09\/MotoGP-1700808097126662573-20230910_064704-vid1.mp4\"><\/video><figcaption class=\"wp-element-caption\">Alonso conquistou a terceira vit\u00f3ria (V\u00eddeo: MotoGP)<\/figcaption><\/figure>\n\n\n\n<p class=\"wp-block-paragraph\">Na volta final, Alonso passou Masi\u00e0 e assumiu o segundo posto. Logo de cara, o colombiano atacou \u00d6nc\u00fc, que defendeu. Jaume partiu para um golpe duplo, mas foi David quem apareceu no comando.<\/p>\n\n\n\n<p class=\"wp-block-paragraph\">O piloto da Col\u00f4mbia, ent\u00e3o, foi impec\u00e1vel nos metros finais e assegurou a vit\u00f3ria com s\u00f3 0s036 de margem para Masi\u00e0. \u00d6nc\u00fc ficou em terceiro.<\/p>\n\n\n\n<h3 class=\"wp-block-heading\">Moto3 2023, GP de San Marino e Riviera de Rimini, Misano, Corrida:<\/h3>\n\n\n\n<figure class=\"wp-block-table\"><table><tbody><tr><td>1<\/td><td>D ALONSO<\/td><td>Aspar GasGas<\/td><td>&nbsp;<\/td><td>22&nbsp; voltas<\/td><\/tr><tr><td>2<\/td><td>J MASI\u00c0<\/td><td>Leopard Honda<\/td><td>+0.036<\/td><td>&nbsp;<\/td><\/tr><tr><td>3<\/td><td>D \u00d6NC\u00dc<\/td><td>Red Bull KTM Ajo<\/td><td>+0.237<\/td><td>&nbsp;<\/td><\/tr><tr><td>4<\/td><td>D MU\u00d1OZ&nbsp;<\/td><td>BOE KTM<\/td><td>+0.764<\/td><td>&nbsp;<\/td><\/tr><tr><td>5<\/td><td>C VEIJER<\/td><td>IntactGP Husqvarna<\/td><td>+4.800<\/td><td>&nbsp;<\/td><\/tr><tr><td>6<\/td><td>K TOBA<\/td><td>Sic58 Honda<\/td><td>+7.782<\/td><td>&nbsp;<\/td><\/tr><tr><td>7<\/td><td>A SASAKI&nbsp;<\/td><td>IntactGP Husqvarna<\/td><td>+7.862<\/td><td>&nbsp;<\/td><\/tr><tr><td>8<\/td><td>I ORTOL\u00c1<\/td><td>MTA KTM<\/td><td>+8.072<\/td><td>&nbsp;<\/td><\/tr><tr><td>9<\/td><td>J RUEDA<\/td><td>Red Bull KTM Ajo<\/td><td>+8.167<\/td><td>&nbsp;<\/td><\/tr><tr><td>10<\/td><td>R FENATI<\/td><td>Snipers Honda<\/td><td>+8.353<\/td><td>&nbsp;<\/td><\/tr><tr><td>11<\/td><td>T FURUSATO<\/td><td>Team Asia Honda<\/td><td>+8.402<\/td><td>&nbsp;<\/td><\/tr><tr><td>12<\/td><td>D MOREIRA<\/td><td>MSI KTM<\/td><td>+9.075<\/td><td>&nbsp;<\/td><\/tr><tr><td>13<\/td><td>S NEPA<\/td><td>MTA KTM<\/td><td>+9.107<\/td><td>&nbsp;<\/td><\/tr><tr><td>14<\/td><td>R YAMANAKA<\/td><td>Aspar GasGas<\/td><td>+10.846<\/td><td>&nbsp;<\/td><\/tr><tr><td>15<\/td><td>T SUZUKI<\/td><td>Leopard Honda<\/td><td>+11.352<\/td><td>&nbsp;<\/td><\/tr><tr><td>16<\/td><td>D HOLGADO<\/td><td>Red Bull KTM Tech3<\/td><td>+11.441<\/td><td>&nbsp;<\/td><\/tr><tr><td>17<\/td><td>X ARTIGAS<\/td><td>Pr\u00fcstelGP CFMoto<\/td><td>+17.232<\/td><td>&nbsp;<\/td><\/tr><tr><td>18<\/td><td>R ROSSI<\/td><td>Sic58 Honda<\/td><td>+17.356<\/td><td>&nbsp;<\/td><\/tr><tr><td>19<\/td><td>J KELSO<\/td><td>Pr\u00fcstelGP CFMoto<\/td><td>+17.584<\/td><td>&nbsp;<\/td><\/tr><tr><td>20<\/td><td>M BERTELLE<\/td><td>Snipers Honda<\/td><td>+17.616<\/td><td>&nbsp;<\/td><\/tr><tr><td>21<\/td><td>F FARIOLI<\/td><td>Red Bull KTM Tech3<\/td><td>+20.479<\/td><td>&nbsp;<\/td><\/tr><tr><td>22<\/td><td>J WHATLEY<\/td><td>VisionTrack Honda<\/td><td>+25.834<\/td><td>&nbsp;<\/td><\/tr><tr><td>22<\/td><td>L FELLON<\/td><td>CIP KTM<\/td><td>+25.866<\/td><td>&nbsp;<\/td><\/tr><tr><td>23<\/td><td>S OGDEN<\/td><td>VisionTrack Honda<\/td><td>+27.097<\/td><td>&nbsp;<\/td><\/tr><tr><td>25<\/td><td>S AZMAN<\/td><td>MSI KTM<\/td><td>+37.132<\/td><td>&nbsp;<\/td><\/tr><tr><td>26<\/td><td>M AJI<\/td><td>Team Asia Honda<\/td><td>+37.589<\/td><td>&nbsp;<\/td><\/tr><tr><td>27<\/td><td>A CARRASCO<\/td><td>BOE KTM<\/td><td>+48.240<\/td><td>&nbsp;<\/td><\/tr><tr><td>28<\/td><td>D SALVADOR<\/td><td>CIP KTM<\/td><td>Abandonou<\/td><td>&nbsp;<\/td><\/tr><\/tbody><\/table><\/figure>\n\n\n\n<figure class=\"wp-block-embed is-type-video is-provider-youtube wp-block-embed-youtube wp-embed-aspect-16-9 wp-has-aspect-ratio\"><div class=\"wp-block-embed__wrapper\">\n<iframe loading=\"lazy\" title=\"Surpresas e Sustos na Catalunha: O GP Imperd\u00edvel da MotoGP | GP \u00e0s 10\" width=\"500\" height=\"281\" src=\"https:\/\/www.youtube.com\/embed\/QCaFNU9xTAU?feature=oembed\" frameborder=\"0\" allow=\"accelerometer; autoplay; clipboard-write; encrypted-media; gyroscope; picture-in-picture; web-share\" referrerpolicy=\"strict-origin-when-cross-origin\" allowfullscreen><\/iframe>\n<\/div><figcaption class=\"wp-element-caption\">Catalunha re\u00fane pior e melhor da MotoGP em um \u00fanico GP<\/figcaption><\/figure>\n","protected":false},"excerpt":{"rendered":"<p>David Alonso cresceu na corrida e deu um belo bote nos metros finais para superar Jaume Masi\u00e0 por 0s03 e ficar com a vit\u00f3ria. Deniz \u00d6nc\u00fc completa o p\u00f3dio<\/p>\n","protected":false},"author":0,"featured_media":1000727978,"comment_status":"closed","ping_status":"closed","sticky":false,"template":"","format":"standard","meta":{"42wp_featured_image_caption":"","42wp_featured_image_credits":"","42wp_featured_video":"","42wp_featured_image_hidden":false,"42wp_authors_list":[],"footnotes":""},"categories":[8],"tags":[5214,35986,26718,28285,17313,2273,6732,3464,79,1809,78,27538,33202,33200,33201,25819,29345,28766,33203,26690,3562,36406],"42wp_author":[47139,47113],"class_list":["post-99371","post","type-post","status-publish","format-standard","has-post-thumbnail","hentry","category-motogp","tag-classificacao-motogp","tag-david-alonso","tag-diogo-moreira","tag-grandepremio","tag-italia","tag-jaume-masia","tag-marco-simoncelli","tag-misano","tag-moto-gp","tag-moto3","tag-motogp","tag-motogp-2023","tag-motogp-2023-calendario","tag-motogp-calendario-2023","tag-motogp-classificacao-2023","tag-motogp-hoje","tag-motogp-horario","tag-motogp-standings","tag-onde-assistir-motogp-2023","tag-pilotos-motogp","tag-san-marino","tag-san-marino-e-riviera-de-rimini","42wp_author-ana-cerveira","42wp_author-juliana-tesser"],"_links":{"self":[{"href":"https:\/\/grandepremio.com\/br\/wp-json\/wp\/v2\/posts\/99371","targetHints":{"allow":["GET"]}}],"collection":[{"href":"https:\/\/grandepremio.com\/br\/wp-json\/wp\/v2\/posts"}],"about":[{"href":"https:\/\/grandepremio.com\/br\/wp-json\/wp\/v2\/types\/post"}],"replies":[{"embeddable":true,"href":"https:\/\/grandepremio.com\/br\/wp-json\/wp\/v2\/comments?post=99371"}],"version-history":[{"count":0,"href":"https:\/\/grandepremio.com\/br\/wp-json\/wp\/v2\/posts\/99371\/revisions"}],"wp:featuredmedia":[{"embeddable":true,"href":"https:\/\/grandepremio.com\/br\/wp-json\/wp\/v2\/media\/1000727978"}],"wp:attachment":[{"href":"https:\/\/grandepremio.com\/br\/wp-json\/wp\/v2\/media?parent=99371"}],"wp:term":[{"taxonomy":"category","embeddable":true,"href":"https:\/\/grandepremio.com\/br\/wp-json\/wp\/v2\/categories?post=99371"},{"taxonomy":"post_tag","embeddable":true,"href":"https:\/\/grandepremio.com\/br\/wp-json\/wp\/v2\/tags?post=99371"},{"taxonomy":"42wp_author","embeddable":true,"href":"https:\/\/grandepremio.com\/br\/wp-json\/wp\/v2\/42wp_author?post=99371"}],"curies":[{"name":"wp","href":"https:\/\/api.w.org\/{rel}","templated":true}]}}