{"id":99378,"date":"2023-09-09T19:28:20","date_gmt":"2023-09-09T22:28:20","guid":{"rendered":"https:\/\/grandepremio.com\/br\/noticias\/felix-rosenqvist-surpreende-despedida-mclaren-crava-pole-gp-laguna-seca\/"},"modified":"2023-09-09T20:18:05","modified_gmt":"2023-09-09T23:18:05","slug":"felix-rosenqvist-surpreende-despedida-mclaren-crava-pole-gp-laguna-seca","status":"publish","type":"post","link":"https:\/\/grandepremio.com\/br\/indy\/felix-rosenqvist-surpreende-despedida-mclaren-crava-pole-gp-laguna-seca\/","title":{"rendered":"Rosenqvist surpreende na despedida da McLaren e crava pole do GP de Laguna Seca"},"content":{"rendered":"\n<p class=\"wp-block-paragraph\"><strong>Felix Rosenqvist <\/strong>\u00e9 o pole-position do <strong>GP de Laguna Seca <\/strong>da <strong>Indy<\/strong>. Na corrida em que se despede da <strong>McLaren<\/strong>, o piloto sueco anotou o tempo de 1min06s641 para surpreender a concorr\u00eancia e garantir a posi\u00e7\u00e3o de honra em Monterey, na Calif\u00f3rnia. \u00c9 a segunda pole-position do piloto na temporada, a outra veio no Texas. Rosenqvist <a href=\"https:\/\/www.grandepremio.com\/br\/indy\/noticias\/meyer-shank-anuncia-felix-rosenqvist-ao-lado-tom-blomqvist-2024-simon-pagenaud-afasta-indy\/\" class=\"ek-link\">est\u00e1 de malas prontas para <\/a>a <strong>Meyer Shank<\/strong>.<\/p>\n\n\n\n<p class=\"wp-block-paragraph\">Quem mais amea\u00e7ou a pole-position de Rosenqvist foi <strong>Scott McLaughlin<\/strong>, da <strong>Penske<\/strong>. O neozeland\u00eas anotou o tempo de 1min06s651, apenas 0s010 mais lento que o do sueco. O dinamarqu\u00eas <strong>Christian Lundgaard <\/strong>se colocou na segunda fila com 1min06s747, enquanto <strong>Josef Newgarden<\/strong> ficou no quarto lugar.<\/p>\n\n\n\n<p class=\"wp-block-paragraph\">Vice-campe\u00e3o e campe\u00e3o da temporada 2023 da Indy, <strong>Scott Dixon <\/strong>e <strong>\u00c1lex Palou <\/strong>formam a terceira fila em Laguna Seca, com o neozeland\u00eas \u00e0 frente.<\/p>\n\n\n\n<p class=\"wp-block-paragraph\"><strong>Rinus VeeKay<\/strong>, da <strong>Carpenter<\/strong>, largar\u00e1 da s\u00e9tima posi\u00e7\u00e3o, lado a lado com <strong>Will Power<\/strong>, que parte de oitavo. <strong>Romain Grosjean<\/strong>, em sua despedida da <strong>Andretti<\/strong>, forma a quinta fila junto do mexicano <strong>Pato O&#8217;Ward<\/strong>, da McLaren.<\/p>\n\n\n\n<p class=\"wp-block-paragraph\">Vencedor das edi\u00e7\u00f5es de 2019 e 2021, <strong>Colton Herta <\/strong>at\u00e9 liderou o treino livre 1 com a <strong>Andretti<\/strong>, mas foi surpreendido por uma elimina\u00e7\u00e3o precoce, ainda no primeiro segmento, ficando de fora do Fast 12 e largando apenas do 14\u00ba lugar.<\/p>\n\n\n\n<p class=\"wp-block-paragraph\">Na despedida do posto de piloto &#8216;full-time&#8217; na Indy, <strong>Helio Castroneves<\/strong><a href=\"https:\/\/www.grandepremio.com\/br\/video\/indy\/helio-castroneves-erra-para-caixa-de-brita-eliminado-classificacao-laguna-seca\/\" class=\"ek-link\"> largar\u00e1 na 27\u00aa e \u00faltima posi\u00e7\u00e3o <\/a>com a <strong>Meyer Shank<\/strong>. O piloto brasileiro acabou rodando na volta de classifica\u00e7\u00e3o no primeiro segmento e acabou eliminado, sem sequer marcar tempo.<\/p>\n\n\n\n<p class=\"wp-block-paragraph\">O GP de Laguna Seca tem largada marcada para 15h30 (de Bras\u00edlia, GMT-3) deste domingo, com cobertura completa do <strong>GRANDE PR\u00caMIO<\/strong>.<\/p>\n\n\n\n<p class=\"wp-block-paragraph\"><strong>Saiba como foi a classifica\u00e7\u00e3o do GP de Laguna Seca:<\/strong><\/p>\n\n\n\n<figure class=\"wp-block-image size-large\"><img decoding=\"async\" src=\"https:\/\/www.grandepremio.com\/br\/wp-content\/uploads\/2023\/09\/Firestone-Grand-Prix-of-Monterey-Friday_-September-8_-2023_Ref-Image-Without-Watermark_m93115-1024x683.jpg\" alt=\"\" class=\"wp-image-727692\"\/><figcaption class=\"wp-element-caption\">Felix Rosenqvist (Foto: IndyCar)<\/figcaption><\/figure>\n\n\n\n<p class=\"wp-block-paragraph\"><strong>\u25b6\ufe0f\u00a0Inscreva-se nos dois canais do GRANDE PR\u00caMIO no YouTube:\u00a0<a href=\"https:\/\/www.youtube.com\/channel\/UC9OlHEgxoaY6QY6nWPoiqQg?sub_confirmation=1\" target=\"_blank\" rel=\"noreferrer noopener\">GP<\/a>\u00a0|\u00a0<a href=\"https:\/\/www.youtube.com\/channel\/UC9csiS6q_C3C0FYhyr1rnFA?sub_confirmation=1\" target=\"_blank\" rel=\"noreferrer noopener\">GP2<\/a><\/strong><br><strong>\u25b6\ufe0f\u00a0<a href=\"https:\/\/www.twitch.tv\/grandepremio\" target=\"_blank\" rel=\"noreferrer noopener\">Conhe\u00e7a o canal do GRANDE PR\u00caMIO na Twitch clicando aqui!<\/a><\/strong><\/p>\n\n\n\n<h3 class=\"wp-block-heading\" id=\"h-q1-castroneves-roda-herta-e-eliminado\"><strong>Q1:<\/strong> Castroneves roda, Herta \u00e9 eliminado<\/h3>\n\n\n\n<p class=\"wp-block-paragraph\"><strong>Grupo 1<\/strong>: <strong>Rinus VeeKay, Alexander Rossi, Colton Herta, Scott Dixon, Marcus Ericsson, J\u00fcri Vips, Romain Grosjean, Felix Rosenqvist, Santino Ferrucci, Tom Blomqvist, Ryan Hunter-Reay, Benjamin Pederson e Agust\u00edn Canapino<\/strong><\/p>\n\n\n\n<p class=\"wp-block-paragraph\">A bandeira verde foi acionada a partir das 18h04 (de Bras\u00edlia, GMT-3). De cara, Hunter-Reay, Blomqvist e Pedersen entraram de pneus macios. Na primeira metade do grupo, o tempo mais r\u00e1pido ficou nas m\u00e3os de Felix Rosenqvist, com 1min07s650. Dixon, Vips, Rossi, Grosjean e Herta eram os que avan\u00e7avam.<\/p>\n\n\n\n<p class=\"wp-block-paragraph\">Todos os pilotos tiraram os pneus duros e partiram para os macios. Uma bandeira vermelha aconteceu com menos de 90 segundos para o fim do grupo. Hunter-Reay rodou na reta principal. Naquele est\u00e1gio, Vips, Rosenqvist, Grosjean, Dixon, Rossi e Herta.<\/p>\n\n\n\n<p class=\"wp-block-paragraph\">Com bandeira verde, cada piloto teve tempo de dar mais uma volta cronometrada. Dixon cravou o tempo mais r\u00e1pido com 1min07s000. Grosjean, Vips, Ferrucci, Rosenqvist e VeeKay avan\u00e7aram, deixando Herta, Rossi e Ericsson de fora.<\/p>\n\n\n\n<p class=\"wp-block-paragraph\"><strong>Grupo 2<\/strong>: <strong>Christian Lundgaard, \u00c1lex Palou, Kyle Kirkwood, Graham Rahal, Scott McLaughlin, Will Power, Marcus Armstrong, Callum Ilott, Devlin DeFrancesco, David Malukas, Josef Newgarden, Helio Castroneves, Sting Ray Robb e Pato O&#8217;Ward<\/strong><\/p>\n\n\n\n<p class=\"wp-block-paragraph\">A bandeira verde para o grupo 2 veio \u00e0s 18:26. De cara, Castroneves e Robb foram os primeiros a experimentar os pneus macios. Uma bandeira vermelha surgiu com 7min24s para o fim do grupo. O respons\u00e1vel foi Helio, que ficou na brita da curva 4 e acabou eliminado. Naquele est\u00e1gio, Palou, O&#8217;Ward, Rahal, Robb, Ilott e Newgarden eram os que avan\u00e7avam, e assim ficou at\u00e9 a metade do grupo.<\/p>\n\n\n\n<figure class=\"wp-block-video\"><video class=\"video-js vjs-big-play-centered\" data-gp-vjs=\"1\" controls src=\"https:\/\/www.grandepremio.com\/br\/wp-content\/uploads\/2023\/09\/Castroneves_Laguna_Seca.mp4\"><\/video><figcaption class=\"wp-element-caption\">Helio Castroneves errou, ficou preso na caixa de brita e foi eliminado na prmeira rodada em Laguna Seca (V\u00eddeo: IndyCar)<\/figcaption><\/figure>\n\n\n\n<p class=\"wp-block-paragraph\">Na hora de todos os pilotos de pneus macios, a volta mais r\u00e1pida ficou nas m\u00e3os de Pato O&#8217;Ward, com 1min06s845. McLaughlin, Lundgaard, Newgarden, Palou e Power tamb\u00e9m garantiram a classifica\u00e7\u00e3o.<\/p>\n\n\n\n<h3 class=\"wp-block-heading\" id=\"h-fast-12-lundgaard-surpreende-com-melhor-tem\">Fast 12: Lundgaard surpreende com melhor tem<\/h3>\n\n\n\n<p class=\"wp-block-paragraph\">Ap\u00f3s uma pequena investiga\u00e7\u00e3o sobre Will Power, que nenhuma a\u00e7\u00e3o foi tomada, o Fast 12 teve in\u00edcio \u00e0s 18h53. Ningu\u00e9m se arriscou de pneus duros nos primeiros cinco minutos. Quem apareceu na ponta foi Christian Lundgaard, com 1min07s278, seguido por Newgarden, Palou, O&#8217;Ward, McLaughlin e Grosjean.<\/p>\n\n\n\n<p class=\"wp-block-paragraph\">Com todos de pneus macios, Lundgaard melhorou a pr\u00f3pria marca e cravou um impressionante 1min06s461. McLaughlin, Palou, Rosenqvist, Dixon e Newgarden avan\u00e7aram para a disputa da pole-position.<\/p>\n\n\n\n<h3 class=\"wp-block-heading\" id=\"h-fast-6-rosenqvist-surpreende-e-sai-com-pole\">Fast 6: Rosenqvist surpreende e sai com pole<\/h3>\n\n\n\n<p class=\"wp-block-paragraph\">Apenas Dixon resolveu ir de pneus duros, e surpreendeu com o tempo de 1min07s017. Por\u00e9m, Newgarden bateu o neozeland\u00eas ao cravar 1min06s793. Quando tudo parecia encaminhado para o americano sair na pole, Felix Rosenqvist surpreendeu com 1min06s641. Lundgaard tratou de tirar o bicampe\u00e3o da primeira fila com 1min06s747. Scott McLaughlin fez 1min06s651, ficando com o segundo.<\/p>\n\n\n\n<h3 class=\"wp-block-heading\" id=\"h-indy-2023-gp-de-laguna-seca-classificacao\">Indy 2023, GP de Laguna Seca, Classifica\u00e7\u00e3o:<\/h3>\n\n\n\n<figure class=\"wp-block-table\"><table><tbody><tr><td>POSI\u00c7\u00c3O<\/td><td>PILOTO<\/td><td>EQUIPE<\/td><td>TEMPO<\/td><\/tr><tr><td>1<\/td><td>F ROSENQVIST<\/td><td>McLaren Chevrolet<\/td><td>1:06.641<\/td><\/tr><tr><td>2<\/td><td>S MCLAUGHLIN<\/td><td>Penske Chevrolet<\/td><td>1:06.651<\/td><\/tr><tr><td>3<\/td><td>C LUNDGAARD<\/td><td>RLL Honda<\/td><td>1:06.747<\/td><\/tr><tr><td>4<\/td><td>J NEWGARDEN<\/td><td>Penske Chevrolet<\/td><td>1:06.793<\/td><\/tr><tr><td>5<\/td><td>S DIXON<\/td><td>Ganassi Honda<\/td><td>1:07.017<\/td><\/tr><tr><td>6<\/td><td>A PALOU<\/td><td>Ganassi Honda<\/td><td>1:07.284<\/td><\/tr><tr><td>7<\/td><td>R VEEKAY<\/td><td>Carpenter Chevrolet<\/td><td>1:06.917<\/td><\/tr><tr><td>8<\/td><td>W POWER<\/td><td>Penske Chevrolet<\/td><td>1:06.928<\/td><\/tr><tr><td>9<\/td><td>R GROSJEAN<\/td><td>Andretti Honda<\/td><td>1:07.129<\/td><\/tr><tr><td>10<\/td><td>P O&#8217;WARD<\/td><td>McLaren Chevrolet<\/td><td>1:07.519<\/td><\/tr><tr><td>11<\/td><td>G RAHAL<\/td><td>RLL Honda<\/td><td>1:07.232<\/td><\/tr><tr><td>12<\/td><td>C HERTA<\/td><td>Andretti Honda<\/td><td>1:07.466<\/td><\/tr><tr><td>13<\/td><td>J VIPS*<\/td><td>RLL Honda<\/td><td>1:06.830<\/td><\/tr><tr><td>14<\/td><td>M ARMSTRONG<\/td><td>Ganassi Honda<\/td><td>1:07.372<\/td><\/tr><tr><td>15<\/td><td>A ROSSI<\/td><td>McLaren Chevrolet<\/td><td>1:07.542<\/td><\/tr><tr><td>16<\/td><td>K KIRKWOOD<\/td><td>Andretti Honda<\/td><td>1:07.402<\/td><\/tr><tr><td>17<\/td><td>S FERRUCCI*<\/td><td>Foyt Chevrolet<\/td><td>1:07.477<\/td><\/tr><tr><td>18<\/td><td>M ERICSSON<\/td><td>Ganassi Honda<\/td><td>1:07.614<\/td><\/tr><tr><td>19<\/td><td>A CANAPINO*<\/td><td>Juncos Chevrolet<\/td><td>1:07.400<\/td><\/tr><tr><td>20<\/td><td>C ILOTT<\/td><td>Juncos Chevrolet<\/td><td>1:07.518<\/td><\/tr><tr><td>21<\/td><td>T BLOMQVIST<\/td><td>Meyer Shank Honda<\/td><td>1:07.741<\/td><\/tr><tr><td>22<\/td><td>D MALUKAS<\/td><td>Dale Coyne Honda<\/td><td>1:07.781<\/td><\/tr><tr><td>23<\/td><td>B PEDERSEN<\/td><td>Foyt Chevrolet<\/td><td>1:07.758<\/td><\/tr><tr><td>24<\/td><td>S RAY ROBB<\/td><td>Dale Coyne Honda<\/td><td>1:07.863<\/td><\/tr><tr><td>25<\/td><td>R HUNTER-REAY<\/td><td>Carpenter Chevrolet<\/td><td>1:11.062<\/td><\/tr><tr><td>26<\/td><td>D DEFRANCESCO<\/td><td>Andretti Honda<\/td><td>1:07.908<\/td><\/tr><tr><td>27<\/td><td>H CASTRONEVES<\/td><td>Meyer Shank Honda<\/td><td>Sem tempo<\/td><\/tr><\/tbody><\/table><figcaption class=\"wp-element-caption\"><em>*Punido em seis posi\u00e7\u00f5es por causa da troca de motor<\/em><\/figcaption><\/figure>\n","protected":false},"excerpt":{"rendered":"<p>No fim de semana em que se despede da McLaren, Felix Rosenqvist cravou a pole-position do GP de Laguna Seca, batendo Scott McLaughlin por apenas 0s010<\/p>\n","protected":false},"author":0,"featured_media":1000727696,"comment_status":"closed","ping_status":"closed","sticky":false,"template":"","format":"standard","meta":{"42wp_featured_image_caption":"","42wp_featured_image_credits":"","42wp_featured_video":"","42wp_featured_image_hidden":false,"42wp_authors_list":[],"footnotes":""},"categories":[3],"tags":[9828,617,31686,28552,1848,649,6133,1579,334,6190,3144,25661,3771,3475,1491,28285,267,35361,93,25977,1555,2958,791,3352,1569,29784,99,2188,120,3137,830,732,266,3500,35164,4275,3133],"42wp_author":[47119],"class_list":["post-99378","post","type-post","status-publish","format-standard","has-post-thumbnail","hentry","category-indy","tag-alex-palou","tag-alexander-rossi","tag-benjamin-pedersen","tag-calendario-indy","tag-callum-ilott","tag-christian-lundgaard","tag-classificacao-indy","tag-colton-herta","tag-david-malukas","tag-devlin-defrancesco","tag-felix-rosenqvist","tag-gp-de-laguna-seca","tag-gp-de-portland","tag-graham-rahal","tag-grande-premio","tag-grandepremio","tag-helio-castroneves","tag-horarios-indy","tag-indy","tag-indy-2023","tag-josef-newgarden","tag-juri-vips","tag-kyle-kirkwood","tag-marcus-armstrong","tag-marcus-ericsson","tag-onde-assistir-indy","tag-pato-oward","tag-rinus-veekay","tag-romain-grosjean","tag-ryan-hunter-reay","tag-santino-ferrucci","tag-scott-dixon","tag-scott-mclaughlin","tag-sting-ray-robb","tag-temporada-2023-da-indy","tag-tom-blomqvist","tag-will-power","42wp_author-gabriel-carvalho"],"_links":{"self":[{"href":"https:\/\/grandepremio.com\/br\/wp-json\/wp\/v2\/posts\/99378","targetHints":{"allow":["GET"]}}],"collection":[{"href":"https:\/\/grandepremio.com\/br\/wp-json\/wp\/v2\/posts"}],"about":[{"href":"https:\/\/grandepremio.com\/br\/wp-json\/wp\/v2\/types\/post"}],"replies":[{"embeddable":true,"href":"https:\/\/grandepremio.com\/br\/wp-json\/wp\/v2\/comments?post=99378"}],"version-history":[{"count":0,"href":"https:\/\/grandepremio.com\/br\/wp-json\/wp\/v2\/posts\/99378\/revisions"}],"wp:featuredmedia":[{"embeddable":true,"href":"https:\/\/grandepremio.com\/br\/wp-json\/wp\/v2\/media\/1000727696"}],"wp:attachment":[{"href":"https:\/\/grandepremio.com\/br\/wp-json\/wp\/v2\/media?parent=99378"}],"wp:term":[{"taxonomy":"category","embeddable":true,"href":"https:\/\/grandepremio.com\/br\/wp-json\/wp\/v2\/categories?post=99378"},{"taxonomy":"post_tag","embeddable":true,"href":"https:\/\/grandepremio.com\/br\/wp-json\/wp\/v2\/tags?post=99378"},{"taxonomy":"42wp_author","embeddable":true,"href":"https:\/\/grandepremio.com\/br\/wp-json\/wp\/v2\/42wp_author?post=99378"}],"curies":[{"name":"wp","href":"https:\/\/api.w.org\/{rel}","templated":true}]}}