{"id":99380,"date":"2023-09-09T17:24:07","date_gmt":"2023-09-09T20:24:07","guid":{"rendered":"https:\/\/grandepremio.com\/br\/noticias\/santino-ferrucci-leva-punicao-troca-motor-perde-6-posicoes-grid-laguna-seca\/"},"modified":"2023-09-10T15:47:00","modified_gmt":"2023-09-10T18:47:00","slug":"santino-ferrucci-leva-punicao-troca-motor-perde-6-posicoes-grid-laguna-seca","status":"publish","type":"post","link":"https:\/\/grandepremio.com\/br\/indy\/santino-ferrucci-leva-punicao-troca-motor-perde-6-posicoes-grid-laguna-seca\/","title":{"rendered":"Ferrucci leva puni\u00e7\u00e3o por troca de motor e perde 6 posi\u00e7\u00f5es no grid de Laguna Seca"},"content":{"rendered":"\n<p class=\"wp-block-paragraph\"><strong>Santino Ferrucci <\/strong>\u00e9 mais um piloto a se juntar ao bonde dos punidos no <strong>GP de Laguna Seca<\/strong>. Ap\u00f3s uma quebra de motor durante o treino livre 2, disputado na tarde deste s\u00e1bado (9), a equipe <strong>A.J. Foyt Enterprises <\/strong>foi obrigada a trocar a especifica\u00e7\u00e3o do piloto americano, que perde 6 posi\u00e7\u00f5es no grid.<\/p>\n\n\n\n<p class=\"wp-block-paragraph\">Segundo o artigo 16.2.3.2 do regulamento, um quinto motor s\u00f3 pode ser introduzido em um carro caso a milhagem necess\u00e1ria seja completada nos outros quatro. Ferrucci perde 6 posi\u00e7\u00f5es no grid da classifica\u00e7\u00e3o marcada para logo mais, \u00e0s 18h00. <strong>Agust\u00edn Canapino<\/strong>, <a href=\"https:\/\/www.grandepremio.com\/br\/indy\/noticias\/agustin-canapino-recebe-punicao-troca-motor-perde-6-posicoes-grid-laguna-seca\/\" class=\"ek-link\">da<\/a> <strong>Juncos<\/strong>, e <strong>J\u00fcri Vips<\/strong>, da <strong>RLL<\/strong>, tamb\u00e9m receberam san\u00e7\u00f5es.<\/p>\n\n\n\n<figure class=\"wp-block-image size-large\"><img decoding=\"async\" src=\"https:\/\/www.grandepremio.com\/br\/wp-content\/uploads\/2023\/09\/Santino-Ferrucci-BITNILE_com-Grand-Prix-of-Portland-By_-James-Black_Ref-Image-Without-Watermark_m91896-1024x683.jpg\" alt=\"\" class=\"wp-image-725075\"\/><figcaption class=\"wp-element-caption\">Santino Ferrucci (Foto: IndyCar)<\/figcaption><\/figure>\n\n\n\n<p class=\"wp-block-paragraph\">Atualmente, Ferrucci \u00e9 o 18\u00ba colocado do campeonato. O piloto tem 201 pontos e tem como melhor resultado o terceiro lugar nas 500 Milhas de Indian\u00e1polis. Ele n\u00e3o foi ao top-10 em nenhuma outra ocasi\u00e3o na temporada.<\/p>\n\n\n\n<p class=\"wp-block-paragraph\"><strong>\u25b6\ufe0f\u00a0Inscreva-se nos dois canais do GRANDE PR\u00caMIO no YouTube:\u00a0<a href=\"https:\/\/www.youtube.com\/channel\/UC9OlHEgxoaY6QY6nWPoiqQg?sub_confirmation=1\" target=\"_blank\" rel=\"noreferrer noopener\">GP<\/a>\u00a0|\u00a0<a href=\"https:\/\/www.youtube.com\/channel\/UC9csiS6q_C3C0FYhyr1rnFA?sub_confirmation=1\" target=\"_blank\" rel=\"noreferrer noopener\">GP2<\/a><\/strong><br><strong>\u25b6\ufe0f\u00a0<a href=\"https:\/\/www.twitch.tv\/grandepremio\" target=\"_blank\" rel=\"noreferrer noopener\">Conhe\u00e7a o canal do GRANDE PR\u00caMIO na Twitch clicando aqui!<\/a><\/strong><\/p>\n\n\n\n<p class=\"wp-block-paragraph\">O\u00a0<strong>GP de\u00a0<a href=\"https:\/\/www.grandepremio.com\/br\/circuito\/laguna-seca\/\" target=\"_blank\" rel=\"noreferrer noopener\"><\/a><a href=\"https:\/\/www.grandepremio.com\/br\/circuito\/laguna-seca\/\" target=\"_blank\" rel=\"noreferrer noopener\"><\/a><a href=\"https:\/\/www.grandepremio.com\/br\/circuito\/laguna-seca\/\" target=\"_blank\" rel=\"noreferrer noopener\"><\/a><a href=\"https:\/\/www.grandepremio.com\/br\/circuito\/laguna-seca\/\" target=\"_blank\" rel=\"noreferrer noopener\"><\/a><a href=\"https:\/\/www.grandepremio.com\/br\/circuito\/laguna-seca\/\" target=\"_blank\" rel=\"noreferrer noopener\">Laguna Seca<\/a>\u00a0<\/strong>acontece entre os dias 8 e 10 de setembro no circuito localizado em Monterey, na Calif\u00f3rnia. Ser\u00e1 a \u00faltima etapa da temporada 2023, com cobertura completa do\u00a0<strong>GRANDE PR\u00caMIO<\/strong>.<\/p>\n","protected":false},"excerpt":{"rendered":"<p>Depois de sofrer quebra de motor no treino livre 2, Foyt optou por trocar pe\u00e7a no carro de Santino Ferrucci, que recebe puni\u00e7\u00e3o de seis posi\u00e7\u00f5es para o GP de Laguna Seca<\/p>\n","protected":false},"author":0,"featured_media":1000727793,"comment_status":"closed","ping_status":"closed","sticky":false,"template":"","format":"standard","meta":{"42wp_featured_image_caption":"","42wp_featured_image_credits":"","42wp_featured_video":"","42wp_featured_image_hidden":false,"42wp_authors_list":[],"footnotes":""},"categories":[3],"tags":[28552,6133,322,25661,1491,28285,35361,93,25977,29784,830,35164],"42wp_author":[47119],"class_list":["post-99380","post","type-post","status-publish","format-standard","has-post-thumbnail","hentry","category-indy","tag-calendario-indy","tag-classificacao-indy","tag-foyt","tag-gp-de-laguna-seca","tag-grande-premio","tag-grandepremio","tag-horarios-indy","tag-indy","tag-indy-2023","tag-onde-assistir-indy","tag-santino-ferrucci","tag-temporada-2023-da-indy","42wp_author-gabriel-carvalho"],"_links":{"self":[{"href":"https:\/\/grandepremio.com\/br\/wp-json\/wp\/v2\/posts\/99380","targetHints":{"allow":["GET"]}}],"collection":[{"href":"https:\/\/grandepremio.com\/br\/wp-json\/wp\/v2\/posts"}],"about":[{"href":"https:\/\/grandepremio.com\/br\/wp-json\/wp\/v2\/types\/post"}],"replies":[{"embeddable":true,"href":"https:\/\/grandepremio.com\/br\/wp-json\/wp\/v2\/comments?post=99380"}],"version-history":[{"count":0,"href":"https:\/\/grandepremio.com\/br\/wp-json\/wp\/v2\/posts\/99380\/revisions"}],"wp:featuredmedia":[{"embeddable":true,"href":"https:\/\/grandepremio.com\/br\/wp-json\/wp\/v2\/media\/1000727793"}],"wp:attachment":[{"href":"https:\/\/grandepremio.com\/br\/wp-json\/wp\/v2\/media?parent=99380"}],"wp:term":[{"taxonomy":"category","embeddable":true,"href":"https:\/\/grandepremio.com\/br\/wp-json\/wp\/v2\/categories?post=99380"},{"taxonomy":"post_tag","embeddable":true,"href":"https:\/\/grandepremio.com\/br\/wp-json\/wp\/v2\/tags?post=99380"},{"taxonomy":"42wp_author","embeddable":true,"href":"https:\/\/grandepremio.com\/br\/wp-json\/wp\/v2\/42wp_author?post=99380"}],"curies":[{"name":"wp","href":"https:\/\/api.w.org\/{rel}","templated":true}]}}