{"id":9945,"date":"2026-04-17T17:18:46","date_gmt":"2026-04-17T20:18:46","guid":{"rendered":"https:\/\/grandepremio.com\/br\/noticias\/liam-lawson-recorda-passado-gt-e-abre-portas-provas-fora-formula-1\/"},"modified":"2026-04-17T17:22:34","modified_gmt":"2026-04-17T20:22:34","slug":"liam-lawson-recorda-passado-gt-e-abre-portas-provas-fora-formula-1","status":"publish","type":"post","link":"https:\/\/grandepremio.com\/br\/f1\/liam-lawson-recorda-passado-gt-e-abre-portas-provas-fora-formula-1\/","title":{"rendered":"Lawson recorda passado em GT e abre portas para provas fora da F1"},"content":{"rendered":"\n<p class=\"wp-block-paragraph\"><strong>Liam Lawson<\/strong> revelou interesse em disputar corridas fora da <strong>F\u00f3rmula 1<\/strong> no futuro e citou o <strong>Supercars Championship<\/strong>, na <strong>Austr\u00e1lia<\/strong>, como uma das categorias que mais gostaria de experimentar. O neozeland\u00eas recordou o passado em carros de GT e destacou que pretende conciliar eventuais participa\u00e7\u00f5es com as obriga\u00e7\u00f5es pela <strong>Racing Bulls<\/strong>.<\/p>\n\n\n\n<p class=\"wp-block-paragraph\">Pilotos da F1 se aventurarem em outras categorias \u00e9 uma tend\u00eancia cada vez maior. <strong>Max Verstappen<\/strong> vem participando etapas da <strong>N\u00fcrburgring Langstrecken-Series (NLS)<\/strong> e se prepara para disputar, neste fim de semana, <a href=\"https:\/\/www.grandepremio.com\/br\/endurance\/noticias\/max-verstappen-confirma-participacao-classificacao-24-horas-de-nurburgring\/\">as corridas classificat\u00f3rias das <strong>24 Horas de N\u00fcrburgring<\/strong><\/a> \u2014 prova que <a href=\"https:\/\/www.grandepremio.com\/br\/endurance\/noticias\/max-verstappen-confirma-participacao-24-horas-de-nurburgring-2026\/\">tamb\u00e9m contar\u00e1 com o neerland\u00eas<\/a>, em maio.<\/p>\n\n\n\n<figure class=\"wp-block-embed is-type-video is-provider-youtube wp-block-embed-youtube wp-embed-aspect-16-9 wp-has-aspect-ratio\"><div class=\"wp-block-embed__wrapper\">\n<iframe loading=\"lazy\" title=\"REVELADAS AS OP\u00c7\u00d5ES PARA SALVAR F1 + WEC ABRE 2026 EM \u00cdMOLA | TTGP #215\" width=\"500\" height=\"281\" src=\"https:\/\/www.youtube.com\/embed\/5MchiPajCJc?feature=oembed\" frameborder=\"0\" allow=\"accelerometer; autoplay; clipboard-write; encrypted-media; gyroscope; picture-in-picture; web-share\" referrerpolicy=\"strict-origin-when-cross-origin\" allowfullscreen><\/iframe>\n<\/div><\/figure>\n\n\n\n<h3 class=\"wp-block-heading\" id=\"h-gp-experience-o-novo-produto-do-grande-premio-conecta-voce-aos-maiores-eventos-de-esporte-a-motor-do-mundo-va-para-indianapolis-com-a-gente-saiba-aqui-todos-os-detalhes\"><strong><mark style=\"background-color:rgba(0, 0, 0, 0)\" class=\"has-inline-color has-vivid-red-color\">+ GP EXPERIENCE: o novo produto do GRANDE PR\u00caMIO conecta voc\u00ea aos maiores eventos de esporte a motor do mundo. V\u00e1 para Indian\u00e1polis com a gente:\u00a0<a href=\"https:\/\/gpexperience.tur.br\/\">saiba aqui todos os detalhes<\/a>.<\/mark><\/strong><\/h3>\n\n\n\n<p class=\"wp-block-paragraph\">Mais recentemente, <strong>Lance Stroll<\/strong> <a href=\"https:\/\/www.grandepremio.com\/br\/endurance\/noticias\/stint-noturno-punicoes-e-penultimo-lugar-como-foi-retorno-lance-stroll-endurance\/\">participou da prova de abertura do <strong>GT World Challenge Europe<\/strong><\/a>, em <strong>Paul Ricard<\/strong>, e tamb\u00e9m <a href=\"https:\/\/www.grandepremio.com\/br\/endurance\/noticias\/lance-stroll-aprova-retorno-endurance-mira-em-novas-provas-gt3-foi-muito-divertido\/\">manifestou interesse em novas provas de endurance<\/a>. Agora, foi a vez de Lawson, que lembrou a trajet\u00f3ria antes de migrar para monopostos e afirmou ver valor em competir em diferentes tipos de carros, acreditando que a versatilidade pode contribuir para o desempenho como piloto.<\/p>\n\n\n\n<p class=\"wp-block-paragraph\">&#8220;J\u00e1 fiz isso no passado e adorei. Guiar carros diferentes n\u00e3o prejudica em nada. Ter esse n\u00edvel de adapta\u00e7\u00e3o \u00e9 algo positivo, e tive essa oportunidade desde muito jovem. Guio carros em circuitos desde os 12 anos. Na Europa, \u00e9 normal que o primeiro ano em carros seja na F\u00f3rmula 4, mas nesse est\u00e1gio j\u00e1 tinha tr\u00eas ou quatro anos&#8221;, recordou.<\/p>\n\n\n\n<figure class=\"wp-block-image size-large\"><img decoding=\"async\" src=\"https:\/\/www.grandepremio.com\/br\/wp-content\/uploads\/2026\/03\/SI202603120017-1200x800.jpg\" alt=\"\" class=\"wp-image-1066779\"\/><figcaption class=\"wp-element-caption\">Liam Lawson declarou interesse em disputar provas de GT novamente (Foto: Red Bull Content Pool)<\/figcaption><\/figure>\n\n\n\n<p class=\"wp-block-paragraph\">O piloto destacou em especial o interesse pelo Supercars Championship, categoria popular na Austr\u00e1lia e Nova Zel\u00e2ndia, conhecida pelo estilo mais \u201craiz\u201d dos carros e das disputas. Segundo ele, o regulamento t\u00e9cnico e a filosofia da categoria s\u00e3o parte do atrativo.<\/p>\n\n\n\n<p class=\"wp-block-paragraph\">&#8220;Supercars \u00e9 algo que cresci assistindo e \u00e9 incr\u00edvel. Fazem um \u00f3timo trabalho mantendo os carros mais puros. Ainda t\u00eam motores V8 aspirados, c\u00e2mbio sequencial e evitam automatiza\u00e7\u00f5es. Isso torna tudo mais interessante, al\u00e9m das corridas serem muito boas. Tive chance de guiar um carro algumas vezes e foi \u00f3timo, ent\u00e3o seria uma categoria que adoraria competir&#8221;, explicou.<\/p>\n\n\n\n<p class=\"wp-block-paragraph\">Lawson tamb\u00e9m apontou que categorias fora da F1 permitem um estilo de pilotagem mais agressivo, algo limitado nos monopostos atuais. O neozeland\u00eas recordou a passagem pelo <strong>DTM <\/strong>e citou disputas roda a roda mais intensas como um diferencial importante.<\/p>\n\n\n\n<p class=\"wp-block-paragraph\">&#8220;Outras categorias tamb\u00e9m me atraem. Competi no DTM h\u00e1 alguns anos e gostei muito. Detestei a forma como a passagem terminou, mas foi uma temporada muito divertida, pude trabalhar com uma equipe diferente e disputar um campeonato muito distinto&#8221;, recordou.<\/p>\n\n\n\n<figure class=\"wp-block-image size-large\"><img decoding=\"async\" src=\"https:\/\/www.grandepremio.com\/br\/wp-content\/uploads\/2021\/06\/SI202106180555_news-1024x683.jpg\" alt=\"LIAM LAWSON; DTM; MONZA;\" class=\"wp-image-484086\"\/><figcaption class=\"wp-element-caption\">Liam Lawson disputou a temporada 2021 do DTM e foi vice-campe\u00e3o (Foto: Red Bull Content Pool)<\/figcaption><\/figure>\n\n\n\n<p class=\"wp-block-paragraph\">&#8220;Voc\u00ea pode ser mais agressivo, tentar mergulhos por dentro, bater porta com porta \u2014 coisas que n\u00e3o d\u00e3o para fazer na F1. \u00c9 divertido, e sempre gostei de experimentar isso&#8221;, completou.<\/p>\n\n\n\n<p class=\"wp-block-paragraph\">Ao citar o t\u00e9rmino da passagem pelo DTM, Lawson lembra da prova que decidiu o t\u00edtulo da temporada 2021. O neozeland\u00eas chegou como l\u00edder do campeonato, mas se envolveu em um incidente com <strong>Kelvin van der Linde<\/strong> \u2014 um dos rivais pela ta\u00e7a \u2014 logo na primeira volta e abriu caminho para <strong>Maximilian G\u00f6tz<\/strong> sagrar-se campe\u00e3o ap\u00f3s ser beneficiado pelas ordens de equipe da <strong>Mercedes<\/strong>, que orientou <strong>Lucas Auer<\/strong> e <strong>Philip Ellis<\/strong> a cederem a vit\u00f3ria ao alem\u00e3o. O epis\u00f3dio revoltou o atual piloto da Racing Bulls, que disparou contra os advers\u00e1rios e deixou a categoria.<\/p>\n\n\n\n<p class=\"wp-block-paragraph\">A&nbsp;<strong>F\u00f3rmula 1<\/strong>&nbsp;entrou em hiato ap\u00f3s a suspens\u00e3o dos GPs do&nbsp;<strong>Bahrein&nbsp;<\/strong>e da<strong>&nbsp;Ar\u00e1bia Saudita<\/strong>&nbsp;e retorna no fim de semana de 1\u00ba a 3 de maio com o&nbsp;<strong>GP de Miami<\/strong>.<\/p>\n\n\n\n<p class=\"wp-block-paragraph\">\u25b6\ufe0f\u00a0<strong>Inscreva-se nos dois canais do GRANDE PR\u00caMIO no YouTube:\u00a0<a href=\"https:\/\/www.youtube.com\/channel\/UC9OlHEgxoaY6QY6nWPoiqQg?sub_confirmation=1\">GP<\/a>\u00a0|\u00a0<a href=\"https:\/\/www.youtube.com\/channel\/UC9csiS6q_C3C0FYhyr1rnFA?sub_confirmation=1\">GPTV<\/a><\/strong><\/p>\n\n\n\n<h2 class=\"wp-block-heading\" id=\"h-f1-hoje-saiba-aqui-as-noticias-mais-importantes-do-dia-da-formula-1\"><strong>F1 hoje: saiba aqui as not\u00edcias mais importantes do dia da F\u00f3rmula 1<\/strong><\/h2>\n\n\n\n<p class=\"wp-block-paragraph\">A reda\u00e7\u00e3o do&nbsp;<strong>GRANDE PR\u00caMIO<\/strong>&nbsp;selecionou as not\u00edcias mais importantes das \u00faltimas horas para voc\u00ea ficar por dentro de tudo que acontece na F1.<\/p>\n\n\n\n<p class=\"wp-block-paragraph\"><strong>\u25b6\ufe0f <a href=\"https:\/\/www.grandepremio.com\/br\/f1\/noticias\/george-russell-mostra-confianca-permanencia-mercedes-2027-metas-serao-alcancadas\/\">Russell mostra confian\u00e7a em perman\u00eancia na Mercedes para 2027: \u201cMetas ser\u00e3o alcan\u00e7adas\u201d<\/a><br>\u25b6\ufe0f <a href=\"https:\/\/www.grandepremio.com\/br\/f1\/noticias\/pato-oward-detona-espetaculo-artificial-f1-nao-tenho-menor-vontade-fazer-parte\/\">O\u2019Ward detona \u201cespet\u00e1culo artificial\u201d da F1: \u201cN\u00e3o tenho menor vontade de fazer parte\u201d<\/a><br>\u25b6\ufe0f <a href=\"https:\/\/www.grandepremio.com\/br\/f1\/noticias\/com-everaldo-marques-copa-globo-define-substituto-corridas-f1\/\">Com Everaldo Marques na Copa, Globo define substituto para corridas da F1<\/a><br>\u25b6\ufe0f <a href=\"https:\/\/www.grandepremio.com\/br\/f1\/noticias\/globo-confirma-everaldo-marques-como-voz-brasil-copa-mundo-desfalca-formula-1\/\">Globo confirma Everaldo Marques como voz do Brasil na Copa do Mundo e desfalca F1<\/a><br>\u25b6\ufe0f <a href=\"https:\/\/www.grandepremio.com\/br\/f1\/noticias\/gp-monaco-f1-vira-plano-fundo-filme-franquia-onze-homens-um-segredo\/\">GP de M\u00f4naco vira plano de fundo em filme da franquia \u2018Onze Homens e Um Segredo\u2019<\/a><\/strong><\/p>\n","protected":false},"excerpt":{"rendered":"<p>Liam Lawson manifestou interesse em correr no Supercars Championship e relembrou in\u00edcio da carreira em carros de GT, al\u00e9m de passagem pelo DTM, ao defender que versatilidade de diferentes categorias agrega aos pilotos<\/p>\n","protected":false},"author":0,"featured_media":1001071597,"comment_status":"closed","ping_status":"closed","sticky":false,"template":"","format":"standard","meta":{"42wp_featured_image_caption":"","42wp_featured_image_credits":"","42wp_featured_video":"","42wp_featured_image_hidden":false,"42wp_authors_list":[],"footnotes":""},"categories":[2],"tags":[37404,26271,37402,5273,412,44554,46050,147,29516,29148,180,31425,28995,1491,28285,37403,30840,28399,485,595,1550,203,82,35129,38179,44555,31470],"42wp_author":[47164],"class_list":["post-9945","post","type-post","status-publish","format-standard","has-post-thumbnail","hentry","category-f1","tag-calendario-dtm","tag-calendario-f1","tag-classificacao-dtm","tag-classificacao-f1","tag-dtm","tag-dtm-2026","tag-dtm-hoje","tag-f1","tag-f1-2026","tag-f1-hoje","tag-formula-1","tag-formula-1-2026","tag-formula-1-hoje","tag-grande-premio","tag-grandepremio","tag-horarios-dtm","tag-horarios-f1","tag-kelvin-van-der-linde","tag-lance-stroll","tag-liam-lawson","tag-lucas-auer","tag-max-verstappen","tag-mercedes","tag-onde-assistir-f1","tag-racing-bulls","tag-temporada-2026-dtm","tag-temporada-2026-f1","42wp_author-marcos-gil-ribeiro"],"_links":{"self":[{"href":"https:\/\/grandepremio.com\/br\/wp-json\/wp\/v2\/posts\/9945","targetHints":{"allow":["GET"]}}],"collection":[{"href":"https:\/\/grandepremio.com\/br\/wp-json\/wp\/v2\/posts"}],"about":[{"href":"https:\/\/grandepremio.com\/br\/wp-json\/wp\/v2\/types\/post"}],"replies":[{"embeddable":true,"href":"https:\/\/grandepremio.com\/br\/wp-json\/wp\/v2\/comments?post=9945"}],"version-history":[{"count":0,"href":"https:\/\/grandepremio.com\/br\/wp-json\/wp\/v2\/posts\/9945\/revisions"}],"wp:featuredmedia":[{"embeddable":true,"href":"https:\/\/grandepremio.com\/br\/wp-json\/wp\/v2\/media\/1001071597"}],"wp:attachment":[{"href":"https:\/\/grandepremio.com\/br\/wp-json\/wp\/v2\/media?parent=9945"}],"wp:term":[{"taxonomy":"category","embeddable":true,"href":"https:\/\/grandepremio.com\/br\/wp-json\/wp\/v2\/categories?post=9945"},{"taxonomy":"post_tag","embeddable":true,"href":"https:\/\/grandepremio.com\/br\/wp-json\/wp\/v2\/tags?post=9945"},{"taxonomy":"42wp_author","embeddable":true,"href":"https:\/\/grandepremio.com\/br\/wp-json\/wp\/v2\/42wp_author?post=9945"}],"curies":[{"name":"wp","href":"https:\/\/api.w.org\/{rel}","templated":true}]}}