{"id":99454,"date":"2023-09-07T18:11:16","date_gmt":"2023-09-07T21:11:16","guid":{"rendered":"https:\/\/grandepremio.com\/br\/noticias\/kalle-rovanpera-vence-superespecial-dia-1-rali-acropole-grecia\/"},"modified":"2023-09-07T18:37:15","modified_gmt":"2023-09-07T21:37:15","slug":"kalle-rovanpera-vence-superespecial-dia-1-rali-acropole-grecia","status":"publish","type":"post","link":"https:\/\/grandepremio.com\/br\/rally\/kalle-rovanpera-vence-superespecial-dia-1-rali-acropole-grecia\/","title":{"rendered":"Rovanper\u00e4 vence superespecial e lidera dia 1 do Rali Acr\u00f3pole da Gr\u00e9cia"},"content":{"rendered":"\n<p class=\"wp-block-paragraph\"><strong>Kalle Rovanper\u00e4<\/strong> come\u00e7ou com o p\u00e9 direito o primeiro dia de competi\u00e7\u00e3o no <strong>Rali Acr\u00f3pole da Gr\u00e9cia<\/strong>, v\u00e1lido para o <strong>WRC<\/strong>. O l\u00edder do Mundial ditou o ritmo da superespecial e superou o rival mais pr\u00f3ximo, <strong>Esapekka Lappi<\/strong>, por 0s3. <strong>Thierry Neuville<\/strong> completou o top-3 no primeiro dia na pista.<\/p>\n\n\n\n<p class=\"wp-block-paragraph\">Depois de o WRC <a href=\"https:\/\/www.grandepremio.com\/br\/rally\/noticias\/wrc-cancela-shakedown-rali-acropole-grecia-chuva-torrencial\/\">cancelar o shakedown<\/a> do Rali de Acropole por causa da chuva torrencial que atingiu a Gr\u00e9cia, a organiza\u00e7\u00e3o decidiu seguir com o evento \u2014 embora algumas sess\u00f5es terem sido reduzidas por motivos de seguran\u00e7a.<\/p>\n\n\n\n<p class=\"wp-block-paragraph\">Com a primeira etapa acontecendo ainda nesta quinta-feira, Rovanper\u00e4 aproveitou para liderar com 0s3 de vantagem sobre o rival da Hyundai. O finland\u00eas ainda espera que as condi\u00e7\u00f5es adversas o favore\u00e7am ao longo do fim de semana.<\/p>\n\n\n\n<p class=\"wp-block-paragraph\"><strong>\u25b6\ufe0f&nbsp;Inscreva-se nos dois canais do GRANDE PR\u00caMIO no YouTube:&nbsp;<a href=\"https:\/\/www.youtube.com\/channel\/UC9OlHEgxoaY6QY6nWPoiqQg?sub_confirmation=1\" target=\"_blank\" rel=\"noreferrer noopener\">GP<\/a>&nbsp;|&nbsp;<a href=\"https:\/\/www.youtube.com\/channel\/UC9csiS6q_C3C0FYhyr1rnFA?sub_confirmation=1\" target=\"_blank\" rel=\"noreferrer noopener\">GP2<\/a><\/strong><br><strong>\u25b6\ufe0f&nbsp;<a href=\"https:\/\/www.twitch.tv\/grandepremio\" target=\"_blank\" rel=\"noreferrer noopener\">Conhe\u00e7a o canal do GRANDE PR\u00caMIO na Twitch clicando aqui!<\/a><\/strong><\/p>\n\n\n\n<figure class=\"wp-block-image size-large\"><img decoding=\"async\" src=\"https:\/\/www.grandepremio.com\/br\/wp-content\/uploads\/2023\/09\/Thierry-Neuville-ficou-o-terceiro-lugar-na-superespecial-da-Grecia-Foto-WRC-1024x576.jpg\" alt=\"\" class=\"wp-image-726928\"\/><figcaption class=\"wp-element-caption\">Thierry Neuville ficou o terceiro lugar na superespecial da Gr\u00e9cia (Foto: WRC)<\/figcaption><\/figure>\n\n\n\n<p class=\"wp-block-paragraph\">\u201cTenho esperan\u00e7a de que as condi\u00e7\u00f5es sejam melhores para mim do que normalmente s\u00e3o no seco. Depois da desilus\u00e3o na Finl\u00e2ndia, quero fazer um bom rali e temos de lutar por isso\u201d, afirmou Kalle.<\/p>\n\n\n\n<p class=\"wp-block-paragraph\">Neuville, da <strong>Hyundai<\/strong>, embora tenha sido superado pelo companheiro por 0s1, se mostrou confiante dentro do carro e espera resultados melhores durante a passagem do WRC pela Gr\u00e9cia.<\/p>\n\n\n\n<p class=\"wp-block-paragraph\">\u201cFaz muito tempo que n\u00e3o me sinto t\u00e3o bem no carro, por isso estou ansioso. Tivemos muita velocidade nas duas \u00faltimas provas, isso \u00e9 certo e h\u00e1 mais por vir\u201d, finalizou Neuville.<\/p>\n\n\n\n<p class=\"wp-block-paragraph\">A etapa do WRC na Gr\u00e9cia continua na sexta-feira, onde as equipes v\u00e3o enfrentar cinco etapas de cascalho com 102 km.<\/p>\n","protected":false},"excerpt":{"rendered":"<p>Em um fim de semana marcado por condi\u00e7\u00f5es adversas na Gr\u00e9cia, Kalle Rovanper\u00e4 aproveitou para come\u00e7ar bem as atividades e colocar 0s3 de vantagem sobre Esapekka Lappi<\/p>\n","protected":false},"author":0,"featured_media":1000726923,"comment_status":"closed","ping_status":"closed","sticky":false,"template":"","format":"standard","meta":{"42wp_featured_image_caption":"","42wp_featured_image_credits":"","42wp_featured_video":"","42wp_featured_image_hidden":false,"42wp_authors_list":[],"footnotes":""},"categories":[5],"tags":[3614,219,28285,28597,288,33586,737,287,33507],"42wp_author":[47149],"class_list":["post-99454","post","type-post","status-publish","format-standard","has-post-thumbnail","hentry","category-rally","tag-esapekka-lappi","tag-grande-prmio","tag-grandepremio","tag-kalle-rovanpera-2","tag-mundial-de-rali","tag-mundial-de-rali-2023","tag-thierry-neuville","tag-wrc","tag-wrc-2023","42wp_author-bernardo-castro"],"_links":{"self":[{"href":"https:\/\/grandepremio.com\/br\/wp-json\/wp\/v2\/posts\/99454","targetHints":{"allow":["GET"]}}],"collection":[{"href":"https:\/\/grandepremio.com\/br\/wp-json\/wp\/v2\/posts"}],"about":[{"href":"https:\/\/grandepremio.com\/br\/wp-json\/wp\/v2\/types\/post"}],"replies":[{"embeddable":true,"href":"https:\/\/grandepremio.com\/br\/wp-json\/wp\/v2\/comments?post=99454"}],"version-history":[{"count":0,"href":"https:\/\/grandepremio.com\/br\/wp-json\/wp\/v2\/posts\/99454\/revisions"}],"wp:featuredmedia":[{"embeddable":true,"href":"https:\/\/grandepremio.com\/br\/wp-json\/wp\/v2\/media\/1000726923"}],"wp:attachment":[{"href":"https:\/\/grandepremio.com\/br\/wp-json\/wp\/v2\/media?parent=99454"}],"wp:term":[{"taxonomy":"category","embeddable":true,"href":"https:\/\/grandepremio.com\/br\/wp-json\/wp\/v2\/categories?post=99454"},{"taxonomy":"post_tag","embeddable":true,"href":"https:\/\/grandepremio.com\/br\/wp-json\/wp\/v2\/tags?post=99454"},{"taxonomy":"42wp_author","embeddable":true,"href":"https:\/\/grandepremio.com\/br\/wp-json\/wp\/v2\/42wp_author?post=99454"}],"curies":[{"name":"wp","href":"https:\/\/api.w.org\/{rel}","templated":true}]}}