{"id":99457,"date":"2023-09-07T16:38:50","date_gmt":"2023-09-07T19:38:50","guid":{"rendered":"https:\/\/grandepremio.com\/br\/noticias\/por-que-formula-1-dificuldades-barrar-andretti-mesmo-aprovacao-fia\/"},"modified":"2023-09-07T16:53:59","modified_gmt":"2023-09-07T19:53:59","slug":"por-que-formula-1-dificuldades-barrar-andretti-mesmo-aprovacao-fia","status":"publish","type":"post","link":"https:\/\/grandepremio.com\/br\/f1\/por-que-formula-1-dificuldades-barrar-andretti-mesmo-aprovacao-fia\/","title":{"rendered":"Por que F\u00f3rmula 1 ter\u00e1 dificuldades em barrar Andretti mesmo ap\u00f3s aprova\u00e7\u00e3o da FIA"},"content":{"rendered":"\n<p class=\"wp-block-paragraph\">A <strong>Andretti <\/strong>est\u00e1 \u00e0s portas de conseguir sua t\u00e3o almejada licen\u00e7a para fazer parte da <strong>F\u00f3rmula 1<\/strong> a partir de 2025. De acordo com reportagem da revista alem\u00e3 <em>Auto Motor und Sport<\/em>, a candidatura da equipe americana atendeu todos os crit\u00e9rios da <strong>Federa\u00e7\u00e3o Internacional de Automobilismo <\/strong>(FIA). Para completar, uma diretiva da <strong>Comiss\u00e3o Europeia<\/strong> pode obrigar as demais equipes \u2014 at\u00e9 ent\u00e3o irredut\u00edveis \u2014 a ter de aceitar a nova colega.<\/p>\n\n\n\n<p class=\"wp-block-paragraph\">Ao longo de seis meses, a entidade que rege o automobilismo avaliou com cuidado uma s\u00e9rie de requisitos das quatro equipes que se candidataram a uma vaga na F1, entre elas, o tradicional time que leva o nome do campe\u00e3o de 1978, <strong>Mario Andretti<\/strong>. Tais itens v\u00e3o desde a estrutura, at\u00e9 a compreens\u00e3o de cada uma a respeito do regulamento, passando pelo or\u00e7amento dispon\u00edvel para tocar o projeto.<\/p>\n\n\n\n<p class=\"wp-block-paragraph\"><strong>\u25b6\ufe0f\u00a0Inscreva-se nos dois canais do GRANDE PR\u00caMIO no YouTube:\u00a0<a href=\"https:\/\/www.youtube.com\/channel\/UC9OlHEgxoaY6QY6nWPoiqQg?sub_confirmation=1\" target=\"_blank\" rel=\"noreferrer noopener\">GP<\/a>\u00a0|\u00a0<a href=\"https:\/\/www.youtube.com\/channel\/UC9csiS6q_C3C0FYhyr1rnFA?sub_confirmation=1\" target=\"_blank\" rel=\"noreferrer noopener\">GP2<\/a><\/strong><br><strong>\u25b6\ufe0f\u00a0<a href=\"https:\/\/www.twitch.tv\/grandepremio\" target=\"_blank\" rel=\"noreferrer noopener\">Conhe\u00e7a o canal do GRANDE PR\u00caMIO na Twitch clicando aqui!<\/a><\/strong><\/p>\n\n\n\n<figure class=\"wp-block-image size-large\"><img decoding=\"async\" src=\"https:\/\/www.grandepremio.com\/br\/wp-content\/uploads\/2023\/09\/imagem_2023-09-05_131643947-1024x1024.png\" alt=\"\" class=\"wp-image-726527\"\/><figcaption class=\"wp-element-caption\">Andretti anunciou rebranding esta semana: projeto F1 cada vez mais s\u00f3lido (Foto: Divulga\u00e7\u00e3o\/Andretti)<\/figcaption><\/figure>\n\n\n\n<p class=\"wp-block-paragraph\">No caso da Andretti, o investimento visando a F1 foi alto, e n\u00e3o apenas em termos de infraestrutura, com a constru\u00e7\u00e3o<a href=\"https:\/\/www.grandepremio.com\/br\/indy\/noticias\/andretti-anuncia-construcao-nova-sede-operacoes-indiana-2026\/\" class=\"ek-link\"> da nova sede em <strong>Indiana<\/strong><\/a>. O maior sinal de que a ambi\u00e7\u00e3o de estar na dita elite do automobilismo mundial se tratava de um projeto s\u00f3lido foi a uni\u00e3o do time chefiado por <strong>Michael Andretti<\/strong> com a <strong>General Motors<\/strong>, gigante do setor automobil\u00edstico, <a href=\"https:\/\/www.grandepremio.com\/br\/f1\/noticias\/andretti-anuncia-parceria-gm-planeja-entrada-cadillac-formula-1\/\" class=\"ek-link\">levando \u00e0 F1 a marca <strong>Cadillac<\/strong><\/a>.<\/p>\n\n\n\n<p class=\"wp-block-paragraph\">O acordo, ali\u00e1s, <a href=\"https:\/\/www.grandepremio.com\/br\/f1\/noticias\/mercedes-toto-wolff-uniao-positiva-andretti-cadillac-outro-angulo-f1\/\" class=\"ek-link\">foi reconhecido por nomes fortes do paddock<\/a>, como o chefe da <strong>Mercedes<\/strong>, <strong>Toto Wolff<\/strong>, mas ainda n\u00e3o era suficiente para convencer as atuais equipes que comp\u00f5em o campeonato a aprovar a chegada de mais uma. O motivo? <a href=\"https:\/\/www.grandepremio.com\/br\/f1\/noticias\/diluicao-receita-taxa-barata-por-que-equipes-formula-1-resistem-entrada-andretti\/\" class=\"ek-link\">Divis\u00e3o da receita proveniente das premia\u00e7\u00f5es<\/a>. E uma das solu\u00e7\u00f5es pensadas para liberar a chegada de outras seria aumentar a chamada &#8216;taxa de dilui\u00e7\u00e3o&#8217;, atualmente em US$ 200 milh\u00f5es (R$ 995 milh\u00f5es, na cota\u00e7\u00e3o atual), para US$ 600 milh\u00f5es (R$ 2,9 bilh\u00f5es).<\/p>\n\n\n\n<p class=\"wp-block-paragraph\">A quest\u00e3o, no entanto, \u00e9 que se aprovada pela FIA, uma diretiva da Comiss\u00e3o Europeia (EU, da sigla em ingl\u00eas) pode garantir a estreia da esquadra estadunidense na F\u00f3rmula 1 em 2025. De acordo com a AMuS, em 2000, o \u00f3rg\u00e3o executivo da <strong>Uni\u00e3o Europeia<\/strong> for\u00e7ou a federa\u00e7\u00e3o a alterar a lei esportiva referente \u00e0 participa\u00e7\u00e3o em eventos de automobilismo. O artigo 2 da diretiva afirma que a participa\u00e7\u00e3o de uma equipe n\u00e3o pode ser impedida ou prejudicada, a menos que a associa\u00e7\u00e3o alegue raz\u00f5es de seguran\u00e7a ou comprove uma preocupa\u00e7\u00e3o leg\u00edtima de que a presen\u00e7a desta possa comprometer o processo.<\/p>\n\n\n\n<p class=\"wp-block-paragraph\">\u00c9 neste caso que se aplica a Andretti, uma vez que a aprova\u00e7\u00e3o parte da pr\u00f3pria FIA. A F\u00f3rmula 1, portanto, teria de provar os itens mencionados para justificar uma negativa ao time americano. A taxa de dilui\u00e7\u00e3o tamb\u00e9m poderia representar uma viola\u00e7\u00e3o \u00e0 diretiva da EU. E caso a categoria insistisse na decis\u00e3o, o caso poderia terminar com uma longa disputa judicial se o lado de Michael e companhia se sentir lesado.<\/p>\n\n\n\n<p class=\"wp-block-paragraph\">H\u00e1, contudo, outro ponto citado pela AMuS e que pode ser o caminho que deixe as equipes da F1 conformadas com a presen\u00e7a da Andretti no grid. O <strong>Liberty Media<\/strong>, grupo que det\u00e9m os direitos comerciais sobre a classe, pode n\u00e3o incluir a novata no atual <strong>Pacto de Conc\u00f3rdia<\/strong> ou mesmo cobrar uma taxa absurda para o acordo de 2026. Isso deixaria a Andretti apta para a competi\u00e7\u00e3o, mas vetada da premia\u00e7\u00e3o em dinheiro.<\/p>\n\n\n\n<p class=\"wp-block-paragraph\">S\u00f3 que h\u00e1 o outro lado da moeda: cada participante tem o direito de impedir a transmiss\u00e3o p\u00fablica de sua propriedade intelectual, e se a Andretti resolver usar desta op\u00e7\u00e3o, ter\u00edamos largadas sempre em tela preta, por exemplo, e em todos os outros momentos em que um carro do novo time surgisse na transmiss\u00e3o \u2014 algo que n\u00e3o agradaria nada de modo geral. <\/p>\n\n\n\n<p class=\"wp-block-paragraph\">Espera-se que a FIA torne p\u00fablica sua decis\u00e3o este m\u00eas. <\/p>\n\n\n\n<figure class=\"wp-block-embed is-type-video is-provider-youtube wp-block-embed-youtube wp-embed-aspect-16-9 wp-has-aspect-ratio\"><div class=\"wp-block-embed__wrapper\">\n<iframe loading=\"lazy\" title=\"MERCEDES &amp;apos;MACHUCANDO&amp;apos; HAMILTON na F1 + FIM de P\u00c9REZ na RED BULL? | WGP\" width=\"500\" height=\"281\" src=\"https:\/\/www.youtube.com\/embed\/svykLz6tj9Q?feature=oembed\" frameborder=\"0\" allow=\"accelerometer; autoplay; clipboard-write; encrypted-media; gyroscope; picture-in-picture; web-share\" referrerpolicy=\"strict-origin-when-cross-origin\" allowfullscreen><\/iframe>\n<\/div><\/figure>\n","protected":false},"excerpt":{"rendered":"<p>De acordo com reportagem da revista alem\u00e3 Auto Motor und Sport, a Andretti atendeu todos os requisitos da FIA. E mesmo se as equipes da F\u00f3rmula 1 tentarem barrar a entrada da equipe americana em 2025, o caso pode parar na justi\u00e7a por conta de uma diretiva da Comiss\u00e3o Europeia que protege a esquadra americana<\/p>\n","protected":false},"author":0,"featured_media":1000542841,"comment_status":"closed","ping_status":"closed","sticky":false,"template":"","format":"standard","meta":{"42wp_featured_image_caption":"","42wp_featured_image_credits":"","42wp_featured_video":"","42wp_featured_image_hidden":false,"42wp_authors_list":[],"footnotes":""},"categories":[2],"tags":[417,26271,5273,147,6533,3630,103,180,30722,1491,28285,30840,35129,31447],"42wp_author":[47147],"class_list":["post-99457","post","type-post","status-publish","format-standard","has-post-thumbnail","hentry","category-f1","tag-andretti","tag-calendario-f1","tag-classificacao-f1","tag-f1","tag-f1-2023","tag-f1-2025","tag-fia","tag-formula-1","tag-formula-1-2023","tag-grande-premio","tag-grandepremio","tag-horarios-f1","tag-onde-assistir-f1","tag-temporada-2023-f1","42wp_author-luana-marino"],"_links":{"self":[{"href":"https:\/\/grandepremio.com\/br\/wp-json\/wp\/v2\/posts\/99457","targetHints":{"allow":["GET"]}}],"collection":[{"href":"https:\/\/grandepremio.com\/br\/wp-json\/wp\/v2\/posts"}],"about":[{"href":"https:\/\/grandepremio.com\/br\/wp-json\/wp\/v2\/types\/post"}],"replies":[{"embeddable":true,"href":"https:\/\/grandepremio.com\/br\/wp-json\/wp\/v2\/comments?post=99457"}],"version-history":[{"count":0,"href":"https:\/\/grandepremio.com\/br\/wp-json\/wp\/v2\/posts\/99457\/revisions"}],"wp:featuredmedia":[{"embeddable":true,"href":"https:\/\/grandepremio.com\/br\/wp-json\/wp\/v2\/media\/1000542841"}],"wp:attachment":[{"href":"https:\/\/grandepremio.com\/br\/wp-json\/wp\/v2\/media?parent=99457"}],"wp:term":[{"taxonomy":"category","embeddable":true,"href":"https:\/\/grandepremio.com\/br\/wp-json\/wp\/v2\/categories?post=99457"},{"taxonomy":"post_tag","embeddable":true,"href":"https:\/\/grandepremio.com\/br\/wp-json\/wp\/v2\/tags?post=99457"},{"taxonomy":"42wp_author","embeddable":true,"href":"https:\/\/grandepremio.com\/br\/wp-json\/wp\/v2\/42wp_author?post=99457"}],"curies":[{"name":"wp","href":"https:\/\/api.w.org\/{rel}","templated":true}]}}