{"id":9947,"date":"2026-04-17T17:07:41","date_gmt":"2026-04-17T20:07:41","guid":{"rendered":"https:\/\/grandepremio.com\/br\/noticias\/graham-rahal-ve-indy-500-2026-sem-bump-day-cobra-precisamos-3a-montadora\/"},"modified":"2026-04-18T23:08:49","modified_gmt":"2026-04-19T02:08:49","slug":"graham-rahal-ve-indy-500-2026-sem-bump-day-cobra-precisamos-3a-montadora","status":"publish","type":"post","link":"https:\/\/grandepremio.com\/br\/indy\/graham-rahal-ve-indy-500-2026-sem-bump-day-cobra-precisamos-3a-montadora\/","title":{"rendered":"Rahal v\u00ea Indy 500 de 2026 sem Bump Day e cobra: \u201cPrecisamos de 3\u00aa montadora\u201d"},"content":{"rendered":"\n<p class=\"wp-block-paragraph\"><strong>Graham Rahal<\/strong> at\u00e9 brincou que vai \u201cdormir melhor\u201d diante dos indicativos de que as <strong>500 Milhas de Indian\u00e1polis de 2026<\/strong> n\u00e3o ter\u00e3o 34 carros para formar o <strong>Bump Day<\/strong>. Ainda assim, o representante da <strong>RLL<\/strong> lamentou o cen\u00e1rio e indicou que a chegada de uma terceira montadora \u00e0 <strong>Indy<\/strong> mudaria esse panorama, j\u00e1 que n\u00e3o faltariam interessados em participar.<\/p>\n\n\n\n<p class=\"wp-block-paragraph\">Rahal disputou o Bump Day em 2023 e 2024, sendo eliminado h\u00e1 tr\u00eas anos, mas acabou aparecendo no grid ao substituir <strong>Stefan Wilson<\/strong>, que se lesionou em um acidente no primeiro treino livre ap\u00f3s a classifica\u00e7\u00e3o. Por essa raz\u00e3o, brincou com a situa\u00e7\u00e3o, mas depois lamentou a possibilidade de n\u00e3o haver Bump Day.<\/p>\n\n\n\n<figure class=\"wp-block-embed is-type-video is-provider-youtube wp-block-embed-youtube wp-embed-aspect-16-9 wp-has-aspect-ratio\"><div class=\"wp-block-embed__wrapper\">\n<iframe loading=\"lazy\" title=\"GP EXPERIENCE: a melhor experi\u00eancia de sua vida nas corridas de F1, Indy, MotoGP e muito mais\" width=\"500\" height=\"281\" src=\"https:\/\/www.youtube.com\/embed\/jpKJsIBQzag?feature=oembed\" frameborder=\"0\" allow=\"accelerometer; autoplay; clipboard-write; encrypted-media; gyroscope; picture-in-picture; web-share\" referrerpolicy=\"strict-origin-when-cross-origin\" allowfullscreen><\/iframe>\n<\/div><\/figure>\n\n\n\n<p class=\"wp-block-paragraph\"><strong><mark>+ GP EXPERIENCE: o novo produto do GRANDE PR\u00caMIO conecta voc\u00ea aos maiores eventos de esporte a motor do mundo. V\u00e1 para Indian\u00e1polis com a gente:&nbsp;<a href=\"https:\/\/gpexperience.tur.br\/\">saiba aqui todos os detalhes<\/a>.<\/mark><\/strong><\/p>\n\n\n\n<p class=\"wp-block-paragraph\">Por enquanto, 31 pilotos est\u00e3o confirmados para as 500 Milhas de Indian\u00e1polis: os 25 da temporada regular, al\u00e9m de <strong>Helio Castroneves<\/strong> (<strong>Meyer Shank<\/strong>), <strong>Ed Carpenter<\/strong> (<strong>Carpenter<\/strong>), <strong>Takuma Sato<\/strong> (RLL), <strong>Ryan Hunter-Reay<\/strong> (<strong>McLaren<\/strong>) e a dupla da <strong>Dreyer &amp; Reinbold<\/strong>, com <strong>Conor Daly<\/strong> e <strong>Jack Harvey<\/strong>. A <strong>Chevrolet<\/strong> deve realocar os dois motores reservados para a <strong>Prema<\/strong> para um terceiro carro da <strong>Foyt<\/strong>, que deve contar com <strong>Katherine Legge<\/strong>, al\u00e9m da <strong>Abel Motorsports<\/strong>, que planeja montar uma estrutura para <strong>Jacob Abel<\/strong>.<\/p>\n\n\n\n<p class=\"wp-block-paragraph\">A principal candidata ao 34\u00ba carro seria a <strong>Andretti<\/strong>, que tinha planos de inscrever <strong>Colton Herta<\/strong> nas 500 Milhas de Indian\u00e1polis, mas viu a <strong>F2<\/strong> alterar o calend\u00e1rio e marcar uma rodada no <strong>Canad\u00e1<\/strong> na mesma data da principal prova da Indy. Com isso, a equipe optou por n\u00e3o montar essa estrutura extra.<\/p>\n\n\n\n<figure class=\"wp-block-image size-large\"><img decoding=\"async\" src=\"https:\/\/www.grandepremio.com\/br\/wp-content\/uploads\/2024\/07\/Bobby-and-Graham-Rahal-Indianapolis-500-Qualifying-By_-Paul-Hurley_Large-Image-Without-Watermark_m104614-1200x800.jpg\" alt=\"\" class=\"wp-image-839831\"\/><figcaption class=\"wp-element-caption\">Bobby Rahal, s\u00f3cio da RLL, e Graham Rahal (Foto: IndyCar)<\/figcaption><\/figure>\n\n\n\n<p class=\"wp-block-paragraph\">&#8220;Estive envolvido nisso nos \u00faltimos anos, ent\u00e3o&#8230; Deus ajude, mas vou dormir muito melhor (risos)\u201d, brincou Rahal ao jornalista <strong>Bob Pockrass<\/strong>. \u201cNunca fui f\u00e3 de inscri\u00e7\u00f5es garantidas \u2014 sempre disse isso \u2014, mas, ao mesmo tempo, espero que as pessoas entendam que n\u00e3o \u00e9 f\u00e1cil conseguir carros e, principalmente, motores \u2014 ou firmar contratos de fornecimento. Duvido que a <strong>Honda<\/strong> queira expandir muito sua distribui\u00e7\u00e3o, e duvido que a Chevrolet esteja em uma posi\u00e7\u00e3o diferente\u201d, completou.<\/p>\n\n\n\n<p class=\"wp-block-paragraph\">Rahal explicou que a RLL teria condi\u00e7\u00f5es de colocar mais carros na pista \u2014 citou \u201cseis ou sete\u201d \u2014, mas que isso depende da disponibilidade de motores. Portanto, a chave para garantir um Bump Day mais robusto nas 500 Milhas de Indian\u00e1polis passa pela chegada de uma terceira montadora.<\/p>\n\n\n\n<p class=\"wp-block-paragraph\">\u201cVenho dizendo h\u00e1 anos: se as pessoas querem ver 40 carros nas 500 Milhas de Indian\u00e1polis, precisamos encontrar uma terceira fabricante de motores. Por mais que isso possa parecer bom ou ruim para alguns, essa \u00e9 a realidade. Temos pessoas que nos procuram \u2014 poder\u00edamos correr com seis ou sete carros se quis\u00e9ssemos, mas n\u00e3o vamos fazer isso \u2014, mas meu ponto \u00e9 que existe esse n\u00edvel de interesse, especialmente de patrocinadores\u201d, afirmou Rahal.<\/p>\n\n\n\n<p class=\"wp-block-paragraph\">\u201cH\u00e1 pessoas que me ligam \u2014 n\u00e3o vou citar nomes \u2014, mas algu\u00e9m me ligou outro dia e disse: \u2018Tenho dinheiro de sobra, voc\u00eas poderiam, por favor, fazer um arranjo para corrermos?\u2019. E n\u00e3o podemos. Simplesmente n\u00e3o d\u00e1. Ent\u00e3o, n\u00e3o se trata de falta de interesse na corrida. A quest\u00e3o \u00e9, fundamentalmente, conseguir motores e permitir que algumas equipes consigam operar mais carros\u201d, concluiu Rahal.<\/p>\n\n\n\n<p class=\"wp-block-paragraph\">A&nbsp;<strong>Indy<\/strong>&nbsp;retorna neste fim de semana para quinta etapa da temporada, o tradicional&nbsp;<strong>GP de Long Beach<\/strong>, nas ruas da cidade da&nbsp;<strong>Calif\u00f3rnia<\/strong>, marcado entre os dias 17 e 19 de abril. Confira a seguir a programa\u00e7\u00e3o completa, com hor\u00e1rios de&nbsp;transmiss\u00e3o e nos pa\u00edses de l\u00edngua portuguesa.<\/p>\n\n\n\n<p class=\"wp-block-paragraph\"><strong>Inscreva-se nos dois canais do GRANDE PR\u00caMIO no YouTube:&nbsp;<a href=\"https:\/\/www.youtube.com\/channel\/UC9OlHEgxoaY6QY6nWPoiqQg?sub_confirmation=1\" target=\"_blank\" rel=\"noreferrer noopener\">GP<\/a>&nbsp;|&nbsp;<a href=\"https:\/\/www.youtube.com\/channel\/UC9csiS6q_C3C0FYhyr1rnFA?sub_confirmation=1\" target=\"_blank\" rel=\"noreferrer noopener\">GPTV<\/a><\/strong><\/p>\n\n\n\n<figure class=\"wp-block-table\"><table class=\"has-fixed-layout\"><tbody><tr><td class=\"has-text-align-left\" data-align=\"left\"><strong>Sess\u00e3o<\/strong><\/td><td class=\"has-text-align-left\" data-align=\"left\"><strong>BRA*<\/strong><\/td><td class=\"has-text-align-left\" data-align=\"left\"><strong>CBV<\/strong><\/td><td class=\"has-text-align-left\" data-align=\"left\"><strong>POR | ANG<\/strong><\/td><td class=\"has-text-align-left\" data-align=\"left\"><strong>MOZ<\/strong><\/td><\/tr><tr><td class=\"has-text-align-left\" data-align=\"left\"><strong>TL1 (17\/04)<\/strong><\/td><td class=\"has-text-align-left\" data-align=\"left\">19:00<\/td><td class=\"has-text-align-left\" data-align=\"left\">21:00<\/td><td class=\"has-text-align-left\" data-align=\"left\">23:00<\/td><td class=\"has-text-align-left\" data-align=\"left\">00:00 (S\u00c1B)<\/td><\/tr><tr><td class=\"has-text-align-left\" data-align=\"left\"><strong>TL2 (18\/04)<\/strong><\/td><td class=\"has-text-align-left\" data-align=\"left\">14:30<\/td><td class=\"has-text-align-left\" data-align=\"left\">16:30<\/td><td class=\"has-text-align-left\" data-align=\"left\">18:30<\/td><td class=\"has-text-align-left\" data-align=\"left\">19:30<\/td><\/tr><tr><td class=\"has-text-align-left\" data-align=\"left\"><strong>Classifica\u00e7\u00e3o (18\/04)<\/strong><\/td><td class=\"has-text-align-left\" data-align=\"left\">19:30<\/td><td class=\"has-text-align-left\" data-align=\"left\">21:30<\/td><td class=\"has-text-align-left\" data-align=\"left\">23:30<\/td><td class=\"has-text-align-left\" data-align=\"left\">00:30 (DOM)<\/td><\/tr><tr><td class=\"has-text-align-left\" data-align=\"left\"><strong>Warm-up (19\/04)<\/strong><\/td><td class=\"has-text-align-left\" data-align=\"left\">14:00<\/td><td class=\"has-text-align-left\" data-align=\"left\">16:00<\/td><td class=\"has-text-align-left\" data-align=\"left\">18:00<\/td><td class=\"has-text-align-left\" data-align=\"left\">19:00<\/td><\/tr><tr><td class=\"has-text-align-left\" data-align=\"left\"><strong>Corrida (19\/04)<\/strong><\/td><td class=\"has-text-align-left\" data-align=\"left\">18:30<\/td><td class=\"has-text-align-left\" data-align=\"left\">20:30<\/td><td class=\"has-text-align-left\" data-align=\"left\">22:30<\/td><td class=\"has-text-align-left\" data-align=\"left\">23:30<\/td><\/tr><\/tbody><\/table><\/figure>\n\n\n\n<p class=\"wp-block-paragraph\"><strong>Inscreva-se nos dois canais do GRANDE PR\u00caMIO no YouTube:&nbsp;<a href=\"https:\/\/www.youtube.com\/channel\/UC9OlHEgxoaY6QY6nWPoiqQg?sub_confirmation=1\" target=\"_blank\" rel=\"noreferrer noopener\">GP<\/a>&nbsp;|&nbsp;<a href=\"https:\/\/www.youtube.com\/channel\/UC9csiS6q_C3C0FYhyr1rnFA?sub_confirmation=1\" target=\"_blank\" rel=\"noreferrer noopener\">GPTV<\/a><\/strong><\/p>\n\n\n\n<h2 class=\"wp-block-heading\" id=\"h-indy-hoje-saiba-aqui-as-noticias-mais-importantes-do-dia-da-indycar-series\"><strong>Indy hoje: saiba aqui as not\u00edcias mais importantes do dia da IndyCar Series<\/strong><\/h2>\n\n\n\n<p class=\"wp-block-paragraph\"><strong><a href=\"https:\/\/www.grandepremio.com\/br\/indy\/noticias\/kyle-kirkwood-une-maturidade-efeito-will-power-para-ser-pedra-no-sapato-alex-palou-indy\/\">Kirkwood une maturidade e \u201cefeito Power\u201d para ser pedra no sapato de Palou na Indy<\/a><\/strong><br><strong><a href=\"https:\/\/www.grandepremio.com\/br\/indy\/noticias\/ceo-indy-visita-autodromo-goiania-amplia-expectativa-por-corrida-2027\/\">CEO da Indy visita aut\u00f3dromo de Goi\u00e2nia e amplia expectativa por corrida em 2027<\/a><\/strong><br><strong><a href=\"https:\/\/www.grandepremio.com\/br\/indy\/noticias\/como-mudanca-calendario-f2-deve-impactar-bump-day-indy-500-2026\/\">Como mudan\u00e7a de calend\u00e1rio da F2 deve impactar Bump Day da Indy 500 em 2026<\/a><\/strong><br><strong><a href=\"https:\/\/www.grandepremio.com\/br\/indy\/noticias\/onde-assistir-gp-long-beach-5a-etapa-temporada-2026-indy\/\">Onde assistir ao GP de Long Beach, 5\u00aa etapa da temporada 2026 da Indy<\/a><\/strong>&nbsp;<br><strong><a href=\"https:\/\/www.grandepremio.com\/br\/indy\/noticias\/quais-horarios-gp-long-beach-5a-etapa-temporada-2026-indy\/\">Quais os hor\u00e1rios do GP de Long Beach, 5\u00aa etapa da temporada 2026 da Indy<\/a><\/strong><br><strong><a href=\"https:\/\/www.grandepremio.com\/br\/indy\/noticias\/indy-tem-chance-de-ouro-para-crescer-brecha-criada-por-mudancas-f1\/\">Indy tem chance de ouro para crescer com brecha criada por mudan\u00e7as na F1<\/a><\/strong><br><a href=\"https:\/\/www.grandepremio.com\/br\/indy\/noticias\/caio-collet-busca-repetir-boa-corrida-arlington-desafio-inedito-long-beach\/\"><strong>Collet busca repetir \u201cboa corrida\u201d de Arlington em desafio in\u00e9dito em Long Beach<\/strong><\/a><\/p>\n","protected":false},"excerpt":{"rendered":"<p>Ap\u00f3s disputar o Bump Day em 2023 e 2024, Graham Rahal brinca que \u201cvai dormir melhor\u201d, mas lamenta poss\u00edvel aus\u00eancia de sess\u00e3o na classifica\u00e7\u00e3o em 2026<\/p>\n","protected":false},"author":0,"featured_media":1001062642,"comment_status":"closed","ping_status":"closed","sticky":false,"template":"","format":"standard","meta":{"42wp_featured_image_caption":"","42wp_featured_image_credits":"","42wp_featured_video":"","42wp_featured_image_hidden":false,"42wp_authors_list":[],"footnotes":""},"categories":[3],"tags":[2980,3172,9828,617,417,41045,3134,39286,448,1848,25053,231,649,3486,1824,831,41046,334,1581,4925,1142,3837,3144,619,322,45994,1595,1826,41184,4938,3773,25213,25661,29099,45993,3622,23410,26235,9851,3771,25472,38377,26343,45771,5548,3475,45274,45990,130,2552,2561,2555,93,41047,232,27726,27665,30500,94,2514,1555,4157,35404,791,3419,25262,4985,31652,3936,3352,1569,1782,1294,4166,4510,40701,3136,26044,40869,25714,34364,43094,3135,20825,99,265,2463,3769,45992,349,10198,2188,1331,3838,1869,120,830,732,266,5682,43796,3500,31345,44938,2610,45991,3133],"42wp_author":[47155],"class_list":["post-9947","post","type-post","status-publish","format-standard","has-post-thumbnail","hentry","category-indy","tag-500-milhas-indianapolis","tag-alabama","tag-alex-palou","tag-alexander-rossi","tag-andretti","tag-arlington","tag-barber","tag-barber-motorsports-park","tag-caio-collet","tag-callum-ilott","tag-canada","tag-chevrolet","tag-christian-lundgaard","tag-christian-rasmussen","tag-conor-daly","tag-dale-coyne","tag-dallas-cowboys","tag-david-malukas","tag-dennis-hauger","tag-detroit","tag-dreyer-reinbold","tag-elkhart-lake","tag-felix-rosenqvist","tag-formula-indy","tag-foyt","tag-freedom-250","tag-ganassi","tag-gateway","tag-gp-de-arlington","tag-gp-de-detroit","tag-gp-de-gateway","tag-gp-de-indianapolis","tag-gp-de-laguna-seca","tag-gp-de-long-beach","tag-gp-de-markham","tag-gp-de-mid-ohio","tag-gp-de-milwaukee","tag-gp-de-nashville","tag-gp-de-phoenix","tag-gp-de-portland","tag-gp-de-road-america","tag-gp-de-st-petersburgo","tag-gp-de-st-pete","tag-gp-de-washington","tag-gp-do-alabama","tag-graham-rahal","tag-guia-2026","tag-guia-da-indy-2026","tag-honda","tag-ims","tag-indianapolis","tag-indianapolis-motor-speedway","tag-indy","tag-indy-2026","tag-indy-500","tag-indy-ao-vivo","tag-indy-na-band","tag-indy-na-espn","tag-indycar","tag-jack-harvey","tag-josef-newgarden","tag-juncos","tag-kyffin-simpson","tag-kyle-kirkwood","tag-laguna-seca","tag-lesao","tag-long-beach","tag-louis-foster","tag-madison","tag-marcus-armstrong","tag-marcus-ericsson","tag-meyer-shank","tag-mick-schumacher","tag-mid-ohio","tag-milwaukee","tag-milwaukee-mile","tag-misto","tag-nashville","tag-nashville-superspeedway","tag-nolan-siegel","tag-onde-assistir-a-indy","tag-onde-assistir-a-indy-ao-vivo","tag-oval","tag-oval-de-phoenix","tag-pato-oward","tag-penske","tag-phoenix","tag-portland","tag-portland-internacional-raceway","tag-prema","tag-rahal-letterman-lanigan","tag-rinus-veekay","tag-rll","tag-road-america","tag-robert-shwartzman","tag-romain-grosjean","tag-santino-ferrucci","tag-scott-dixon","tag-scott-mclaughlin","tag-st-pete","tag-st-louis","tag-sting-ray-robb","tag-temporada-2026","tag-temporada-2026-da-indy","tag-texas","tag-texas-rangers","tag-will-power","42wp_author-daniel-balsa"],"_links":{"self":[{"href":"https:\/\/grandepremio.com\/br\/wp-json\/wp\/v2\/posts\/9947","targetHints":{"allow":["GET"]}}],"collection":[{"href":"https:\/\/grandepremio.com\/br\/wp-json\/wp\/v2\/posts"}],"about":[{"href":"https:\/\/grandepremio.com\/br\/wp-json\/wp\/v2\/types\/post"}],"replies":[{"embeddable":true,"href":"https:\/\/grandepremio.com\/br\/wp-json\/wp\/v2\/comments?post=9947"}],"version-history":[{"count":0,"href":"https:\/\/grandepremio.com\/br\/wp-json\/wp\/v2\/posts\/9947\/revisions"}],"wp:featuredmedia":[{"embeddable":true,"href":"https:\/\/grandepremio.com\/br\/wp-json\/wp\/v2\/media\/1001062642"}],"wp:attachment":[{"href":"https:\/\/grandepremio.com\/br\/wp-json\/wp\/v2\/media?parent=9947"}],"wp:term":[{"taxonomy":"category","embeddable":true,"href":"https:\/\/grandepremio.com\/br\/wp-json\/wp\/v2\/categories?post=9947"},{"taxonomy":"post_tag","embeddable":true,"href":"https:\/\/grandepremio.com\/br\/wp-json\/wp\/v2\/tags?post=9947"},{"taxonomy":"42wp_author","embeddable":true,"href":"https:\/\/grandepremio.com\/br\/wp-json\/wp\/v2\/42wp_author?post=9947"}],"curies":[{"name":"wp","href":"https:\/\/api.w.org\/{rel}","templated":true}]}}