{"id":99493,"date":"2023-09-06T04:45:00","date_gmt":"2023-09-06T07:45:00","guid":{"rendered":"https:\/\/grandepremio.com\/br\/noticias\/ferrari-fez-espera-mostrou-coragem-compensa-diz-evelyn-guimaraes\/"},"modified":"2023-09-05T19:05:11","modified_gmt":"2023-09-05T22:05:11","slug":"ferrari-fez-espera-mostrou-coragem-compensa-diz-evelyn-guimaraes","status":"publish","type":"post","link":"https:\/\/grandepremio.com\/br\/f1\/ferrari-fez-espera-mostrou-coragem-compensa-diz-evelyn-guimaraes\/","title":{"rendered":"Ferrari &#8220;fez o que se espera&#8221; e mostrou que &#8220;coragem compensa&#8221;, diz Evelyn Guimar\u00e3es"},"content":{"rendered":"\n<p class=\"wp-block-paragraph\">Com a competitividade e o p\u00f3dio de Carlos Sainz, Ferrari mostrou do que \u00e9 capaz e qual a postura precisa ter na F\u00f3rmula 1, na opini\u00e3o de Evelyn Guimar\u00e3es.<\/p>\n\n\n\n<p class=\"wp-block-paragraph\">Confira o trecho aqui:<\/p>\n\n\n\n<figure class=\"wp-block-embed is-type-rich is-provider-incorporar-manipulador wp-block-embed-incorporar-manipulador wp-embed-aspect-16-9 wp-has-aspect-ratio\"><div class=\"wp-block-embed__wrapper\">\nhttps:\/\/www.youtube.com\/watch?v=GNL9CPgbDmA?t=708\n<\/div><\/figure>\n","protected":false},"excerpt":{"rendered":"<p>Para Evelyn Guimar\u00e3es, Ferrari mostrou do que \u00e9 capaz e qual a postura precisa ter na F\u00f3rmula 1<\/p>\n","protected":false},"author":0,"featured_media":1000725575,"comment_status":"closed","ping_status":"closed","sticky":false,"template":"","format":"standard","meta":{"42wp_featured_image_caption":"","42wp_featured_image_credits":"","42wp_featured_video":"","42wp_featured_image_hidden":false,"42wp_authors_list":[],"footnotes":""},"categories":[2],"tags":[2154,147,6533,207,180,30722,1492,230,24898,1491,30103,28285,82,1737,1537,27357,204,25978,486],"42wp_author":[47139],"class_list":["post-99493","post","type-post","status-publish","format-standard","has-post-thumbnail","hentry","category-f1","tag-evelyn-guimaraes","tag-f1","tag-f1-2023","tag-ferrari","tag-formula-1","tag-formula-1-2023","tag-gabriel-carvalho","tag-gabriel-curty","tag-gp-da-italia","tag-grande-premio","tag-grande-premio-f1","tag-grandepremio","tag-mercedes","tag-monza","tag-paddock-gp","tag-programas-grande-premio","tag-red-bull","tag-temporada-2023","tag-victor-martins","42wp_author-ana-cerveira"],"_links":{"self":[{"href":"https:\/\/grandepremio.com\/br\/wp-json\/wp\/v2\/posts\/99493","targetHints":{"allow":["GET"]}}],"collection":[{"href":"https:\/\/grandepremio.com\/br\/wp-json\/wp\/v2\/posts"}],"about":[{"href":"https:\/\/grandepremio.com\/br\/wp-json\/wp\/v2\/types\/post"}],"replies":[{"embeddable":true,"href":"https:\/\/grandepremio.com\/br\/wp-json\/wp\/v2\/comments?post=99493"}],"version-history":[{"count":0,"href":"https:\/\/grandepremio.com\/br\/wp-json\/wp\/v2\/posts\/99493\/revisions"}],"wp:featuredmedia":[{"embeddable":true,"href":"https:\/\/grandepremio.com\/br\/wp-json\/wp\/v2\/media\/1000725575"}],"wp:attachment":[{"href":"https:\/\/grandepremio.com\/br\/wp-json\/wp\/v2\/media?parent=99493"}],"wp:term":[{"taxonomy":"category","embeddable":true,"href":"https:\/\/grandepremio.com\/br\/wp-json\/wp\/v2\/categories?post=99493"},{"taxonomy":"post_tag","embeddable":true,"href":"https:\/\/grandepremio.com\/br\/wp-json\/wp\/v2\/tags?post=99493"},{"taxonomy":"42wp_author","embeddable":true,"href":"https:\/\/grandepremio.com\/br\/wp-json\/wp\/v2\/42wp_author?post=99493"}],"curies":[{"name":"wp","href":"https:\/\/api.w.org\/{rel}","templated":true}]}}