{"id":9950,"date":"2026-04-17T15:37:14","date_gmt":"2026-04-17T18:37:14","guid":{"rendered":"https:\/\/grandepremio.com\/br\/noticias\/com-everaldo-marques-copa-globo-define-substituto-corridas-f1\/"},"modified":"2026-05-05T13:58:44","modified_gmt":"2026-05-05T16:58:44","slug":"com-everaldo-marques-copa-globo-define-substituto-corridas-f1","status":"publish","type":"post","link":"https:\/\/grandepremio.com\/br\/f1\/com-everaldo-marques-copa-globo-define-substituto-corridas-f1\/","title":{"rendered":"Com Everaldo Marques na Copa, Globo define substituto para corridas da F1"},"content":{"rendered":"\n<p class=\"wp-block-paragraph\">A<strong> Globo<\/strong> pretende usar <strong>Bruno Fonseca, titular do sportv<\/strong> na <strong>F\u00f3rmula 1<\/strong>, como narrador na TV aberta durante o per\u00edodo da <strong>Copa do Mundo de Futebol<\/strong>, apurou o <strong>GRANDE PR\u00caMIO.<\/strong> O grupo ainda estuda se a narra\u00e7\u00e3o das corridas ser\u00e1 a mesma utilizada no canal por assinatura ou se algu\u00e9m vai substituir Bruno no per\u00edodo.<\/p>\n\n\n\n<p class=\"wp-block-paragraph\">A escala da Globo ainda coloca <strong>Everaldo Marques<\/strong> como narrador da F1 no GP de M\u00f4naco, que acontece em 7 de junho. As quatro corridas seguintes que constam na programa\u00e7\u00e3o da TV aberta \u2014 Espanha em 14 de junho, \u00c1ustria em 28 de junho, Inglaterra em 5 de julho e B\u00e9lgica em 19 de julho, dia da final da Copa \u2014 ter\u00e3o o comando de Bruno.<\/p>\n\n\n\n<figure class=\"wp-block-embed is-type-video is-provider-youtube wp-block-embed-youtube wp-embed-aspect-16-9 wp-has-aspect-ratio\"><div class=\"wp-block-embed__wrapper\">\n<iframe loading=\"lazy\" title=\"RID\u00cdCULO! GP DA CHINA de F1 (e HIST\u00d3RIAS INCR\u00cdVEIS) com EVERALDO MARQUES | Paddock GP #447\" width=\"500\" height=\"281\" src=\"https:\/\/www.youtube.com\/embed\/jGoMYO9ZdcE?start=7395&amp;feature=oembed\" frameborder=\"0\" allow=\"accelerometer; autoplay; clipboard-write; encrypted-media; gyroscope; picture-in-picture; web-share\" referrerpolicy=\"strict-origin-when-cross-origin\" allowfullscreen><\/iframe>\n<\/div><\/figure>\n\n\n\n<p class=\"wp-block-paragraph\">Nesta sexta-feira (17), a emissora anunciou que Everaldo ser\u00e1 a voz dos jogos da Sele\u00e7\u00e3o Brasileira durante a Copa, como um efeito do afastamento do titular <strong>Luis Roberto<\/strong>, que n\u00e3o viajar\u00e1 ao Mundial ap\u00f3s descobrir uma neoplasia na regi\u00e3o cervical, que exigir\u00e1 tratamento m\u00e9dico.<\/p>\n\n\n\n<p class=\"wp-block-paragraph\"><strong>+ GP EXPERIENCE: o novo produto do GRANDE PR\u00caMIO conecta voc\u00ea aos maiores eventos de esporte a motor do mundo. V\u00e1 para Indian\u00e1polis com a gente:&nbsp;<a href=\"https:\/\/gpexperience.tur.br\/\">saiba aqui todos os detalhes<\/a>.<\/strong><\/p>\n\n\n\n<figure class=\"wp-block-image size-large\"><img decoding=\"async\" src=\"https:\/\/www.grandepremio.com\/br\/wp-content\/uploads\/2024\/09\/imagem_2024-09-05_120106560-1200x900.png\" alt=\"\" class=\"wp-image-863801\"\/><figcaption class=\"wp-element-caption\">Bruno Fonseca (esquerds) junto de Felipe Giaffone na Stock Car (Foto: Reprodu\u00e7\u00e3o\/Arquivo Pessoal)<\/figcaption><\/figure>\n\n\n\n<p class=\"wp-block-paragraph\">Procurada pelo <strong>GRANDE PR\u00caMIO<\/strong>, a <strong>Globo <\/strong>n\u00e3o se manifestou at\u00e9 o fechamento desta reportagem.<\/p>\n\n\n\n<p class=\"wp-block-paragraph\">O Grupo Globo recuperou os direitos de transmiss\u00e3o da F\u00f3rmula 1 ap\u00f3s cinco temporadas do Mundial sendo exibido pela Band e as respectivas plataformas. O novo contrato estipula que 15 corridas sejam exibidas ao vivo em TV aberta, enquanto a cobertura no canal por assinatura <strong>sportv <\/strong>\u00e9 integral, incluindo classifica\u00e7\u00f5es, treinos livres e corridas sprint.<\/p>\n\n\n\n<p class=\"wp-block-paragraph\">A&nbsp;<strong>F\u00f3rmula 1<\/strong>&nbsp;entrou em hiato ap\u00f3s a suspens\u00e3o dos&nbsp;<strong>GPs do Bahrein<\/strong>&nbsp;e&nbsp;<strong>da Ar\u00e1bia Saudita<\/strong>&nbsp;e retorna no fim de semana de 1\u00ba a 3 de maio com o&nbsp;<strong>GP de Miami<\/strong>.<\/p>\n\n\n\n<p class=\"wp-block-paragraph\"><strong>Inscreva-se nos dois canais do GRANDE PR\u00caMIO no YouTube:&nbsp;<a href=\"https:\/\/www.youtube.com\/channel\/UC9OlHEgxoaY6QY6nWPoiqQg?sub_confirmation=1\">GP<\/a>&nbsp;|&nbsp;<a href=\"https:\/\/www.youtube.com\/channel\/UC9csiS6q_C3C0FYhyr1rnFA?sub_confirmation=1\">GPTV<\/a><\/strong><\/p>\n\n\n\n<h2 class=\"wp-block-heading\" id=\"h-f1-hoje-saiba-aqui-as-noticias-mais-importantes-do-dia-da-formula-1\"><strong>F1 hoje: saiba aqui as not\u00edcias mais importantes do dia da F\u00f3rmula 1<\/strong><\/h2>\n\n\n\n<p class=\"wp-block-paragraph\">A reda\u00e7\u00e3o do&nbsp;<strong>GRANDE PR\u00caMIO<\/strong>&nbsp;selecionou as not\u00edcias mais importantes das \u00faltimas horas para voc\u00ea ficar por dentro de tudo que acontece na F1.<\/p>\n\n\n\n<p class=\"wp-block-paragraph\"><strong>\u25b6\ufe0f <a href=\"https:\/\/www.grandepremio.com\/br\/f1\/noticias\/max-verstappen-demonstra-ceticismo-solucoes-regulamento-f1-ha-algo-errado\/\">Verstappen demonstra ceticismo com solu\u00e7\u00f5es para regulamento da F1: \u201cH\u00e1 algo de errado\u201d<\/a><br>\u25b6\ufe0f <a href=\"https:\/\/www.grandepremio.com\/br\/f1\/noticias\/cadillac-anuncia-estreia-colton-herta-f1-tl1-gp-barcelona-catalunha\/\">Cadillac anuncia estreia de Herta na F1 no TL1 do GP de Barcelona-Catalunha<\/a><br>\u25b6\ufe0f <a href=\"https:\/\/www.grandepremio.com\/br\/f1\/noticias\/carlos-sainz-cobra-reacao-williams-formula-1-2026-espero-bom-passo-miami\/\">Sainz cobra rea\u00e7\u00e3o da Williams na F1 2026: \u201cEspero bom passo em Miami\u201d<\/a><br>\u25b6\ufe0f <a href=\"https:\/\/www.grandepremio.com\/br\/f1\/noticias\/george-russell-revela-conversa-positiva-fia-sobre-f1-2026-alinhada-com-o-que-queremos\/\">Russell revela conversa \u201cpositiva\u201d com FIA sobre F1 2026: \u201cAlinhada com o que queremos\u201d<\/a><br>\u25b6\ufe0f <a href=\"https:\/\/www.grandepremio.com\/br\/f1\/noticias\/oscar-piastri-ve-mclaren-competitiva-formula-1-2026-reconhece-muito-trabalho-fazer\/\">Piastri v\u00ea McLaren competitiva na F1 2026, mas reconhece \u201cmuito trabalho a fazer\u201d<\/a><\/strong><\/p>\n","protected":false},"excerpt":{"rendered":"<p>A defini\u00e7\u00e3o de que o narrador da F1 ser\u00e1 o titular dos jogos do Brasil na Copa do Mundo levou a Globo a optar por Bruno Fonseca em seu lugar no per\u00edodo<\/p>\n","protected":false},"author":0,"featured_media":1000424061,"comment_status":"closed","ping_status":"closed","sticky":false,"template":"","format":"standard","meta":{"42wp_featured_image_caption":"","42wp_featured_image_credits":"","42wp_featured_video":"","42wp_featured_image_hidden":false,"42wp_authors_list":[],"footnotes":""},"categories":[2],"tags":[26271,5273,13771,147,29516,29148,180,31425,28995,1224,1491,28285,30840,35129,31470],"42wp_author":[47119],"class_list":["post-9950","post","type-post","status-publish","format-standard","has-post-thumbnail","hentry","category-f1","tag-calendario-f1","tag-classificacao-f1","tag-everaldo-marques","tag-f1","tag-f1-2026","tag-f1-hoje","tag-formula-1","tag-formula-1-2026","tag-formula-1-hoje","tag-globo","tag-grande-premio","tag-grandepremio","tag-horarios-f1","tag-onde-assistir-f1","tag-temporada-2026-f1","42wp_author-gabriel-carvalho"],"_links":{"self":[{"href":"https:\/\/grandepremio.com\/br\/wp-json\/wp\/v2\/posts\/9950","targetHints":{"allow":["GET"]}}],"collection":[{"href":"https:\/\/grandepremio.com\/br\/wp-json\/wp\/v2\/posts"}],"about":[{"href":"https:\/\/grandepremio.com\/br\/wp-json\/wp\/v2\/types\/post"}],"replies":[{"embeddable":true,"href":"https:\/\/grandepremio.com\/br\/wp-json\/wp\/v2\/comments?post=9950"}],"version-history":[{"count":0,"href":"https:\/\/grandepremio.com\/br\/wp-json\/wp\/v2\/posts\/9950\/revisions"}],"wp:featuredmedia":[{"embeddable":true,"href":"https:\/\/grandepremio.com\/br\/wp-json\/wp\/v2\/media\/1000424061"}],"wp:attachment":[{"href":"https:\/\/grandepremio.com\/br\/wp-json\/wp\/v2\/media?parent=9950"}],"wp:term":[{"taxonomy":"category","embeddable":true,"href":"https:\/\/grandepremio.com\/br\/wp-json\/wp\/v2\/categories?post=9950"},{"taxonomy":"post_tag","embeddable":true,"href":"https:\/\/grandepremio.com\/br\/wp-json\/wp\/v2\/tags?post=9950"},{"taxonomy":"42wp_author","embeddable":true,"href":"https:\/\/grandepremio.com\/br\/wp-json\/wp\/v2\/42wp_author?post=9950"}],"curies":[{"name":"wp","href":"https:\/\/api.w.org\/{rel}","templated":true}]}}