{"id":9951,"date":"2026-04-17T15:25:11","date_gmt":"2026-04-17T18:25:11","guid":{"rendered":"https:\/\/grandepremio.com\/br\/noticias\/globo-confirma-everaldo-marques-como-voz-brasil-copa-mundo-desfalca-formula-1\/"},"modified":"2026-04-17T18:29:52","modified_gmt":"2026-04-17T21:29:52","slug":"globo-confirma-everaldo-marques-como-voz-brasil-copa-mundo-desfalca-formula-1","status":"publish","type":"post","link":"https:\/\/grandepremio.com\/br\/f1\/globo-confirma-everaldo-marques-como-voz-brasil-copa-mundo-desfalca-formula-1\/","title":{"rendered":"Globo confirma Everaldo Marques como voz do Brasil na Copa do Mundo e desfalca F1"},"content":{"rendered":"\n<p class=\"wp-block-paragraph\">As transmiss\u00f5es da <strong>F\u00f3rmula 1<\/strong> na <strong>Globo<\/strong> ter\u00e3o uma mudan\u00e7a importante nos pr\u00f3ximos meses: a aus\u00eancia de <strong>Everaldo Marques<\/strong>. Titular da emissora carioca desde o retorno da principal categoria do automobilismo mundial, o narrador ficar\u00e1 fora durante o per\u00edodo da <strong>Copa do Mundo<\/strong>. A Globo anunciou que ser\u00e1 ele o respons\u00e1vel por dar voz aos jogos da Sele\u00e7\u00e3o Brasileira no Mundial de futebol.<\/p>\n\n\n\n<p class=\"wp-block-paragraph\">O titular dos jogos do Brasil na Copa seria <strong>Lu\u00eds Roberto de M\u00facio<\/strong>, mas o #1 da Globo ficar\u00e1 fora das narra\u00e7\u00f5es nos pr\u00f3ximos meses por conta de um tratamento de sa\u00fade. Com isso, Everaldo ser\u00e1 o narrador e <strong>Gustavo Villani<\/strong> far\u00e1 a apresenta\u00e7\u00e3o do pr\u00e9-jogo.<\/p>\n\n\n\n<figure class=\"wp-block-embed is-type-video is-provider-youtube wp-block-embed-youtube wp-embed-aspect-16-9 wp-has-aspect-ratio\"><div class=\"wp-block-embed__wrapper\">\n<iframe loading=\"lazy\" title=\"RID\u00cdCULO! GP DA CHINA de F1 (e HIST\u00d3RIAS INCR\u00cdVEIS) com EVERALDO MARQUES | Paddock GP #447\" width=\"500\" height=\"281\" src=\"https:\/\/www.youtube.com\/embed\/jGoMYO9ZdcE?feature=oembed\" frameborder=\"0\" allow=\"accelerometer; autoplay; clipboard-write; encrypted-media; gyroscope; picture-in-picture; web-share\" referrerpolicy=\"strict-origin-when-cross-origin\" allowfullscreen><\/iframe>\n<\/div><figcaption class=\"wp-element-caption\">RID\u00cdCULO! GP DA CHINA de F1 (e HIST\u00d3RIAS INCR\u00cdVEIS) com EVERALDO MARQUES | Paddock GP #447<\/figcaption><\/figure>\n\n\n\n<h3 class=\"wp-block-heading\" id=\"h-gp-experience-o-novo-produto-do-grande-premio-conecta-voce-aos-maiores-eventos-de-esporte-a-motor-do-mundo-va-para-indianapolis-com-a-gente-nbsp-saiba-aqui-todos-os-detalhes\"><strong><mark style=\"background-color:rgba(0, 0, 0, 0)\" class=\"has-inline-color has-vivid-red-color\">+ GP EXPERIENCE: o novo produto do GRANDE PR\u00caMIO conecta voc\u00ea aos maiores eventos de esporte a motor do mundo. V\u00e1 para Indian\u00e1polis com a gente:&nbsp;<a href=\"https:\/\/gpexperience.tur.br\/\">saiba aqui todos os detalhes<\/a>.<\/mark><\/strong><\/h3>\n\n\n\n<p class=\"wp-block-paragraph\">A escala da Globo ainda coloca Everaldo como narrador da F1 no <strong>GP de M\u00f4naco<\/strong>, que acontece em 7 de junho.<\/p>\n\n\n\n<p class=\"wp-block-paragraph\">O Brasil estreia na Copa do Mundo em jogo contra o Marrocos, no dia 13 de junho, no meio do fim de semana do<strong> GP de Barcelona<\/strong>. A fase de grupos, at\u00e9 quando todas as sele\u00e7\u00f5es est\u00e3o garantidas, vai at\u00e9 o fim de semana do <strong>GP da \u00c1ustria<\/strong>. O mundial de futebol termina apenas no dia 19 de julho, quando a F1 corre o <strong>GP da B\u00e9lgica<\/strong>. Antes dele, ainda h\u00e1 o <strong>GP da Inglaterra<\/strong>. <\/p>\n\n\n\n<figure class=\"wp-block-image size-large\"><img decoding=\"async\" src=\"https:\/\/www.grandepremio.com\/br\/wp-content\/uploads\/2026\/03\/corrida-f1-2026-largada-japao-01-1200x800.jpeg\" alt=\"\" class=\"wp-image-1073225\"\/><figcaption class=\"wp-element-caption\">Everaldo Marques vai desfalcar F1 na Globo durante Copa do Mundo  (Foto: Reprodu\u00e7\u00e3o\/F1)<\/figcaption><\/figure>\n\n\n\n<p class=\"wp-block-paragraph\">Por mais que a participa\u00e7\u00e3o do Brasil possa terminar antes disso, \u00e9 improv\u00e1vel que Everaldo deixe a maior competi\u00e7\u00e3o do futebol mundial antes do fim. Assim, ser\u00e3o quatro corridas sem a voz titular, uma vez que todas estas provas constam na lista de corridas que ir\u00e3o ao ar na TV aberta.<\/p>\n\n\n\n<p class=\"wp-block-paragraph\">A Globo pretende usar <strong>Bruno Fonseca<\/strong>, titular do <strong>sportv<\/strong>, como narrador na TV aberta, apurou o <strong>GRANDE PR\u00caMIO<\/strong>. O grupo ainda estuda se a narra\u00e7\u00e3o das corridas ser\u00e1 a mesma utilizada no canal por assinatura ou se algu\u00e9m vai substituir Bruno no per\u00edodo. Procurada pelo <strong>GRANDE PR\u00caMIO<\/strong>, a emissora n\u00e3o se manifestou at\u00e9 o fechamento desta reportagem.<\/p>\n\n\n\n<p class=\"wp-block-paragraph\">Por ora, Fonseca ser\u00e1 respons\u00e1vel por comandar a transmiss\u00e3o da Globo nas quatro corridas que constam na programa\u00e7\u00e3o da TV aberta \u2014 Espanha em 14 de junho, \u00c1ustria em 28 de junho, Inglaterra em 5 de julho e B\u00e9lgica em 19 de julho, dia da final da Copa.<\/p>\n\n\n\n<p class=\"wp-block-paragraph\">O Grupo Globo recuperou os direitos de transmiss\u00e3o da F\u00f3rmula 1 ap\u00f3s cinco temporadas do Mundial sendo exibido pela <strong>Band<\/strong> e as respectivas plataformas. O novo contrato estipula que 15 corridas sejam exibidas ao vivo em TV aberta, enquanto a cobertura no canal por assinatura\u00a0<strong>sportv\u00a0<\/strong>\u00e9 integral, incluindo classifica\u00e7\u00f5es, treinos livres e corridas sprint.<\/p>\n\n\n\n<p class=\"wp-block-paragraph\">A&nbsp;<strong>F\u00f3rmula 1<\/strong>&nbsp;entrou em hiato ap\u00f3s a suspens\u00e3o dos&nbsp;<strong>GPs do Bahrein<\/strong>&nbsp;e&nbsp;<strong>da Ar\u00e1bia Saudita<\/strong>&nbsp;e retorna no fim de semana de 1\u00ba a 3 de maio com o&nbsp;<strong>GP de Miami<\/strong>.<\/p>\n\n\n\n<p class=\"wp-block-paragraph\"><strong>Inscreva-se nos dois canais do GRANDE PR\u00caMIO no YouTube:&nbsp;<a href=\"https:\/\/www.youtube.com\/channel\/UC9OlHEgxoaY6QY6nWPoiqQg?sub_confirmation=1\">GP<\/a>&nbsp;|&nbsp;<a href=\"https:\/\/www.youtube.com\/channel\/UC9csiS6q_C3C0FYhyr1rnFA?sub_confirmation=1\">GPTV<\/a><\/strong><\/p>\n\n\n\n<h2 class=\"wp-block-heading\" id=\"h-f1-hoje-saiba-aqui-as-noticias-mais-importantes-do-dia-da-formula-1\"><strong>F1 hoje: saiba aqui as not\u00edcias mais importantes do dia da F\u00f3rmula 1<\/strong><\/h2>\n\n\n\n<p class=\"wp-block-paragraph\">A reda\u00e7\u00e3o do&nbsp;<strong>GRANDE PR\u00caMIO<\/strong>&nbsp;selecionou as not\u00edcias mais importantes das \u00faltimas horas para voc\u00ea ficar por dentro de tudo que acontece na F1.<\/p>\n\n\n\n<p class=\"wp-block-paragraph\"><strong><a href=\"https:\/\/www.grandepremio.com\/br\/f1\/noticias\/red-bull-despenca-f1-sofre-contraste-entre-motor-competitivo-chassi-mal-nascido\/\">Red Bull despenca na F1 e sofre contraste entre motor competitivo e chassi mal nascido<\/a><\/strong>&nbsp;<a href=\"https:\/\/www.grandepremio.com\/br\/f1\/noticias\/max-verstappen-demonstra-ceticismo-solucoes-regulamento-f1-ha-algo-errado\/\"><strong>Verstappen demonstra ceticismo com solu\u00e7\u00f5es para regulamento da F1: \u201cH\u00e1 algo de errado\u201d<\/strong><\/a><br><strong><a href=\"https:\/\/www.grandepremio.com\/br\/f1\/noticias\/max-verstappen-diz-incentivou-gianpiero-lambiase-se-mudar-mclaren-seria-loucura-nao-ir\/\">Verstappen diz que incentivou Lambiase a se mudar para McLaren: \u201cSeria loucura n\u00e3o ir\u201d<\/a><\/strong><br><strong><a href=\"https:\/\/www.grandepremio.com\/br\/f1\/noticias\/red-bull-confirma-reestruturacao-parte-tecnica-apos-problemas-rb22-2026\/\">Red Bull confirma reestrutura\u00e7\u00e3o em parte t\u00e9cnica ap\u00f3s problemas com RB22 em 2026<\/a><\/strong><br><strong><a href=\"https:\/\/www.grandepremio.com\/br\/f1\/noticias\/george-russell-revela-conversa-positiva-fia-sobre-f1-2026-alinhada-com-o-que-queremos\/\">Russell revela conversa \u201cpositiva\u201d com FIA sobre F1 2026: \u201cAlinhada com o que queremos\u201d<\/a><\/strong><\/p>\n","protected":false},"excerpt":{"rendered":"<p>Narrador titular para as corridas da F\u00f3rmula 1 no retorno \u00e0 Globo, Everaldo Marques vai ficar fora de algumas etapas. O motivo \u00e9 que ser\u00e1 o respons\u00e1vel pelos jogos da Sele\u00e7\u00e3o Brasileira na Copa do Mundo<\/p>\n","protected":false},"author":0,"featured_media":1000405695,"comment_status":"closed","ping_status":"closed","sticky":false,"template":"","format":"standard","meta":{"42wp_featured_image_caption":"","42wp_featured_image_credits":"","42wp_featured_video":"","42wp_featured_image_hidden":false,"42wp_authors_list":[],"footnotes":""},"categories":[2],"tags":[26000,5660,13771,29516,642,1224],"42wp_author":[47120],"class_list":["post-9951","post","type-post","status-publish","format-standard","has-post-thumbnail","hentry","category-f1","tag-audiencia-da-tv","tag-classificacao","tag-everaldo-marques","tag-f1-2026","tag-f1-ao-vivo","tag-globo","42wp_author-pedro-henrique-marum"],"_links":{"self":[{"href":"https:\/\/grandepremio.com\/br\/wp-json\/wp\/v2\/posts\/9951","targetHints":{"allow":["GET"]}}],"collection":[{"href":"https:\/\/grandepremio.com\/br\/wp-json\/wp\/v2\/posts"}],"about":[{"href":"https:\/\/grandepremio.com\/br\/wp-json\/wp\/v2\/types\/post"}],"replies":[{"embeddable":true,"href":"https:\/\/grandepremio.com\/br\/wp-json\/wp\/v2\/comments?post=9951"}],"version-history":[{"count":0,"href":"https:\/\/grandepremio.com\/br\/wp-json\/wp\/v2\/posts\/9951\/revisions"}],"wp:featuredmedia":[{"embeddable":true,"href":"https:\/\/grandepremio.com\/br\/wp-json\/wp\/v2\/media\/1000405695"}],"wp:attachment":[{"href":"https:\/\/grandepremio.com\/br\/wp-json\/wp\/v2\/media?parent=9951"}],"wp:term":[{"taxonomy":"category","embeddable":true,"href":"https:\/\/grandepremio.com\/br\/wp-json\/wp\/v2\/categories?post=9951"},{"taxonomy":"post_tag","embeddable":true,"href":"https:\/\/grandepremio.com\/br\/wp-json\/wp\/v2\/tags?post=9951"},{"taxonomy":"42wp_author","embeddable":true,"href":"https:\/\/grandepremio.com\/br\/wp-json\/wp\/v2\/42wp_author?post=9951"}],"curies":[{"name":"wp","href":"https:\/\/api.w.org\/{rel}","templated":true}]}}