{"id":99522,"date":"2023-09-04T12:40:22","date_gmt":"2023-09-04T15:40:22","guid":{"rendered":"https:\/\/grandepremio.com\/br\/noticias\/pierre-gasly-lamenta-tarde-dificil-gp-italia-preve-muito-trabalho-singapura\/"},"modified":"2023-09-04T12:40:31","modified_gmt":"2023-09-04T15:40:31","slug":"pierre-gasly-lamenta-tarde-dificil-gp-italia-preve-muito-trabalho-singapura","status":"publish","type":"post","link":"https:\/\/grandepremio.com\/br\/f1\/pierre-gasly-lamenta-tarde-dificil-gp-italia-preve-muito-trabalho-singapura\/","title":{"rendered":"Gasly lamenta \u201ctarde dif\u00edcil\u201d na It\u00e1lia e prev\u00ea &#8220;muito trabalho pela frente&#8221; em Singapura"},"content":{"rendered":"\n<p class=\"wp-block-paragraph\"><strong>Pierre Gasly<\/strong> sofreu com o desempenho da <strong>Alpine<\/strong> <a href=\"https:\/\/www.grandepremio.com\/br\/f1\/noticias\/max-verstappen-frustra-torcida-ferrari-gp-da-italia-vence-10-seguida-formula-1-2023\/\" class=\"ek-link\">ao longo do fim de semana<\/a> do <strong>GP da It\u00e1lia<\/strong>. Depois de ser se classificar apenas em 17\u00ba e ser eliminado ainda no Q1 na classifica\u00e7\u00e3o, o franc\u00eas voltou a sofrer com o ritmo na corrida e n\u00e3o foi al\u00e9m do 15\u00ba lugar. Embora soubesse das fraquezas da <strong>A523<\/strong>, o #10 lamentou a performance em <strong>Monza<\/strong> e disse estar preparado para voltar mais forte para a pr\u00f3xima corrida, em <strong>Singapura<\/strong>.<\/p>\n\n\n\n<p class=\"wp-block-paragraph\">Depois do desempenho s\u00f3lido apresentado durante o <strong>GP da Holanda,<\/strong> em que Gasly conseguiu um p\u00f3dio e <strong>Esteban Ocon<\/strong> terminou na zona de pontos, a Alpine parecia estar voltando aos trilhos na <strong>F\u00f3rmula 1<\/strong>. No entanto, o GP da It\u00e1lia chegou como um banho de \u00e1gua fria nos franceses.<\/p>\n\n\n\n<p class=\"wp-block-paragraph\"><strong>\u25b6\ufe0f\u00a0Inscreva-se nos dois canais do GRANDE PR\u00caMIO no YouTube:\u00a0<a href=\"https:\/\/www.youtube.com\/channel\/UC9OlHEgxoaY6QY6nWPoiqQg?sub_confirmation=1\" target=\"_blank\" rel=\"noreferrer noopener\">GP<\/a>\u00a0|\u00a0<a href=\"https:\/\/www.youtube.com\/channel\/UC9csiS6q_C3C0FYhyr1rnFA?sub_confirmation=1\" target=\"_blank\" rel=\"noreferrer noopener\">GP2<\/a><\/strong><br><strong>\u25b6\ufe0f\u00a0<a href=\"https:\/\/www.twitch.tv\/grandepremio\" target=\"_blank\" rel=\"noreferrer noopener\">Conhe\u00e7a o canal do GRANDE PR\u00caMIO na Twitch clicando aqui!<\/a><\/strong><\/p>\n\n\n\n<figure class=\"wp-block-image size-large\"><img decoding=\"async\" src=\"https:\/\/www.grandepremio.com\/br\/wp-content\/uploads\/2023\/09\/italia-2023-f1-corrida-alpine-pierre-gasly-afp-01-1024x683.jpg\" alt=\"\" class=\"wp-image-725669\"\/><figcaption class=\"wp-element-caption\">A Alpine n\u00e3o marcou pontos no GP da It\u00e1lia (Foto: AFP)<\/figcaption><\/figure>\n\n\n\n<p class=\"wp-block-paragraph\">Sem ritmo na classifica\u00e7\u00e3o e na corrida, a Alpine se firmou como pior time do fim de semana e saiu zerada do GP da It\u00e1lia. Embora soubesse das dificuldades do carro, Gasly lamentou o ocorrido, mas disse que \u00e9 preciso encarar a realidade para seguir evoluindo na temporada.<\/p>\n\n\n\n<p class=\"wp-block-paragraph\">\u201cFoi uma tarde muito dif\u00edcil, nenhum ritmo e muito trabalho para rever essa oscila\u00e7\u00e3o na performance de um fim de semana para o outro. Claramente ainda tem muito trabalho pela frente, mas vamos analisar tudo e voltar o foco para Singapura\u201d, disse Pierre<\/p>\n\n\n\n<p class=\"wp-block-paragraph\">\u201cFoi muito confuso, mas ao mesmo tempo sab\u00edamos de nossas fraquezas e que ser\u00edamos lentos aqui. Mas continua sendo\u2026 n\u00e3o sei qual a palavra certa, mas claramente temos muito a melhorar e \u00e9 uma realidade dif\u00edcil de encarar\u201d, finalizou Gasly.<\/p>\n\n\n\n<p class=\"wp-block-paragraph\">A\u00a0<strong><a href=\"https:\/\/www.grandepremio.com\/br\/f1\/\"><\/a><a href=\"https:\/\/www.grandepremio.com\/formula-1\/\" target=\"_blank\" rel=\"noreferrer noopener\">F\u00f3rmula 1<\/a><\/strong>\u00a0retorna em duas semanas, nos dias 15, 16 e 17 de setembro, com o GP de Singapura, 15\u00aa etapa da temporada 2023.<\/p>\n\n\n\n<figure class=\"wp-block-embed is-type-rich is-provider-incorporar-manipulador wp-block-embed-incorporar-manipulador wp-embed-aspect-16-9 wp-has-aspect-ratio\"><div class=\"wp-block-embed__wrapper\">\nhttps:\/\/youtube.com\/watch?v=eTJOkJRqcOE%3Fsi%3D8iEZmWlYBkCKa7hV\n<\/div><\/figure>\n","protected":false},"excerpt":{"rendered":"<p>Depois de ocupar as \u00faltimas posi\u00e7\u00f5es ao longo de todo o fim de semana do GP da It\u00e1lia, Pierre Gasly lamentou o desempenho da Alpine<\/p>\n","protected":false},"author":0,"featured_media":1000723793,"comment_status":"closed","ping_status":"closed","sticky":false,"template":"","format":"standard","meta":{"42wp_featured_image_caption":"","42wp_featured_image_credits":"","42wp_featured_video":"","42wp_featured_image_hidden":false,"42wp_authors_list":[],"footnotes":""},"categories":[2],"tags":[20491,302,147,1390,26105,29256,219,28285,36324,32394,676],"42wp_author":[47149],"class_list":["post-99522","post","type-post","status-publish","format-standard","has-post-thumbnail","hentry","category-f1","tag-alpine","tag-esteban-ocon","tag-f1","tag-gasly","tag-gp-da-italia-de-f1","tag-gp-da-italia-de-formula-1","tag-grande-prmio","tag-grandepremio","tag-monza-2023","tag-monza-f1","tag-pierre-gasly","42wp_author-bernardo-castro"],"_links":{"self":[{"href":"https:\/\/grandepremio.com\/br\/wp-json\/wp\/v2\/posts\/99522","targetHints":{"allow":["GET"]}}],"collection":[{"href":"https:\/\/grandepremio.com\/br\/wp-json\/wp\/v2\/posts"}],"about":[{"href":"https:\/\/grandepremio.com\/br\/wp-json\/wp\/v2\/types\/post"}],"replies":[{"embeddable":true,"href":"https:\/\/grandepremio.com\/br\/wp-json\/wp\/v2\/comments?post=99522"}],"version-history":[{"count":0,"href":"https:\/\/grandepremio.com\/br\/wp-json\/wp\/v2\/posts\/99522\/revisions"}],"wp:featuredmedia":[{"embeddable":true,"href":"https:\/\/grandepremio.com\/br\/wp-json\/wp\/v2\/media\/1000723793"}],"wp:attachment":[{"href":"https:\/\/grandepremio.com\/br\/wp-json\/wp\/v2\/media?parent=99522"}],"wp:term":[{"taxonomy":"category","embeddable":true,"href":"https:\/\/grandepremio.com\/br\/wp-json\/wp\/v2\/categories?post=99522"},{"taxonomy":"post_tag","embeddable":true,"href":"https:\/\/grandepremio.com\/br\/wp-json\/wp\/v2\/tags?post=99522"},{"taxonomy":"42wp_author","embeddable":true,"href":"https:\/\/grandepremio.com\/br\/wp-json\/wp\/v2\/42wp_author?post=99522"}],"curies":[{"name":"wp","href":"https:\/\/api.w.org\/{rel}","templated":true}]}}