{"id":99532,"date":"2023-09-04T10:00:00","date_gmt":"2023-09-04T13:00:00","guid":{"rendered":"https:\/\/grandepremio.com\/br\/noticias\/ferrari-esta-perdidaca-achar-graca-loucura-charles-leclerc-didier-pironi\/"},"modified":"2023-09-04T09:53:32","modified_gmt":"2023-09-04T12:53:32","slug":"ferrari-esta-perdidaca-achar-graca-loucura-charles-leclerc-didier-pironi","status":"publish","type":"post","link":"https:\/\/grandepremio.com\/br\/f1\/ferrari-esta-perdidaca-achar-graca-loucura-charles-leclerc-didier-pironi\/","title":{"rendered":"Ferrari est\u00e1 perdida\u00e7a em achar gra\u00e7a da loucura de Leclerc &#8216;\u00e0 Pironi&#8217;"},"content":{"rendered":"\n<p class=\"wp-block-paragraph\">A decis\u00e3o de <strong>Charles Leclerc<\/strong>, no fim do <strong><a href=\"https:\/\/www.grandepremio.com\/br\/f1\/noticias\/max-verstappen-frustra-torcida-ferrari-gp-da-italia-vence-10-seguida-formula-1-2023\/\" class=\"ek-link\">GP da It\u00e1lia<\/a><\/strong> do \u00faltimo fim de semana, ao ignorar a ordem da <strong>Ferrari<\/strong> de levar os carros para casa em seguran\u00e7a, atacar o companheiro <strong>Carlos Sainz<\/strong> no finalzinho, precisa ser levada a s\u00e9rio. At\u00e9 porque quase causou um acidente feio que tiraria os dois da corrida e cancelaria um p\u00f3dio e um quarto lugar importantes na briga para ser segunda for\u00e7a da F1 \u2014 com o resultado, <strong><a href=\"https:\/\/www.grandepremio.com\/br\/f1\/classificacao\/\" class=\"ek-link\">a Ferrari passou<\/a><\/strong> a <strong>Aston Martin<\/strong>.<\/p>\n\n\n\n<p class=\"wp-block-paragraph\">Ap\u00f3s a prova, o chefe Fr\u00e9d\u00e9ric Vasseur levou na brincadeira e tratou como um fato pitoresco, mas a verdade \u00e9 que passou a sensa\u00e7\u00e3o de que n\u00e3o entendeu com a seriedade necess\u00e1ria. Afinal, Leclerc agiu \u00e0 l\u00e1 <strong>Didier Pironi<\/strong> em 1982 e partiu para o ataque a despeito do bom senso e da paz na equipe, que nada tinha a ganhar. <strong>Pedro Henrique Marum<\/strong> analisa que levar o que aconteceu como nada demais \u00e9 demonstra\u00e7\u00e3o de uma equipe perdida.<\/p>\n\n\n\n<figure class=\"wp-block-embed is-type-rich is-provider-incorporar-manipulador wp-block-embed-incorporar-manipulador wp-embed-aspect-16-9 wp-has-aspect-ratio\"><div class=\"wp-block-embed__wrapper\">\n<iframe loading=\"lazy\" title=\"Ferrari est\u00e1 PERDIDA\u00c7A em achar gra\u00e7a de LOUCURA de Leclerc &amp;apos;\u00e0 Pironi&amp;apos; | GP \u00e0s 10\" width=\"500\" height=\"281\" src=\"https:\/\/www.youtube.com\/embed\/NnOS0-ul6hw?feature=oembed\" frameborder=\"0\" allow=\"accelerometer; autoplay; clipboard-write; encrypted-media; gyroscope; picture-in-picture; web-share\" referrerpolicy=\"strict-origin-when-cross-origin\" allowfullscreen><\/iframe>\n<\/div><\/figure>\n\n\n\n<p class=\"wp-block-paragraph\"><strong>\u25b6\ufe0f&nbsp;Inscreva-se nos dois canais do GRANDE PR\u00caMIO no YouTube:&nbsp;<a href=\"https:\/\/www.youtube.com\/channel\/UC9OlHEgxoaY6QY6nWPoiqQg?sub_confirmation=1\" target=\"_blank\" rel=\"noreferrer noopener\">GP<\/a>&nbsp;|&nbsp;<a href=\"https:\/\/www.youtube.com\/channel\/UC9csiS6q_C3C0FYhyr1rnFA?sub_confirmation=1\" target=\"_blank\" rel=\"noreferrer noopener\">GP2<\/a><\/strong><br><strong>\u25b6\ufe0f&nbsp;<a href=\"https:\/\/www.twitch.tv\/grandepremio\" target=\"_blank\" rel=\"noreferrer noopener\">Conhe\u00e7a o canal do GRANDE PR\u00caMIO na Twitch clicando aqui!<\/a><\/strong><\/p>\n","protected":false},"excerpt":{"rendered":"<p>Chefia da Ferrari tratou situa\u00e7\u00e3o com bom humor, quase como brincadeira, o que leva a imaginar que n\u00e3o entendeu direito o que Leclerc fez<\/p>\n","protected":false},"author":0,"featured_media":1000726000,"comment_status":"closed","ping_status":"closed","sticky":false,"template":"","format":"standard","meta":{"42wp_featured_image_caption":"","42wp_featured_image_credits":"","42wp_featured_video":"","42wp_featured_image_hidden":false,"42wp_authors_list":[],"footnotes":""},"categories":[2],"tags":[546,209,6533,642,207,30722,16601,1322,213,212,24898,36334,1491,26123,30103,28285,35129,36336,570],"42wp_author":[47120],"class_list":["post-99532","post","type-post","status-publish","format-standard","has-post-thumbnail","hentry","category-f1","tag-carlos-sainz","tag-charles-leclerc","tag-f1-2023","tag-f1-ao-vivo","tag-ferrari","tag-formula-1-2023","tag-fred-vasseur","tag-frederic-vasseur","tag-gp-as-10","tag-gp-as-dez","tag-gp-da-italia","tag-gp-em-monza","tag-grande-premio","tag-grande-premio-ao-vivo","tag-grande-premio-f1","tag-grandepremio","tag-onde-assistir-f1","tag-onde-assistir-gp-da-italia","tag-pedro-henrique-marum","42wp_author-pedro-henrique-marum"],"_links":{"self":[{"href":"https:\/\/grandepremio.com\/br\/wp-json\/wp\/v2\/posts\/99532","targetHints":{"allow":["GET"]}}],"collection":[{"href":"https:\/\/grandepremio.com\/br\/wp-json\/wp\/v2\/posts"}],"about":[{"href":"https:\/\/grandepremio.com\/br\/wp-json\/wp\/v2\/types\/post"}],"replies":[{"embeddable":true,"href":"https:\/\/grandepremio.com\/br\/wp-json\/wp\/v2\/comments?post=99532"}],"version-history":[{"count":0,"href":"https:\/\/grandepremio.com\/br\/wp-json\/wp\/v2\/posts\/99532\/revisions"}],"wp:featuredmedia":[{"embeddable":true,"href":"https:\/\/grandepremio.com\/br\/wp-json\/wp\/v2\/media\/1000726000"}],"wp:attachment":[{"href":"https:\/\/grandepremio.com\/br\/wp-json\/wp\/v2\/media?parent=99532"}],"wp:term":[{"taxonomy":"category","embeddable":true,"href":"https:\/\/grandepremio.com\/br\/wp-json\/wp\/v2\/categories?post=99532"},{"taxonomy":"post_tag","embeddable":true,"href":"https:\/\/grandepremio.com\/br\/wp-json\/wp\/v2\/tags?post=99532"},{"taxonomy":"42wp_author","embeddable":true,"href":"https:\/\/grandepremio.com\/br\/wp-json\/wp\/v2\/42wp_author?post=99532"}],"curies":[{"name":"wp","href":"https:\/\/api.w.org\/{rel}","templated":true}]}}