{"id":99537,"date":"2023-09-04T08:12:49","date_gmt":"2023-09-04T11:12:49","guid":{"rendered":"https:\/\/grandepremio.com\/br\/noticias\/mercedes-max-verstappen-perfeito-red-bull-so-perde-2023-se-ferrar-tudo\/"},"modified":"2023-09-04T08:22:07","modified_gmt":"2023-09-04T11:22:07","slug":"mercedes-max-verstappen-perfeito-red-bull-so-perde-2023-se-ferrar-tudo","status":"publish","type":"post","link":"https:\/\/grandepremio.com\/br\/f1\/mercedes-max-verstappen-perfeito-red-bull-so-perde-2023-se-ferrar-tudo\/","title":{"rendered":"Mercedes v\u00ea Verstappen &#8220;perfeito&#8221; e diz que Red Bull s\u00f3 perde em 2023 &#8220;se ferrar com tudo&#8221;"},"content":{"rendered":"\n<p class=\"wp-block-paragraph\">Mesmo tendo mais trabalho que o normal no in\u00edcio, <strong>Max Verstappen<\/strong> venceu o <strong>GP da It\u00e1lia<\/strong> <a href=\"https:\/\/www.grandepremio.com\/br\/f1\/noticias\/max-verstappen-frustra-torcida-ferrari-gp-da-italia-vence-10-seguida-formula-1-2023\/\" class=\"ek-link\">com tranquilidade<\/a>, e o dom\u00ednio impressionante do holand\u00eas junto com a <strong>Red Bull<\/strong> deixa <strong>Toto Wolff<\/strong>, chefe da <strong>Mercedes<\/strong>, com uma \u00fanica certeza: os taurinos s\u00f3 v\u00e3o perder para eles mesmos na <strong>F\u00f3rmula 1 2023<\/strong>.<\/p>\n\n\n\n<p class=\"wp-block-paragraph\">Ap\u00f3s a corrida realizada em <strong>Monza <\/strong>no domingo, o chefe da equipe alem\u00e3 foi indagado sobre o recorde de Verstappen, que chegou a dez vit\u00f3rias seguidas na categoria, batendo o n\u00famero de <strong>Sebastian Vettel<\/strong>. Wolff reconheceu que \u00e9 um n\u00famero que significa &#8220;perfei\u00e7\u00e3o&#8221; e fez uma proje\u00e7\u00e3o para as pr\u00f3ximas etapas.<\/p>\n\n\n\n<p class=\"wp-block-paragraph\"><strong>\u25b6\ufe0f\u00a0Inscreva-se nos dois canais do GRANDE PR\u00caMIO no YouTube:\u00a0<a href=\"https:\/\/www.youtube.com\/channel\/UC9OlHEgxoaY6QY6nWPoiqQg?sub_confirmation=1\" target=\"_blank\" rel=\"noreferrer noopener\">GP<\/a>\u00a0|\u00a0<a href=\"https:\/\/www.youtube.com\/channel\/UC9csiS6q_C3C0FYhyr1rnFA?sub_confirmation=1\" target=\"_blank\" rel=\"noreferrer noopener\">GP2<\/a><\/strong><br><strong>\u25b6\ufe0f\u00a0<a href=\"https:\/\/www.twitch.tv\/grandepremio\" target=\"_blank\" rel=\"noreferrer noopener\">Conhe\u00e7a o canal do GRANDE PR\u00caMIO na Twitch clicando aqui!<\/a><\/strong><\/p>\n\n\n\n<figure class=\"wp-block-image size-large\"><img decoding=\"async\" src=\"https:\/\/www.grandepremio.com\/br\/wp-content\/uploads\/2023\/09\/italia-2023-f1-corrida-red-bull-max-verstappen-07-1024x637.jpg\" alt=\"\" class=\"wp-image-725634\"\/><figcaption class=\"wp-element-caption\">Max Verstappen domina 2023 e s\u00f3 vai perder se a pr\u00f3pria Red Bull fizer besteira, na opini\u00e3o de Wolff (Foto: Red Bull Content Pool)<\/figcaption><\/figure>\n\n\n\n<p class=\"wp-block-paragraph\">&#8220;Acho que eles mesmos v\u00e3o ter de ferrar com tudo para n\u00e3o vencerem cada corrida da temporada&#8221;, admitiu Toto. &#8220;E a prop\u00f3sito, esse \u00e9 um recorde que consideraria bom, pois significa perfei\u00e7\u00e3o&#8221;, acrescentou. <\/p>\n\n\n\n<p class=\"wp-block-paragraph\">Em seguida, Wolff relembrou a famigerada temporada 2016, em que <strong>Nico Rosberg<\/strong> foi campe\u00e3o ap\u00f3s embate feroz contra o companheiro de equipe, <strong>Lewis Hamilton<\/strong>. Na ocasi\u00e3o, a base em Brackley venceu 19 de 21 corridas realizadas e s\u00f3 perdeu por circunst\u00e2ncias criadas por ela mesma. <\/p>\n\n\n\n<p class=\"wp-block-paragraph\">&#8220;S\u00f3 n\u00e3o fizemos isso (vencer tudo) porque nossos dois pilotos bateram em Barcelona e, depois, tivemos um problema de motor na <strong>Mal\u00e1sia<\/strong>&#8220;, salientou, minimizando, por\u00e9m, o tamanho da conquista de Verstappen em solo italiano.<\/p>\n\n\n\n<p class=\"wp-block-paragraph\">&#8220;Para mim, esses tipos de recordes s\u00e3o completamente irrelevantes. Eram irrelevantes em nossos bons tempos de Mercedes, n\u00e3o sei quantas corridas vencemos em sequ\u00eancia. Nem sabia que havia uma contagem do tipo&#8221;, deu de ombros.<\/p>\n\n\n\n<p class=\"wp-block-paragraph\">&#8220;Portanto, \u00e9 dif\u00edcil fazer algum coment\u00e1rio porque nunca significou algo na minha vida. Mas o resultado mostra que um grande piloto em um grande carro est\u00e1 competindo num n\u00edvel extremamente alto&#8221;, concluiu Wolff.<\/p>\n\n\n\n<p class=\"wp-block-paragraph\">A\u00a0<strong><a href=\"https:\/\/www.grandepremio.com\/br\/f1\/\"><\/a><a href=\"https:\/\/www.grandepremio.com\/formula-1\/\" target=\"_blank\" rel=\"noreferrer noopener\">F\u00f3rmula 1<\/a><\/strong>\u00a0retorna em duas semanas, nos dias 15, 16 e 17 de setembro, com o\u00a0<strong>GP de Singapura<\/strong>, 15\u00aa etapa da temporada 2023.<\/p>\n\n\n\n<figure class=\"wp-block-embed is-type-video is-provider-youtube wp-block-embed-youtube wp-embed-aspect-16-9 wp-has-aspect-ratio\"><div class=\"wp-block-embed__wrapper\">\n<iframe loading=\"lazy\" title=\"F1 2023 na It\u00e1lia: VERSTAPPEN 1\u00ba, P\u00c9REZ 2, SAINZ 3\u00ba em MONZA | Briefing\" width=\"500\" height=\"281\" src=\"https:\/\/www.youtube.com\/embed\/TCANJOjJ_NA?feature=oembed\" frameborder=\"0\" allow=\"accelerometer; autoplay; clipboard-write; encrypted-media; gyroscope; picture-in-picture; web-share\" referrerpolicy=\"strict-origin-when-cross-origin\" allowfullscreen><\/iframe>\n<\/div><\/figure>\n","protected":false},"excerpt":{"rendered":"<p>Toto Wolff relembrou a temporada 2016 da F\u00f3rmula 1, quando a Mercedes venceu 19 das 21 corridas realizadas e s\u00f3 perdeu GPs quando os pr\u00f3prios pilotos bateram entre si, al\u00e9m de um problema de motor<\/p>\n","protected":false},"author":0,"featured_media":1000667466,"comment_status":"closed","ping_status":"closed","sticky":false,"template":"","format":"standard","meta":{"42wp_featured_image_caption":"","42wp_featured_image_credits":"","42wp_featured_video":"","42wp_featured_image_hidden":false,"42wp_authors_list":[],"footnotes":""},"categories":[2],"tags":[26271,5273,147,6533,180,30722,24898,1491,28285,30840,17313,36323,28045,203,82,1737,36324,32394,35129,204,31447,150],"42wp_author":[47147],"class_list":["post-99537","post","type-post","status-publish","format-standard","has-post-thumbnail","hentry","category-f1","tag-calendario-f1","tag-classificacao-f1","tag-f1","tag-f1-2023","tag-formula-1","tag-formula-1-2023","tag-gp-da-italia","tag-grande-premio","tag-grandepremio","tag-horarios-f1","tag-italia","tag-italia-2023","tag-italia-f1","tag-max-verstappen","tag-mercedes","tag-monza","tag-monza-2023","tag-monza-f1","tag-onde-assistir-f1","tag-red-bull","tag-temporada-2023-f1","tag-toto-wolff","42wp_author-luana-marino"],"_links":{"self":[{"href":"https:\/\/grandepremio.com\/br\/wp-json\/wp\/v2\/posts\/99537","targetHints":{"allow":["GET"]}}],"collection":[{"href":"https:\/\/grandepremio.com\/br\/wp-json\/wp\/v2\/posts"}],"about":[{"href":"https:\/\/grandepremio.com\/br\/wp-json\/wp\/v2\/types\/post"}],"replies":[{"embeddable":true,"href":"https:\/\/grandepremio.com\/br\/wp-json\/wp\/v2\/comments?post=99537"}],"version-history":[{"count":0,"href":"https:\/\/grandepremio.com\/br\/wp-json\/wp\/v2\/posts\/99537\/revisions"}],"wp:featuredmedia":[{"embeddable":true,"href":"https:\/\/grandepremio.com\/br\/wp-json\/wp\/v2\/media\/1000667466"}],"wp:attachment":[{"href":"https:\/\/grandepremio.com\/br\/wp-json\/wp\/v2\/media?parent=99537"}],"wp:term":[{"taxonomy":"category","embeddable":true,"href":"https:\/\/grandepremio.com\/br\/wp-json\/wp\/v2\/categories?post=99537"},{"taxonomy":"post_tag","embeddable":true,"href":"https:\/\/grandepremio.com\/br\/wp-json\/wp\/v2\/tags?post=99537"},{"taxonomy":"42wp_author","embeddable":true,"href":"https:\/\/grandepremio.com\/br\/wp-json\/wp\/v2\/42wp_author?post=99537"}],"curies":[{"name":"wp","href":"https:\/\/api.w.org\/{rel}","templated":true}]}}