{"id":99552,"date":"2023-09-03T17:20:00","date_gmt":"2023-09-03T20:20:00","guid":{"rendered":"https:\/\/grandepremio.com\/br\/noticias\/5-coisas-que-aprendemos-no-gp-da-italia-14a-etapa-da-formula-1-2023\/"},"modified":"2023-09-03T17:19:44","modified_gmt":"2023-09-03T20:19:44","slug":"5-coisas-que-aprendemos-no-gp-da-italia-14a-etapa-da-formula-1-2023","status":"publish","type":"post","link":"https:\/\/grandepremio.com\/br\/f1\/5-coisas-que-aprendemos-no-gp-da-italia-14a-etapa-da-formula-1-2023\/","title":{"rendered":"5 coisas que aprendemos no GP da It\u00e1lia, 14\u00aa etapa da F\u00f3rmula 1 2023"},"content":{"rendered":"\n<p class=\"wp-block-paragraph\">O <a href=\"https:\/\/www.grandepremio.com\/br\/f1\/noticias\/max-verstappen-vence-italia-bate-recorde-sebastian-vettel-vitorias-consecutivas-formula-1\/\" class=\"ek-link\">recorde de vit\u00f3rias seguidas<\/a> de <strong>Max Verstappen<\/strong> na <strong>F1 <\/strong>chegou no <strong>GP da It\u00e1lia <\/strong>deste domingo (3). N\u00e3o foi a maior das atua\u00e7\u00f5es do holand\u00eas, que nem a pole fez, <a href=\"https:\/\/www.grandepremio.com\/br\/f1\/noticias\/max-verstappen-frustra-torcida-ferrari-gp-da-italia-vence-10-seguida-formula-1-2023\/\" class=\"ek-link\">mas a corrida foi divertida, sim<\/a>. Max precisou batalhar, especialmente com um aguerrid\u00edssimo <strong>Carlos Sainz<\/strong>, que salvou um p\u00f3dio, mas, acima de tudo, entendeu do que se tratava a etapa: era a chance de salvar um ano med\u00edocre da <strong>Ferrari<\/strong>, em casa, na frente de uma torcida apaixonada. E o espanhol deu um show.<\/p>\n\n\n\n<p class=\"wp-block-paragraph\"><strong>Sergio P\u00e9rez<\/strong> foi segundo, empurrado por um carro que \u00e9 hist\u00f3rico e que parece crescer a cada semana que passa. Atr\u00e1s de Sainz, <strong>Charles Leclerc<\/strong>, que perdeu a batalha direta com o companheiro, mas pegou 12 pontinhos cruciais para os italianos.<\/p>\n\n\n\n<p class=\"wp-block-paragraph\">A <strong>Mercedes <\/strong>teve <strong>George Russell<\/strong> e <strong>Lewis Hamilton<\/strong> em quinto e sexto, respectivamente, com ambos levando puni\u00e7\u00f5es por momentos de afoba\u00e7\u00e3o. <strong>Alexander Albon, <\/strong>sempre bem, foi s\u00e9timo, segurando <strong>Lando Norris<\/strong> a corrida toda. <strong>Fernando Alonso <\/strong>e <strong>Valtteri Bottas<\/strong> fecharam a zona de pontos.<\/p>\n\n\n\n<figure class=\"wp-block-image size-large\"><img decoding=\"async\" src=\"https:\/\/www.grandepremio.com\/br\/wp-content\/uploads\/2023\/09\/italia-2023-f1-corrida-red-bull-max-verstappen-afp-02-1024x683.jpg\" alt=\"\" class=\"wp-image-725713\"\/><figcaption class=\"wp-element-caption\">Max Verstappen \u00e9 cada vez mais l\u00edder da F1 2023 e quebrou recorde na It\u00e1lia (Foto: AFP) <\/figcaption><\/figure>\n\n\n\n<p class=\"wp-block-paragraph\">Diante deste cen\u00e1rio, o <strong>GRANDE PR\u00caMIO<\/strong> aponta cinco coisas que aprendemos na 14\u00aa etapa da<strong> F1 2023, <\/strong>na It\u00e1lia:<\/p>\n\n\n\n<p class=\"wp-block-paragraph\"><strong>Verstappen e o recorde de Vettel: era quest\u00e3o de tempo<\/strong><\/p>\n\n\n\n<p class=\"wp-block-paragraph\">Verstappen, enfim, derrubou o recorde de Vettel e encaixou a d\u00e9cima vit\u00f3ria consecutiva na temporada 2023. O holand\u00eas vai ser campe\u00e3o e vai seguir demolindo tudo que \u00e9 marca poss\u00edvel. E cabe mais, muito mais, afinal, a Red Bull n\u00e3o tem nem sombra de concorr\u00eancia, vai passeando semana ap\u00f3s semana, mesmo que as rivais se esforcem. O RB19 rema para ser o mais dominante carro da hist\u00f3ria<\/p>\n\n\n\n<p class=\"wp-block-paragraph\"><strong>Ferrari cresce, mas atitude de l\u00edder de Sainz \u00e9 ponto alto do fim de semana<\/strong><\/p>\n\n\n\n<p class=\"wp-block-paragraph\">Sainz teve o melhor fim de semana do ano e um dos melhores da carreira. O p\u00f3dio foi uma recompensa merecid\u00edssima para um cara que entendeu a urg\u00eancia do momento: a Ferrari precisava, desesperadamente, fazer algo de bom na It\u00e1lia, na corrida de casa. E o espanhol fez muito. Pole, boa largada, enormes defesas de posi\u00e7\u00e3o. Um le\u00e3o, atitude de um l\u00edder de equipe.<\/p>\n\n\n\n<figure class=\"wp-block-image size-large\"><img decoding=\"async\" src=\"https:\/\/www.grandepremio.com\/br\/wp-content\/uploads\/2023\/09\/italia-2023-f1-classificacao-mercedes-george-russell-01-1024x683.jpg\" alt=\"\" class=\"wp-image-724841\"\/><figcaption class=\"wp-element-caption\">George Russell ao menos foi ao top-5 (Foto: Mercedes)<\/figcaption><\/figure>\n\n\n\n<p class=\"wp-block-paragraph\"><strong>Mercedes tem resultado abaixo, carro abaixo e dupla fazendo besteira<\/strong><\/p>\n\n\n\n<p class=\"wp-block-paragraph\">O fim de semana da Mercedes, como um todo, foi bem fraco. Apesar da boa classifica\u00e7\u00e3o de Russell, o time n\u00e3o teve ritmo para acompanhar a Red Bull e a Ferrari e ainda sofreu com erros de t\u00e1tica e at\u00e9 de seus pilotos, sempre t\u00e3o elogiados. George tomou uma puni\u00e7\u00e3o por bobagem absurda ao passar um Esteban Ocon, sem carro e sem pneu, cortando chicane e n\u00e3o devolvendo a posi\u00e7\u00e3o. J\u00e1 Hamilton foi sancionado ao bater em Oscar Piastri. Mesmo assim ainda foram quinto e sexto, o que explica bastante a Mercedes tranquila como vice-l\u00edder da F1 2023.<\/p>\n\n\n\n<p class=\"wp-block-paragraph\"><strong>Nem Alonso salva tenebrosa Aston Martin. Albon carrega Williams<\/strong><\/p>\n\n\n\n<p class=\"wp-block-paragraph\">Talvez o GP da Holanda s\u00f3 tenha sido bom para a Aston Martin por causa da chuva, viu? O que se viu na It\u00e1lia foi mais da queda terr\u00edvel do time da \u00c1ustria para c\u00e1. Desde ent\u00e3o, p\u00f3dio s\u00f3 em Zandvoort e nem Alonso consegue mais salvar. Faz o que d\u00e1, claro, longe de estar mal, mas o carro n\u00e3o vai mais. A Williams, enquanto isso, evoluiu a olhos vistos, mas segue s\u00f3 com Albon carregando. Bons 6 pontos e praticamente a confirma\u00e7\u00e3o do s\u00e9timo lugar da F1 2023, mas \u00e9 o limite que o \u00f3timo tailand\u00eas pode atingir com a equipe de Grove.<\/p>\n\n\n\n<p class=\"wp-block-paragraph\"><strong>McLaren decepciona e ainda arranja sarna pra se co\u00e7ar com pilotos<\/strong><\/p>\n\n\n\n<p class=\"wp-block-paragraph\">A McLaren n\u00e3o passou perto de ser segunda for\u00e7a na It\u00e1lia, mas repetiu os problemas de domingo: n\u00e3o aproveita as chances, n\u00e3o concretiza o m\u00e1ximo de pontos que pode. E ainda arrumou para a cabe\u00e7a, hein? Deu o segundo undercut quase seguido de Norris em Piastri e, para piorar, os dois bateram. S\u00f3 n\u00e3o abandonaram por sorte, mas o caos existe.<\/p>\n\n\n\n<p class=\"wp-block-paragraph\">A\u00a0<strong><a href=\"https:\/\/www.grandepremio.com\/br\/f1\/\"><\/a><a href=\"https:\/\/www.grandepremio.com\/formula-1\/\" target=\"_blank\" rel=\"noreferrer noopener\">F\u00f3rmula 1<\/a><\/strong>\u00a0retorna em duas semanas, nos dias 15, 16 e 17 de setembro, com o <strong>GP de Singapura<\/strong>, 15\u00aa etapa da temporada 2023.<\/p>\n\n\n\n<p class=\"wp-block-paragraph\"><strong>\u25b6\ufe0f\u00a0Inscreva-se nos dois canais do GRANDE PR\u00caMIO no YouTube:\u00a0<a href=\"https:\/\/www.youtube.com\/channel\/UC9OlHEgxoaY6QY6nWPoiqQg?sub_confirmation=1\" target=\"_blank\" rel=\"noreferrer noopener\">GP<\/a>\u00a0|\u00a0<a href=\"https:\/\/www.youtube.com\/channel\/UC9csiS6q_C3C0FYhyr1rnFA?sub_confirmation=1\" target=\"_blank\" rel=\"noreferrer noopener\">GP2<\/a><\/strong><br><strong>\u25b6\ufe0f\u00a0<a href=\"https:\/\/www.twitch.tv\/grandepremio\" target=\"_blank\" rel=\"noreferrer noopener\">Conhe\u00e7a o canal do GRANDE PR\u00caMIO na Twitch clicando aqui!<\/a><\/strong><\/p>\n\n\n\n<figure class=\"wp-block-embed is-type-video is-provider-youtube wp-block-embed-youtube wp-embed-aspect-16-9 wp-has-aspect-ratio\"><div class=\"wp-block-embed__wrapper\">\n<iframe loading=\"lazy\" title=\"F1 2023 na It\u00e1lia: VERSTAPPEN 1\u00ba, P\u00c9REZ 2, SAINZ 3\u00ba em MONZA | Briefing\" width=\"500\" height=\"281\" src=\"https:\/\/www.youtube.com\/embed\/TCANJOjJ_NA?feature=oembed\" frameborder=\"0\" allow=\"accelerometer; autoplay; clipboard-write; encrypted-media; gyroscope; picture-in-picture; web-share\" referrerpolicy=\"strict-origin-when-cross-origin\" allowfullscreen><\/iframe>\n<\/div><\/figure>\n","protected":false},"excerpt":{"rendered":"<p>Max Verstappen venceu um GP da It\u00e1lia que serviu para quebrar o recorde de triunfos consecutivos na hist\u00f3ria da F1, mas que tamb\u00e9m teve atua\u00e7\u00e3o espetacular de Carlos Sainz, entendendo a import\u00e2ncia da etapa para a Ferrari<\/p>\n","protected":false},"author":0,"featured_media":1000725707,"comment_status":"closed","ping_status":"closed","sticky":false,"template":"","format":"standard","meta":{"42wp_featured_image_caption":"","42wp_featured_image_credits":"","42wp_featured_video":"","42wp_featured_image_hidden":false,"42wp_authors_list":[],"footnotes":""},"categories":[2],"tags":[1189,457,524,20491,309,26000,699,1280,2214,8866,26271,546,209,5273,211,781,302,147,7811,6533,176,207,180,30722,800,1224,1388,1647,24898,1491,28285,3746,119,36232,30840,4122,3967,35791,4005,17313,28045,29318,117,485,547,87,595,25553,203,90,82,1737,32394,36356,36187,1521,1556,2916,676,20372,35854,204,3901,3132,31447,612,215,35843,1389],"42wp_author":[47117],"class_list":["post-99552","post","type-post","status-publish","format-standard","has-post-thumbnail","hentry","category-f1","tag-alain-prost","tag-alfa-romeo","tag-alphatauri","tag-alpine","tag-aston-martin","tag-audiencia-da-tv","tag-ayrton-senna","tag-band","tag-brendon-hartley","tag-budapeste","tag-calendario-f1","tag-carlos-sainz","tag-charles-leclerc","tag-classificacao-f1","tag-daniel-ricciardo","tag-daniil-kvyat","tag-esteban-ocon","tag-f1","tag-f1-1988","tag-f1-2023","tag-fernando-alonso","tag-ferrari","tag-formula-1","tag-formula-1-2023","tag-george-russell","tag-globo","tag-gp-da-holanda","tag-gp-da-hungria","tag-gp-da-italia","tag-grande-premio","tag-grandepremio","tag-guanyu-zhou","tag-haas","tag-holanda-gp","tag-horarios-f1","tag-hungaroring","tag-hungria","tag-hungria-2023","tag-hungria-f1","tag-italia","tag-italia-f1","tag-italian-gp","tag-kevin-magnussen","tag-lance-stroll","tag-lando-norris","tag-lewis-hamilton","tag-liam-lawson","tag-logan-sargeant","tag-max-verstappen","tag-mclaren","tag-mercedes","tag-monza","tag-monza-f1","tag-monza-gp","tag-netherlands-gp","tag-nico-hulkenberg","tag-nyck-de-vries","tag-oscar-piastri","tag-pierre-gasly","tag-record","tag-recorde-red-bull","tag-red-bull","tag-sbt","tag-sergio-perez","tag-temporada-2023-f1","tag-valtteri-bottas","tag-williams","tag-yuki-tsunoda-nyck-de-vries","tag-zandvoort","42wp_author-gabriel-curty"],"_links":{"self":[{"href":"https:\/\/grandepremio.com\/br\/wp-json\/wp\/v2\/posts\/99552","targetHints":{"allow":["GET"]}}],"collection":[{"href":"https:\/\/grandepremio.com\/br\/wp-json\/wp\/v2\/posts"}],"about":[{"href":"https:\/\/grandepremio.com\/br\/wp-json\/wp\/v2\/types\/post"}],"replies":[{"embeddable":true,"href":"https:\/\/grandepremio.com\/br\/wp-json\/wp\/v2\/comments?post=99552"}],"version-history":[{"count":0,"href":"https:\/\/grandepremio.com\/br\/wp-json\/wp\/v2\/posts\/99552\/revisions"}],"wp:featuredmedia":[{"embeddable":true,"href":"https:\/\/grandepremio.com\/br\/wp-json\/wp\/v2\/media\/1000725707"}],"wp:attachment":[{"href":"https:\/\/grandepremio.com\/br\/wp-json\/wp\/v2\/media?parent=99552"}],"wp:term":[{"taxonomy":"category","embeddable":true,"href":"https:\/\/grandepremio.com\/br\/wp-json\/wp\/v2\/categories?post=99552"},{"taxonomy":"post_tag","embeddable":true,"href":"https:\/\/grandepremio.com\/br\/wp-json\/wp\/v2\/tags?post=99552"},{"taxonomy":"42wp_author","embeddable":true,"href":"https:\/\/grandepremio.com\/br\/wp-json\/wp\/v2\/42wp_author?post=99552"}],"curies":[{"name":"wp","href":"https:\/\/api.w.org\/{rel}","templated":true}]}}