{"id":99579,"date":"2023-09-03T12:23:49","date_gmt":"2023-09-03T15:23:49","guid":{"rendered":"https:\/\/grandepremio.com\/br\/noticias\/max-verstappen-forcou-carlos-sainz-erro-italia-brinca-tive-trabalhar-vencer\/"},"modified":"2023-09-03T12:28:47","modified_gmt":"2023-09-03T15:28:47","slug":"max-verstappen-forcou-carlos-sainz-erro-italia-brinca-tive-trabalhar-vencer","status":"publish","type":"post","link":"https:\/\/grandepremio.com\/br\/f1\/max-verstappen-forcou-carlos-sainz-erro-italia-brinca-tive-trabalhar-vencer\/","title":{"rendered":"Verstappen diz que &#8220;for\u00e7ou Sainz ao erro&#8221; na It\u00e1lia e brinca: &#8220;Tive de trabalhar para vencer&#8221;"},"content":{"rendered":"\n<p class=\"wp-block-paragraph\"><strong>Max Verstappen<\/strong> venceu pela d\u00e9cima vez consecutiva na hist\u00f3ria da <strong>F\u00f3rmula 1<\/strong>, mas dessa vez &#8220;teve de trabalhar&#8221; para <a href=\"https:\/\/www.grandepremio.com\/br\/f1\/noticias\/max-verstappen-frustra-torcida-ferrari-gp-da-italia-vence-10-seguida-formula-1-2023\/\" class=\"ek-link\">cruzar a linha de chegada em primeiro<\/a> no <strong>GP da It\u00e1lia<\/strong>, nas pr\u00f3prias palavras do holand\u00eas. Por conta da velocidade final da <strong>SF-23<\/strong>, foi preciso for\u00e7ar <strong>Carlos Sainz<\/strong> ao erro na corrida deste domingo (3).<\/p>\n\n\n\n<p class=\"wp-block-paragraph\">Sainz largou na pole-position e conseguiu manter a lideran\u00e7a, seguido de perto por Verstappen durante todo o tempo. Max at\u00e9 conseguia ficar a 0s4 de diferen\u00e7a na reta principal, por\u00e9m n\u00e3o o suficiente para tentar a manobra na freada da curva 1 gra\u00e7as \u00e0 configura\u00e7\u00e3o da <strong>Ferrari <\/strong>para a veloz pista de Monza.<\/p>\n\n\n\n<p class=\"wp-block-paragraph\"><strong>\u25b6\ufe0f\u00a0Inscreva-se nos dois canais do GRANDE PR\u00caMIO no YouTube:\u00a0<a href=\"https:\/\/www.youtube.com\/channel\/UC9OlHEgxoaY6QY6nWPoiqQg?sub_confirmation=1\" target=\"_blank\" rel=\"noreferrer noopener\">GP<\/a>\u00a0|\u00a0<a href=\"https:\/\/www.youtube.com\/channel\/UC9csiS6q_C3C0FYhyr1rnFA?sub_confirmation=1\" target=\"_blank\" rel=\"noreferrer noopener\">GP2<\/a><\/strong><br><strong>\u25b6\ufe0f\u00a0<a href=\"https:\/\/www.twitch.tv\/grandepremio\" target=\"_blank\" rel=\"noreferrer noopener\">Conhe\u00e7a o canal do GRANDE PR\u00caMIO na Twitch clicando aqui!<\/a><\/strong><\/p>\n\n\n\n<figure class=\"wp-block-image size-large\"><img decoding=\"async\" src=\"https:\/\/www.grandepremio.com\/br\/wp-content\/uploads\/2023\/09\/italia-2023-f1-corrida-red-bull-max-verstappen-04-1024x683.jpg\" alt=\"\" class=\"wp-image-725631\"\/><figcaption class=\"wp-element-caption\">Max Verstappen levou 15 voltas para assumir a lideran\u00e7a do GP da It\u00e1lia (Foto: Red Bull Content Pool)<\/figcaption><\/figure>\n\n\n\n<p class=\"wp-block-paragraph\">Com paci\u00eancia, Verstappen teve a chance na volta 15 ap\u00f3s o espanhol perder o ponto da freada e fritar pneus na primeira chicane. Com o resultado, o #1 da Red Bull <a href=\"https:\/\/www.grandepremio.com\/br\/f1\/noticias\/max-verstappen-vence-italia-bate-recorde-sebastian-vettel-vitorias-consecutivas-formula-1\/\" class=\"ek-link\">agora lidera o ranking de vit\u00f3rias seguidas<\/a>, batendo as nove de Sebastian Vettel.<\/p>\n\n\n\n<p class=\"wp-block-paragraph\">&#8220;Nunca acreditei que fosse poss\u00edvel, mas tivemos de trabalhar para consegui-la hoje, o que deixou tudo mais divertido&#8221;, brincou Verstappen ap\u00f3s a corrida ao comentar a vit\u00f3ria.<\/p>\n\n\n\n<p class=\"wp-block-paragraph\">&#8220;Tivemos um bom ritmo, mas eles [Ferrari] tinham muita velocidade final, ent\u00e3o foi dif\u00edcil de conseguir a aproxima\u00e7\u00e3o e tentar a manobra na curva 1, portanto tive de for\u00e7\u00e1-lo ao erro&#8221;, acrescentou ao falar sobre a ultrapassagem sobre Sainz.<\/p>\n\n\n\n<p class=\"wp-block-paragraph\">&#8220;Felizmente, isso aconteceu em algum ponto em que ele travou [as rodas]. Tentei ser paciente, ent\u00e3o s\u00f3 tive de escolher meu momento&#8221;, concluiu Max.<\/p>\n\n\n\n<p class=\"wp-block-paragraph\">A\u00a0<strong><a href=\"https:\/\/www.grandepremio.com\/br\/f1\/\" target=\"_blank\" rel=\"noreferrer noopener\" class=\"ek-link\">F\u00f3rmula <\/a>1<\/strong>\u00a0retorna em duas semanas, nos dias 15, 16 e 17 de setembro, com o GP de Singapura, 15\u00aa etapa da temporada 2023<\/p>\n\n\n\n<figure class=\"wp-block-embed is-type-video is-provider-youtube wp-block-embed-youtube wp-embed-aspect-16-9 wp-has-aspect-ratio\"><div class=\"wp-block-embed__wrapper\">\n<iframe loading=\"lazy\" title=\"F1 2023 na It\u00e1lia: VERSTAPPEN 1\u00ba, P\u00c9REZ 2, SAINZ 3\u00ba em MONZA | Briefing\" width=\"500\" height=\"281\" src=\"https:\/\/www.youtube.com\/embed\/TCANJOjJ_NA?feature=oembed\" frameborder=\"0\" allow=\"accelerometer; autoplay; clipboard-write; encrypted-media; gyroscope; picture-in-picture; web-share\" referrerpolicy=\"strict-origin-when-cross-origin\" allowfullscreen><\/iframe>\n<\/div><\/figure>\n","protected":false},"excerpt":{"rendered":"<p>Max Verstappen teve mais trabalho que o normal para vencer na It\u00e1lia, neste domingo (3), mas soube ser paciente at\u00e9 for\u00e7as Carlos Sainz ao erro, em suas pr\u00f3prias palavras<\/p>\n","protected":false},"author":0,"featured_media":1000725558,"comment_status":"closed","ping_status":"closed","sticky":false,"template":"","format":"standard","meta":{"42wp_featured_image_caption":"","42wp_featured_image_credits":"","42wp_featured_video":"","42wp_featured_image_hidden":false,"42wp_authors_list":[],"footnotes":""},"categories":[2],"tags":[26271,546,5273,147,6533,180,30722,24898,1491,28285,30840,17313,36323,28045,203,1737,36324,32394,35129,204,31447],"42wp_author":[47147],"class_list":["post-99579","post","type-post","status-publish","format-standard","has-post-thumbnail","hentry","category-f1","tag-calendario-f1","tag-carlos-sainz","tag-classificacao-f1","tag-f1","tag-f1-2023","tag-formula-1","tag-formula-1-2023","tag-gp-da-italia","tag-grande-premio","tag-grandepremio","tag-horarios-f1","tag-italia","tag-italia-2023","tag-italia-f1","tag-max-verstappen","tag-monza","tag-monza-2023","tag-monza-f1","tag-onde-assistir-f1","tag-red-bull","tag-temporada-2023-f1","42wp_author-luana-marino"],"_links":{"self":[{"href":"https:\/\/grandepremio.com\/br\/wp-json\/wp\/v2\/posts\/99579","targetHints":{"allow":["GET"]}}],"collection":[{"href":"https:\/\/grandepremio.com\/br\/wp-json\/wp\/v2\/posts"}],"about":[{"href":"https:\/\/grandepremio.com\/br\/wp-json\/wp\/v2\/types\/post"}],"replies":[{"embeddable":true,"href":"https:\/\/grandepremio.com\/br\/wp-json\/wp\/v2\/comments?post=99579"}],"version-history":[{"count":0,"href":"https:\/\/grandepremio.com\/br\/wp-json\/wp\/v2\/posts\/99579\/revisions"}],"wp:featuredmedia":[{"embeddable":true,"href":"https:\/\/grandepremio.com\/br\/wp-json\/wp\/v2\/media\/1000725558"}],"wp:attachment":[{"href":"https:\/\/grandepremio.com\/br\/wp-json\/wp\/v2\/media?parent=99579"}],"wp:term":[{"taxonomy":"category","embeddable":true,"href":"https:\/\/grandepremio.com\/br\/wp-json\/wp\/v2\/categories?post=99579"},{"taxonomy":"post_tag","embeddable":true,"href":"https:\/\/grandepremio.com\/br\/wp-json\/wp\/v2\/tags?post=99579"},{"taxonomy":"42wp_author","embeddable":true,"href":"https:\/\/grandepremio.com\/br\/wp-json\/wp\/v2\/42wp_author?post=99579"}],"curies":[{"name":"wp","href":"https:\/\/api.w.org\/{rel}","templated":true}]}}