{"id":99597,"date":"2023-09-03T04:00:00","date_gmt":"2023-09-03T07:00:00","guid":{"rendered":"https:\/\/grandepremio.com\/br\/noticias\/myles-rowe-faz-historia-levanta-titulo-pro-2000-portland-michael-dorlando-vence-corrida-2\/"},"modified":"2023-09-05T11:21:59","modified_gmt":"2023-09-05T14:21:59","slug":"myles-rowe-faz-historia-levanta-titulo-pro-2000-portland-michael-dorlando-vence-corrida-2","status":"publish","type":"post","link":"https:\/\/grandepremio.com\/br\/indy\/myles-rowe-faz-historia-levanta-titulo-pro-2000-portland-michael-dorlando-vence-corrida-2\/","title":{"rendered":"Rowe faz hist\u00f3ria e levanta t\u00edtulo da Pro 2000 em Portland. D&#8217;Orlando vence corrida 2"},"content":{"rendered":"\n<p class=\"wp-block-paragraph\"><strong>Myles Rowe <\/strong>fez hist\u00f3ria. O piloto foi ao p\u00f3dio com o terceiro lugar na corrida 2 da <strong>USF Pro 2000<\/strong>, em Portland, disputada neste s\u00e1bado (2) e levou o t\u00edtulo da categoria. Com o feito, Rowe se tornou o primeiro piloto negro a conquistar um t\u00edtulo de monopostos do automobilismo americano.<\/p>\n\n\n\n<p class=\"wp-block-paragraph\">Rowe, que \u00e9 piloto da Pabst Racing com apoio da <strong>Penske Entertainmen<\/strong>t e da<strong> Force Indy<\/strong>, registrou uma temporada de<a href=\"https:\/\/www.grandepremio.com\/br\/indy\/noticias\/myles-rowe-vence-corrida-2-toronto-aumenta-vantagem-lideranca-usf-pro-2000\/\" class=\"ek-link\"> cinco vit\u00f3rias <\/a>e outros quatro p\u00f3dios. Com mais um top-3, chegou aos 380 pontos e se tornou inalcan\u00e7\u00e1vel pelo brasileiro <strong>Kiko Porto<\/strong>, da <strong>DEForce Racing<\/strong>. Agora, Myles, de 23 anos, recebe uma premia\u00e7\u00e3o de US$ 664 mil (cerca de R$ 3,2 milh\u00f5es) para disputar a temporada 2024 da Indy NXT.<\/p>\n\n\n\n<figure class=\"wp-block-image size-large\"><img decoding=\"async\" src=\"https:\/\/www.grandepremio.com\/br\/wp-content\/uploads\/2023\/07\/Myles-Rowe-win-1024x683.jpg\" alt=\"\" class=\"wp-image-708146\"\/><figcaption class=\"wp-element-caption\">Myles Rowe conquistou cinco vit\u00f3rias na temporada 2023 da Pro 2000 (Foto: USF Pro 2000).<\/figcaption><\/figure>\n\n\n\n<p class=\"wp-block-paragraph\"><strong>\u25b6\ufe0f\u00a0Inscreva-se nos dois canais do GRANDE PR\u00caMIO no YouTube:\u00a0<a href=\"https:\/\/www.youtube.com\/channel\/UC9OlHEgxoaY6QY6nWPoiqQg?sub_confirmation=1\" target=\"_blank\" rel=\"noreferrer noopener\">GP<\/a>\u00a0|\u00a0<a href=\"https:\/\/www.youtube.com\/channel\/UC9csiS6q_C3C0FYhyr1rnFA?sub_confirmation=1\" target=\"_blank\" rel=\"noreferrer noopener\">GP2<\/a><\/strong><br><strong>\u25b6\ufe0f\u00a0<a href=\"https:\/\/www.twitch.tv\/grandepremio\" target=\"_blank\" rel=\"noreferrer noopener\">Conhe\u00e7a o canal do GRANDE PR\u00caMIO na Twitch clicando aqui!<\/a><\/strong><\/p>\n\n\n\n<p class=\"wp-block-paragraph\">&#8220;Todos estes competidores s\u00e3o muito duros. Sab\u00edamos ap\u00f3s o ano passado ap\u00f3s o vice da USF 2000, especialmente depois de ficar t\u00e3o perto, que precisar\u00edamos come\u00e7ar o ano com for\u00e7a. Foi o que fizemos. Trabalhamos, acreditamos e conseguimos. Agrade\u00e7o a todos que me apoiaram, todos que est\u00e3o assistindo e me empurrando, especialmente a minha fam\u00edlia por colocar sangue, suor e l\u00e1grimas. Roger Penske, a Penske, Force Indy, Pabst e meus patrocinadores: n\u00e3o seria poss\u00edvel sem eles&#8221;, completou Rowe.<\/p>\n\n\n\n<p class=\"wp-block-paragraph\">A corrida em Portland foi vencida por <strong>Michael d&#8217;Orlando<\/strong>, da Turn 3 Motorsport, enquanto <strong>Nikita Johnson <\/strong>chegou na segunda posi\u00e7\u00e3o. O alem\u00e3o<strong> Lirim Zendeli <\/strong>foi quarto, seguido por Porto,<strong> Jace Denmark, Bijoy Garg, Jack William Miller, Jonathan Browne e Francesco Pizzi.<\/strong><\/p>\n\n\n\n<p class=\"wp-block-paragraph\">A Pro 2000 encerra a temporada neste domingo com uma \u00faltima corrida no misto de Portland.<\/p>\n","protected":false},"excerpt":{"rendered":"<p>Myles Rowe precisou apenas de um p\u00f3dio na corrida 2 em Portland para conquistar o t\u00edtulo da Pro 2000 com anteced\u00eancia. O piloto de 23 anos se tornou o primeiro negro a conquistar um t\u00edtulo de monopostos nos Estados Unidos<\/p>\n","protected":false},"author":0,"featured_media":1000725386,"comment_status":"closed","ping_status":"closed","sticky":false,"template":"","format":"standard","meta":{"42wp_featured_image_caption":"","42wp_featured_image_credits":"","42wp_featured_video":"","42wp_featured_image_hidden":false,"42wp_authors_list":[],"footnotes":""},"categories":[3],"tags":[28552,6133,1491,28285,35361,93,25977,27262,29784,3769,1820,35164,33231],"42wp_author":[47119],"class_list":["post-99597","post","type-post","status-publish","format-standard","has-post-thumbnail","hentry","category-indy","tag-calendario-indy","tag-classificacao-indy","tag-grande-premio","tag-grandepremio","tag-horarios-indy","tag-indy","tag-indy-2023","tag-myles-rowe","tag-onde-assistir-indy","tag-portland","tag-pro-2000","tag-temporada-2023-da-indy","tag-usf-pro-2000","42wp_author-gabriel-carvalho"],"_links":{"self":[{"href":"https:\/\/grandepremio.com\/br\/wp-json\/wp\/v2\/posts\/99597","targetHints":{"allow":["GET"]}}],"collection":[{"href":"https:\/\/grandepremio.com\/br\/wp-json\/wp\/v2\/posts"}],"about":[{"href":"https:\/\/grandepremio.com\/br\/wp-json\/wp\/v2\/types\/post"}],"replies":[{"embeddable":true,"href":"https:\/\/grandepremio.com\/br\/wp-json\/wp\/v2\/comments?post=99597"}],"version-history":[{"count":0,"href":"https:\/\/grandepremio.com\/br\/wp-json\/wp\/v2\/posts\/99597\/revisions"}],"wp:featuredmedia":[{"embeddable":true,"href":"https:\/\/grandepremio.com\/br\/wp-json\/wp\/v2\/media\/1000725386"}],"wp:attachment":[{"href":"https:\/\/grandepremio.com\/br\/wp-json\/wp\/v2\/media?parent=99597"}],"wp:term":[{"taxonomy":"category","embeddable":true,"href":"https:\/\/grandepremio.com\/br\/wp-json\/wp\/v2\/categories?post=99597"},{"taxonomy":"post_tag","embeddable":true,"href":"https:\/\/grandepremio.com\/br\/wp-json\/wp\/v2\/tags?post=99597"},{"taxonomy":"42wp_author","embeddable":true,"href":"https:\/\/grandepremio.com\/br\/wp-json\/wp\/v2\/42wp_author?post=99597"}],"curies":[{"name":"wp","href":"https:\/\/api.w.org\/{rel}","templated":true}]}}