{"id":99611,"date":"2023-09-02T15:21:39","date_gmt":"2023-09-02T18:21:39","guid":{"rendered":"https:\/\/grandepremio.com\/br\/noticias\/simon-sikes-podio-leva-titulo-usf-2000-corrida-1-portland-douglas-vence\/"},"modified":"2023-09-02T15:58:52","modified_gmt":"2023-09-02T18:58:52","slug":"simon-sikes-podio-leva-titulo-usf-2000-corrida-1-portland-douglas-vence","status":"publish","type":"post","link":"https:\/\/grandepremio.com\/br\/indy\/simon-sikes-podio-leva-titulo-usf-2000-corrida-1-portland-douglas-vence\/","title":{"rendered":"Sikes vai ao p\u00f3dio e leva t\u00edtulo da USF 2000 na corrida 1 em Portland. Douglas vence"},"content":{"rendered":"\n<p class=\"wp-block-paragraph\"><strong>Simon Sikes<\/strong> conquistou o t\u00edtulo da<strong> USF 2000<\/strong> ap\u00f3s subir ao p\u00f3dio em terceiro lugar na corrida 1 da etapa de <strong>Portland<\/strong>. Em prova realizada na sexta-feira (1), Sikes correu com o regulamento debaixo do bra\u00e7o para se manter no top-3 durante as 25 voltas e soltar o grito de campe\u00e3o no circuito localizado no estado do Oregon.<\/p>\n\n\n\n<p class=\"wp-block-paragraph\">Ao t\u00e9rmino da prova inaugural da rodada tripla da \u00faltima etapa da temporada 2023 da USF 2000, o piloto da Pabst comemorou a conquista do t\u00edtulo em Portland. &#8220;Estou sem palavras. Nem sei o que estou sentindo. Foi uma montanha-russa ao longo do ano. Foi dif\u00edcil e teve seus altos e baixos. Finalmente, consegui isso para toda a equipe da Pabst, estou muito feliz por fazer isso por toda a equipe&#8221;, exaltou Sikes, que chegou aos 390 pontos com o 12\u00ba p\u00f3dio na temporada.<\/p>\n\n\n\n<p class=\"wp-block-paragraph\"><strong>\u25b6\ufe0f&nbsp;Inscreva-se nos dois canais do GRANDE PR\u00caMIO no YouTube:&nbsp;<\/strong><a href=\"https:\/\/www.youtube.com\/channel\/UC9OlHEgxoaY6QY6nWPoiqQg?sub_confirmation=1\" target=\"_blank\" rel=\"noreferrer noopener\"><strong>GP&nbsp;|&nbsp;GP2<\/strong><br><strong>\u25b6\ufe0f&nbsp;Conhe\u00e7a o canal do GRANDE PR\u00caMIO na Twitch clicando aqui!<\/strong><\/a><\/p>\n\n\n\n<p class=\"wp-block-paragraph\">&#8220;Significa o mundo para mim e n\u00e3o posso agradecer o suficiente a todos. A equipe foi fenomenal, o carro esteve no seu melhor de todo o ano&#8221;, completou o americano de 22 anos, que teve uma temporada dominante ao conquistar cinco vit\u00f3rias e seis pole-position em 2023.<\/p>\n\n\n\n<figure class=\"wp-block-image size-large\"><img decoding=\"async\" src=\"https:\/\/www.grandepremio.com\/br\/wp-content\/uploads\/2023\/09\/F4-zo1OXcAA44gE_Podio_USF-2000-1024x682.jpg\" alt=\"\" class=\"wp-image-725257\"\/><figcaption class=\"wp-element-caption\">Evagoras Papasavvas e Jacob Douglas no p\u00f3dio da corrida 1 em Portland (Foto: USF 2000)<\/figcaption><\/figure>\n\n\n\n<p class=\"wp-block-paragraph\">A conquista de Sikes foi a primeira da Pabst Racing no campeonato de pilotos da USF 2000. A festa da equipe em Portland ficou completa com vit\u00f3ria de <strong>Jacob Douglas<\/strong> na corrida 1. O neozeland\u00eas liderou as 25 voltas e coroou o desempenho dominante com o primeiro triunfo na temporada 2023.<\/p>\n\n\n\n<p class=\"wp-block-paragraph\">Outro destaque da corrida foi <strong>Evagoras Papasavvas<\/strong>, da Jay Howard, que ficou em segundo lugar ap\u00f3s largar da quinta coloca\u00e7\u00e3o em Portland.<\/p>\n\n\n\n<p class=\"wp-block-paragraph\"><strong>Nikita Johnson<\/strong>, em quarto, <strong>Lochie Hughes<\/strong>, em quinto, <strong>Max Garcia<\/strong>, em sexto, <strong>Al Morey<\/strong>, em s\u00e9timo, <strong>Mac Clark<\/strong>, em oitavo, <strong>Gordon Scully<\/strong>, em nono, e <strong>Elliot Cox<\/strong>, em d\u00e9cimo, completaram o top-10 da corrida 1 da etapa de Portland.<\/p>\n\n\n\n<p class=\"wp-block-paragraph\">Representante brasileiro na USF 2000, <strong>Lucas Fecury<\/strong>, da DEForce, concluiu a disputa em 12\u00ba lugar.<\/p>\n\n\n\n<p class=\"wp-block-paragraph\">A corrida 2 da rodada tripla da etapa de Portland, que marca o encerramento da temporada 2023 da USF 2000, acontece neste s\u00e1bado.<\/p>\n","protected":false},"excerpt":{"rendered":"<p>Na corrida 1 vencida pelo companheiro Jacob Douglas, Simon Sikes ficou em terceiro lugar e conquistou o t\u00edtulo da USF 2000. Fecury \u00e9 12\u00ba no Oregon<\/p>\n","protected":false},"author":0,"featured_media":1000725256,"comment_status":"closed","ping_status":"closed","sticky":false,"template":"","format":"standard","meta":{"42wp_featured_image_caption":"","42wp_featured_image_credits":"","42wp_featured_video":"","42wp_featured_image_hidden":false,"42wp_authors_list":[],"footnotes":""},"categories":[3],"tags":[28285,36370,35179,1427],"42wp_author":[47145],"class_list":["post-99611","post","type-post","status-publish","format-standard","has-post-thumbnail","hentry","category-indy","tag-grandepremio","tag-jacob-douglas","tag-lucas-fecury","tag-usf-2000","42wp_author-alessandro-pinheiro"],"_links":{"self":[{"href":"https:\/\/grandepremio.com\/br\/wp-json\/wp\/v2\/posts\/99611","targetHints":{"allow":["GET"]}}],"collection":[{"href":"https:\/\/grandepremio.com\/br\/wp-json\/wp\/v2\/posts"}],"about":[{"href":"https:\/\/grandepremio.com\/br\/wp-json\/wp\/v2\/types\/post"}],"replies":[{"embeddable":true,"href":"https:\/\/grandepremio.com\/br\/wp-json\/wp\/v2\/comments?post=99611"}],"version-history":[{"count":0,"href":"https:\/\/grandepremio.com\/br\/wp-json\/wp\/v2\/posts\/99611\/revisions"}],"wp:featuredmedia":[{"embeddable":true,"href":"https:\/\/grandepremio.com\/br\/wp-json\/wp\/v2\/media\/1000725256"}],"wp:attachment":[{"href":"https:\/\/grandepremio.com\/br\/wp-json\/wp\/v2\/media?parent=99611"}],"wp:term":[{"taxonomy":"category","embeddable":true,"href":"https:\/\/grandepremio.com\/br\/wp-json\/wp\/v2\/categories?post=99611"},{"taxonomy":"post_tag","embeddable":true,"href":"https:\/\/grandepremio.com\/br\/wp-json\/wp\/v2\/tags?post=99611"},{"taxonomy":"42wp_author","embeddable":true,"href":"https:\/\/grandepremio.com\/br\/wp-json\/wp\/v2\/42wp_author?post=99611"}],"curies":[{"name":"wp","href":"https:\/\/api.w.org\/{rel}","templated":true}]}}