{"id":99615,"date":"2023-09-02T14:41:41","date_gmt":"2023-09-02T17:41:41","guid":{"rendered":"https:\/\/grandepremio.com\/br\/noticias\/aston-martin-fala-minimizar-danos-italia-lamenta-classificacao-complicada-formula-1\/"},"modified":"2023-09-02T15:26:15","modified_gmt":"2023-09-02T18:26:15","slug":"aston-martin-fala-minimizar-danos-italia-lamenta-classificacao-complicada-formula-1","status":"publish","type":"post","link":"https:\/\/grandepremio.com\/br\/f1\/aston-martin-fala-minimizar-danos-italia-lamenta-classificacao-complicada-formula-1\/","title":{"rendered":"Aston Martin fala em &#8220;minimizar danos&#8221; na It\u00e1lia e lamenta &#8220;classifica\u00e7\u00e3o complicada&#8221;"},"content":{"rendered":"\n<p class=\"wp-block-paragraph\">\u00c9 seguro dizer que este s\u00e1bado (2) foi ruim para a <strong>Aston Martin<\/strong>. Com d\u00e9cimo e 20\u00ba lugares assegurados na <strong><a href=\"https:\/\/www.grandepremio.com\/br\/f1\/noticias\/carlos-sainz-conquista-pole-gp-da-italia-formula-1-confirma-forca-ferrari\/\" class=\"ek-link\">classifica\u00e7\u00e3o para o GP da It\u00e1lia<\/a><\/strong> de <strong><a href=\"https:\/\/www.grandepremio.com\/br\/f1\/\" class=\"ek-link\">F\u00f3rmula 1<\/a><\/strong>, o chefe de equipe, <strong>Mike Krack<\/strong>, terminou o dia falando em minimizar os danos e demonstrando pessimismo da equipe.<\/p>\n\n\n\n<p class=\"wp-block-paragraph\">Segundo Krack, <strong>Fernando Alonso<\/strong> ficou abaixo do rendimento esperado quando utilizou pneus macios, enquanto <strong>Lance Stroll<\/strong> sentiu muito a aus\u00eancia de quilometragem em Monza \u2014 o canadense <strong><a href=\"https:\/\/www.grandepremio.com\/br\/f1\/noticias\/drugovich-exalta-carro-fantastico-da-aston-martin-em-monza-fiquei-confortavel\/\" class=\"ek-link\">entregou o carro<\/a><\/strong> para <strong>Felipe Drugovich<\/strong> no TL1 e teve problemas no sistema de combust\u00edvel logo no come\u00e7o do TL2.<\/p>\n\n\n\n<p class=\"wp-block-paragraph\"><strong>\u25b6\ufe0f\u00a0Inscreva-se nos dois canais do GRANDE PR\u00caMIO no YouTube:\u00a0<a href=\"https:\/\/www.youtube.com\/channel\/UC9OlHEgxoaY6QY6nWPoiqQg?sub_confirmation=1\" target=\"_blank\" rel=\"noreferrer noopener\">GP<\/a>\u00a0|\u00a0<a href=\"https:\/\/www.youtube.com\/channel\/UC9csiS6q_C3C0FYhyr1rnFA?sub_confirmation=1\" target=\"_blank\" rel=\"noreferrer noopener\">GP2<\/a><\/strong><br><strong>\u25b6\ufe0f\u00a0<a href=\"https:\/\/www.twitch.tv\/grandepremio\" target=\"_blank\" rel=\"noreferrer noopener\">Conhe\u00e7a o canal do GRANDE PR\u00caMIO na Twitch clicando aqui!<\/a><\/strong><\/p>\n\n\n\n<figure class=\"wp-block-image size-large\"><img decoding=\"async\" src=\"https:\/\/www.grandepremio.com\/br\/wp-content\/uploads\/2023\/09\/italia-2023-f1-classificacao-aston-martin-fernando-alonso-04-1024x683.jpg\" alt=\"\" class=\"wp-image-724905\"\/><figcaption class=\"wp-element-caption\">Fernando Alonso larga em d\u00e9cimo no GP da It\u00e1lia (Foto: Aston Martin)<\/figcaption><\/figure>\n\n\n\n<p class=\"wp-block-paragraph\">&#8220;Uma classifica\u00e7\u00e3o complicada, porque n\u00e3o t\u00ednhamos o n\u00edvel de desempenho das nossas expectativas. Temos de entender os motivos pelos quais Fernando n\u00e3o conseguiu melhorar quando colocamos os pneus macios, porque n\u00e3o deu para competir pelas primeiras posi\u00e7\u00f5es no Q3&#8221;, lamentou.<\/p>\n\n\n\n<p class=\"wp-block-paragraph\">&#8220;Lance teve dificuldades com a ader\u00eancia dos pneus duros. Ele perdeu muito tempo de pista ontem, e isso comprometeu a prepara\u00e7\u00e3o. Vamos precisar de uma boa oportunidade aparecer amanh\u00e3 para fazer Lance escalar o pelot\u00e3o. Vai depender da sorte de outros, de certa maneira&#8221;, apontou.<\/p>\n\n\n\n<p class=\"wp-block-paragraph\">&#8220;Ainda precisamos correr uma longa prova e daremos tudo poss\u00edvel amanh\u00e3 para tentar trazer alguns pontos e minimizar os danos&#8221;, encerrou.<\/p>\n\n\n\n<p class=\"wp-block-paragraph\">O\u00a0<strong>GRANDE PR\u00caMIO<\/strong>\u00a0acompanha\u00a0<strong><a href=\"https:\/\/www.grandepremio.com\/br\/ao-vivo\/f1\">AO VIVO e EM\u00a0<\/a><a href=\"https:\/\/www.grandepremio.com\/br\/ao-vivo\/\" target=\"_blank\" rel=\"noreferrer noopener\">TEMPO REAL<\/a><\/strong>\u00a0todas as atividades do\u00a0<strong>GP da It\u00e1lia<\/strong>, em\u00a0<strong>Monza<\/strong>, 14\u00aa etapa da temporada 2023. No s\u00e1bado e no domingo, classifica\u00e7\u00e3o e corrida tamb\u00e9m contam com\u00a0<a href=\"https:\/\/formula1aovivo.com\/\" target=\"_blank\" rel=\"noreferrer noopener\">transmiss\u00e3o<\/a>\u00a0em\u00a0<strong><a href=\"https:\/\/www.youtube.com\/@GrandePremio1\/streams\">S<\/a><\/strong><a href=\"https:\/\/www.youtube.com\/@GrandePremio1\/streams\"><strong>EGUNDA TELA, NA GPTV, EM PARCERIA COM A VOZ DO ESPORTE<\/strong>.<\/a>\u00a0No domingo, a largada est\u00e1 marcada para as 10h (de Bras\u00edlia, GMT-3).<\/p>\n\n\n\n<figure class=\"wp-block-embed is-type-video is-provider-youtube wp-block-embed-youtube wp-embed-aspect-16-9 wp-has-aspect-ratio\"><div class=\"wp-block-embed__wrapper\">\n<iframe loading=\"lazy\" title=\"F1 2023 na It\u00e1lia: SAINZ POLE. Verstappen 2\u00ba. Tudo sobre a CLASSIFICA\u00c7\u00c3O em MONZA | Briefing\" width=\"500\" height=\"281\" src=\"https:\/\/www.youtube.com\/embed\/qdGEc0TYnS4?feature=oembed\" frameborder=\"0\" allow=\"accelerometer; autoplay; clipboard-write; encrypted-media; gyroscope; picture-in-picture; web-share\" referrerpolicy=\"strict-origin-when-cross-origin\" allowfullscreen><\/iframe>\n<\/div><figcaption class=\"wp-element-caption\">\ud83d\udd34AO VIVO! F1 2023 na It\u00e1lia: tudo sobre a CLASSIFICA\u00c7\u00c3O | Briefing<\/figcaption><\/figure>\n","protected":false},"excerpt":{"rendered":"<p>Mike Krack, chefe da Aston Martin, mostrou certa carga de pessimismo ao falar no desempenho da equipe na classifica\u00e7\u00e3o do GP da It\u00e1lia <\/p>\n","protected":false},"author":0,"featured_media":1000724860,"comment_status":"closed","ping_status":"closed","sticky":false,"template":"","format":"standard","meta":{"42wp_featured_image_caption":"","42wp_featured_image_credits":"","42wp_featured_video":"","42wp_featured_image_hidden":false,"42wp_authors_list":[],"footnotes":""},"categories":[2],"tags":[309,6533,642,176,30722,24898,36334,1491,26123,30103,28285,485,30559,35129,36336],"42wp_author":[47120],"class_list":["post-99615","post","type-post","status-publish","format-standard","has-post-thumbnail","hentry","category-f1","tag-aston-martin","tag-f1-2023","tag-f1-ao-vivo","tag-fernando-alonso","tag-formula-1-2023","tag-gp-da-italia","tag-gp-em-monza","tag-grande-premio","tag-grande-premio-ao-vivo","tag-grande-premio-f1","tag-grandepremio","tag-lance-stroll","tag-mike-krack","tag-onde-assistir-f1","tag-onde-assistir-gp-da-italia","42wp_author-pedro-henrique-marum"],"_links":{"self":[{"href":"https:\/\/grandepremio.com\/br\/wp-json\/wp\/v2\/posts\/99615","targetHints":{"allow":["GET"]}}],"collection":[{"href":"https:\/\/grandepremio.com\/br\/wp-json\/wp\/v2\/posts"}],"about":[{"href":"https:\/\/grandepremio.com\/br\/wp-json\/wp\/v2\/types\/post"}],"replies":[{"embeddable":true,"href":"https:\/\/grandepremio.com\/br\/wp-json\/wp\/v2\/comments?post=99615"}],"version-history":[{"count":0,"href":"https:\/\/grandepremio.com\/br\/wp-json\/wp\/v2\/posts\/99615\/revisions"}],"wp:featuredmedia":[{"embeddable":true,"href":"https:\/\/grandepremio.com\/br\/wp-json\/wp\/v2\/media\/1000724860"}],"wp:attachment":[{"href":"https:\/\/grandepremio.com\/br\/wp-json\/wp\/v2\/media?parent=99615"}],"wp:term":[{"taxonomy":"category","embeddable":true,"href":"https:\/\/grandepremio.com\/br\/wp-json\/wp\/v2\/categories?post=99615"},{"taxonomy":"post_tag","embeddable":true,"href":"https:\/\/grandepremio.com\/br\/wp-json\/wp\/v2\/tags?post=99615"},{"taxonomy":"42wp_author","embeddable":true,"href":"https:\/\/grandepremio.com\/br\/wp-json\/wp\/v2\/42wp_author?post=99615"}],"curies":[{"name":"wp","href":"https:\/\/api.w.org\/{rel}","templated":true}]}}