{"id":99617,"date":"2023-09-02T14:22:07","date_gmt":"2023-09-02T17:22:07","guid":{"rendered":"https:\/\/grandepremio.com\/br\/noticias\/como-carlos-sainz-charles-leclerc-ferrari-escaparam-punicao-volta-irregular-italia-formula-1\/"},"modified":"2023-09-02T17:33:34","modified_gmt":"2023-09-02T20:33:34","slug":"como-carlos-sainz-charles-leclerc-ferrari-escaparam-punicao-volta-irregular-italia-formula-1","status":"publish","type":"post","link":"https:\/\/grandepremio.com\/br\/f1\/como-carlos-sainz-charles-leclerc-ferrari-escaparam-punicao-volta-irregular-italia-formula-1\/","title":{"rendered":"Como Sainz e Leclerc escaparam de puni\u00e7\u00e3o apesar de &#8216;volta irregular&#8217; na It\u00e1lia"},"content":{"rendered":"\n<figure class=\"wp-block-video\"><video class=\"video-js vjs-big-play-centered\" data-gp-vjs=\"1\" controls src=\"https:\/\/www.grandepremio.com\/br\/wp-content\/uploads\/2023\/09\/Stint-Sainz-Q1-Classificacao-GP-da-Italia-F1-2023.mp4\"><\/video><figcaption class=\"wp-element-caption\">Volta r\u00e1pida de Sainz em Monza (V\u00eddeo: F1TV)<\/figcaption><\/figure>\n\n\n\n<p class=\"wp-block-paragraph\">A <strong><a href=\"https:\/\/www.grandepremio.com\/br\/f1\/noticias\/carlos-sainz-conquista-pole-gp-da-italia-formula-1-confirma-forca-ferrari\/\" class=\"ek-link\">classifica\u00e7\u00e3o do GP da It\u00e1lia<\/a><\/strong> de <strong><a href=\"https:\/\/www.grandepremio.com\/br\/f1\/\" class=\"ek-link\">F\u00f3rmula 1<\/a><\/strong>, realizada no fim da manh\u00e3 deste s\u00e1bado (2), chegou ao fim com muita comemora\u00e7\u00e3o da <strong>Ferrari<\/strong>, que conquistou a pole-position com <strong>Carlos Sainz<\/strong> e o terceiro posto com <strong>Charles Leclerc<\/strong>. Mas uma preocupa\u00e7\u00e3o grande: o aviso de investiga\u00e7\u00e3o contra ambos por andarem acima do limite de tempo estabelecido pela <strong>FIA (Federa\u00e7\u00e3o Mundial de Automobilismo)<\/strong>. Mas nenhum deles foi punido. Os comiss\u00e1rios explicaram ap\u00f3s a inspe\u00e7\u00e3o.<\/p>\n\n\n\n<p class=\"wp-block-paragraph\"><strong>\u25b6\ufe0f&nbsp;Inscreva-se nos dois canais do GRANDE PR\u00caMIO no YouTube:&nbsp;<a href=\"https:\/\/www.youtube.com\/channel\/UC9OlHEgxoaY6QY6nWPoiqQg?sub_confirmation=1\" target=\"_blank\" rel=\"noreferrer noopener\">GP<\/a>&nbsp;|&nbsp;<a href=\"https:\/\/www.youtube.com\/channel\/UC9csiS6q_C3C0FYhyr1rnFA?sub_confirmation=1\" target=\"_blank\" rel=\"noreferrer noopener\">GP2<\/a><\/strong><br><strong>\u25b6\ufe0f&nbsp;<a href=\"https:\/\/www.twitch.tv\/grandepremio\" target=\"_blank\" rel=\"noreferrer noopener\">Conhe\u00e7a o canal do GRANDE PR\u00caMIO na Twitch clicando aqui!<\/a><\/strong><\/p>\n\n\n\n<p class=\"wp-block-paragraph\">O contexto da defini\u00e7\u00e3o da FIA para este s\u00e1bado veio na manh\u00e3. Normalmente, pilotos j\u00e1 contam com um limite m\u00e1ximo de tempo que podem fazer quando v\u00e3o terminar entrando nos boxes na classifica\u00e7\u00e3o, mas, desta vez, a FIA mudou as coisas. Como em <strong>Monza<\/strong>, por conta da velocidade, os pilotos acabam andando lento na pista para encontrar um carro em que possam pegar v\u00e1cuo, <strong><a href=\"https:\/\/www.grandepremio.com\/br\/f1\/noticias\/fia-exige-tempo-maximo-voltas-evitar-classificacao-f1-italia-vire-caos\/\" class=\"ek-link\">a FIA estabeleceu um tempo m\u00e1ximo para todos os tipos de volta<\/a><\/strong>: at\u00e9 as de sa\u00edda dos boxes e aquelas para esfriar os pneus.<\/p>\n\n\n\n<p class=\"wp-block-paragraph\">O tempo estabelecido foi de 1min41s. Qualquer um que andasse acima disso sem que fosse absolutamente necess\u00e1rio, seria punido. E, durante a a parte inicial da classifica\u00e7\u00e3o, tanto Sainz quanto Leclerc receberam o aviso de investiga\u00e7\u00e3o.<\/p>\n\n\n\n<p class=\"wp-block-paragraph\">Acontece que os comiss\u00e1rios conclu\u00edram, ap\u00f3s analisar as imagens e telemetria, al\u00e9m de conversar com a equipe, que os dois pilotos ferraristas n\u00e3o guiaram &#8220;desnecessariamente lento&#8221;. Apesar de Leclerc ter andado mais de 1s acima do limite, com Sainz pouco menos de 1s, os comiss\u00e1rios defenderam: a volta de ambos era normal e se encaixaria nos limites estabelecidos at\u00e9 que foram pegos por pilotos em voltas mais r\u00e1pidas e abriram caminho por seguran\u00e7a.<\/p>\n\n\n\n<figure class=\"wp-block-image size-large\"><img decoding=\"async\" src=\"https:\/\/www.grandepremio.com\/br\/wp-content\/uploads\/2023\/09\/italia-2023-f1-classificacao-ferrari-charles-leclerc-afp-02-1024x683.jpg\" alt=\"\" class=\"wp-image-724914\"\/><figcaption class=\"wp-element-caption\">Charles Leclerc tamb\u00e9m escapou de &#8220;volta irregular&#8217; na classifica\u00e7\u00e3o (Foto: AFP) <\/figcaption><\/figure>\n\n\n\n<p class=\"wp-block-paragraph\">&#8220;Os dois pilotos ficaram dentro ou acima da velocidade necess\u00e1ria em grande parte da pista para terminar as voltas abaixo de 1min41s, especialmente nas retas. Mas, em ambos os casos, os comiss\u00e1rios conclu\u00edram que os pilotos tomaram as a\u00e7\u00f5es apropriadas para diminuir velocidade e ficar fora do trilho de corrida para n\u00e3o bloquear outros pilotos&#8221;, afirmou a FIA.<\/p>\n\n\n\n<p class=\"wp-block-paragraph\">&#8220;Nos dois casos, fizeram isso para permitir a passagem de quatro outros carros. Os comiss\u00e1rios, ent\u00e3o, determinam que os pilotos n\u00e3o guiaram &#8216;desnecessariamente lento&#8217;, e essa \u00e9, evidentemente, a raz\u00e3o pela qual passaram um pouco acima do tempo, por conta das a\u00e7\u00f5es apropriadas. N\u00e3o teremos a\u00e7\u00f5es adicionais&#8221;, finalizou.<\/p>\n\n\n\n<p class=\"wp-block-paragraph\">O&nbsp;<strong>GRANDE PR\u00caMIO<\/strong>&nbsp;acompanha&nbsp;<strong><a href=\"https:\/\/www.grandepremio.com\/br\/ao-vivo\/f1\">AO VIVO e EM&nbsp;<\/a><a href=\"https:\/\/www.grandepremio.com\/br\/ao-vivo\/\" target=\"_blank\" rel=\"noreferrer noopener\">TEMPO REAL<\/a><\/strong>&nbsp;todas as atividades do&nbsp;<strong>GP da It\u00e1lia<\/strong>, em&nbsp;<strong>Monza<\/strong>, 14\u00aa etapa da temporada 2023. No s\u00e1bado e no domingo, classifica\u00e7\u00e3o e corrida tamb\u00e9m contam com&nbsp;<a href=\"https:\/\/formula1aovivo.com\/\" target=\"_blank\" rel=\"noreferrer noopener\">transmiss\u00e3o<\/a>&nbsp;em&nbsp;<strong><a href=\"https:\/\/www.youtube.com\/@GrandePremio1\/streams\">S<\/a><\/strong><a href=\"https:\/\/www.youtube.com\/@GrandePremio1\/streams\"><strong>EGUNDA TELA, NA GPTV, EM PARCERIA COM A VOZ DO ESPORTE<\/strong>.<\/a>&nbsp;No domingo, a largada est\u00e1 marcada para as 10h (de Bras\u00edlia, GMT-3).<\/p>\n\n\n\n<figure class=\"wp-block-embed is-type-video is-provider-youtube wp-block-embed-youtube wp-embed-aspect-16-9 wp-has-aspect-ratio\"><div class=\"wp-block-embed__wrapper\">\n<iframe loading=\"lazy\" title=\"F1 2023 na It\u00e1lia: SAINZ POLE. Verstappen 2\u00ba. Tudo sobre a CLASSIFICA\u00c7\u00c3O em MONZA | Briefing\" width=\"500\" height=\"281\" src=\"https:\/\/www.youtube.com\/embed\/qdGEc0TYnS4?feature=oembed\" frameborder=\"0\" allow=\"accelerometer; autoplay; clipboard-write; encrypted-media; gyroscope; picture-in-picture; web-share\" referrerpolicy=\"strict-origin-when-cross-origin\" allowfullscreen><\/iframe>\n<\/div><figcaption class=\"wp-element-caption\">\ud83d\udd34AO VIVO! F1 2023 na It\u00e1lia: tudo sobre a CLASSIFICA\u00c7\u00c3O | Briefing<\/figcaption><\/figure>\n","protected":false},"excerpt":{"rendered":"<p>Dupla de pilotos da Ferrari terminou classifica\u00e7\u00e3o na It\u00e1lia sob investiga\u00e7\u00e3o, mas foi inocentada mesmo com volta acima do limite permitido<\/p>\n","protected":false},"author":0,"featured_media":1000724911,"comment_status":"closed","ping_status":"closed","sticky":false,"template":"","format":"standard","meta":{"42wp_featured_image_caption":"","42wp_featured_image_credits":"","42wp_featured_video":"","42wp_featured_image_hidden":false,"42wp_authors_list":[],"footnotes":""},"categories":[2],"tags":[546,209,6533,642,207,103,30722,24898,36334,1491,26123,30103,28285,35129,36336,2477],"42wp_author":[47120],"class_list":["post-99617","post","type-post","status-publish","format-standard","has-post-thumbnail","hentry","category-f1","tag-carlos-sainz","tag-charles-leclerc","tag-f1-2023","tag-f1-ao-vivo","tag-ferrari","tag-fia","tag-formula-1-2023","tag-gp-da-italia","tag-gp-em-monza","tag-grande-premio","tag-grande-premio-ao-vivo","tag-grande-premio-f1","tag-grandepremio","tag-onde-assistir-f1","tag-onde-assistir-gp-da-italia","tag-punicao","42wp_author-pedro-henrique-marum"],"_links":{"self":[{"href":"https:\/\/grandepremio.com\/br\/wp-json\/wp\/v2\/posts\/99617","targetHints":{"allow":["GET"]}}],"collection":[{"href":"https:\/\/grandepremio.com\/br\/wp-json\/wp\/v2\/posts"}],"about":[{"href":"https:\/\/grandepremio.com\/br\/wp-json\/wp\/v2\/types\/post"}],"replies":[{"embeddable":true,"href":"https:\/\/grandepremio.com\/br\/wp-json\/wp\/v2\/comments?post=99617"}],"version-history":[{"count":0,"href":"https:\/\/grandepremio.com\/br\/wp-json\/wp\/v2\/posts\/99617\/revisions"}],"wp:featuredmedia":[{"embeddable":true,"href":"https:\/\/grandepremio.com\/br\/wp-json\/wp\/v2\/media\/1000724911"}],"wp:attachment":[{"href":"https:\/\/grandepremio.com\/br\/wp-json\/wp\/v2\/media?parent=99617"}],"wp:term":[{"taxonomy":"category","embeddable":true,"href":"https:\/\/grandepremio.com\/br\/wp-json\/wp\/v2\/categories?post=99617"},{"taxonomy":"post_tag","embeddable":true,"href":"https:\/\/grandepremio.com\/br\/wp-json\/wp\/v2\/tags?post=99617"},{"taxonomy":"42wp_author","embeddable":true,"href":"https:\/\/grandepremio.com\/br\/wp-json\/wp\/v2\/42wp_author?post=99617"}],"curies":[{"name":"wp","href":"https:\/\/api.w.org\/{rel}","templated":true}]}}