{"id":99621,"date":"2023-09-02T14:03:14","date_gmt":"2023-09-02T17:03:14","guid":{"rendered":"https:\/\/grandepremio.com\/br\/noticias\/mercedes-elogia-solidez-italia-da-forca-lewis-hamilton-sabemos-o-que-pode-entregar\/"},"modified":"2023-09-02T14:04:06","modified_gmt":"2023-09-02T17:04:06","slug":"mercedes-elogia-solidez-italia-da-forca-lewis-hamilton-sabemos-o-que-pode-entregar","status":"publish","type":"post","link":"https:\/\/grandepremio.com\/br\/f1\/mercedes-elogia-solidez-italia-da-forca-lewis-hamilton-sabemos-o-que-pode-entregar\/","title":{"rendered":"Mercedes elogia solidez na It\u00e1lia e d\u00e1 for\u00e7a a Hamilton: &#8220;Sabemos o que pode entregar&#8221;"},"content":{"rendered":"\n<p class=\"wp-block-paragraph\">A <strong>Mercedes<\/strong> sai da classifica\u00e7\u00e3o deste s\u00e1bado (2) em <strong>Monza<\/strong> com sentimentos mistos. O quarto lugar de <strong>George Russell<\/strong> <a href=\"https:\/\/www.grandepremio.com\/br\/f1\/noticias\/carlos-sainz-conquista-pole-gp-da-italia-formula-1-confirma-forca-ferrari\/\" class=\"ek-link\">conquistado nos segundos finais<\/a> e <a href=\"https:\/\/www.grandepremio.com\/br\/f1\/noticias\/lewis-hamilton-preve-dificuldades-ultrapassar-williams-italia-mais-rapidos-retas\/\" class=\"ek-link\">a performance mediana que rendeu uma oitava posi\u00e7\u00e3o<\/a> para <strong>Lewis Hamilton<\/strong> foi por uma diferen\u00e7a pequena, apenas 0s149.<\/p>\n\n\n\n<p class=\"wp-block-paragraph\">Para o chef\u00e3o da equipe, <strong>Toto Wolff<\/strong>, a grande hist\u00f3ria at\u00e9 o momento foi a pole da <strong>Ferrari <\/strong>correndo em casa. &#8220;Foi \u00f3timo v\u00ea-los dar um show t\u00e3o grande e ver a emo\u00e7\u00e3o dos torcedores tamb\u00e9m foi muito legal&#8221;, disse.<\/p>\n\n\n\n<figure class=\"wp-block-image size-large\"><img decoding=\"async\" src=\"https:\/\/www.grandepremio.com\/br\/wp-content\/uploads\/2023\/09\/italia-2023-f1-classificacao-mercedes-george-russell-01-1024x683.jpg\" alt=\"\" class=\"wp-image-724841\"\/><figcaption class=\"wp-element-caption\">George Russell conquistou a quarta posi\u00e7\u00e3o e prev\u00ea luta pelo p\u00f3dio com Ferrari (Foto: Mercedes)<\/figcaption><\/figure>\n\n\n\n<p class=\"wp-block-paragraph\">Sobre as performances individuais, Toto procurou dar for\u00e7a a Lewis e ressaltou a gana de pilotagem do heptacampe\u00e3o para ganhar terreno durante as 53 voltas de amanh\u00e3. &#8220;Ele achou mais d\u00edficil ter confian\u00e7a no carro e buscou ader\u00eancia traseira nas sess\u00f5es. Por\u00e9m, sabemos o que pode entregar na corrida e tenho certeza que lutar\u00e1 at\u00e9 os metros finais para conquistar um bom resultado&#8221;, disse.<\/p>\n\n\n\n<p class=\"wp-block-paragraph\">Wolff, por sua vez, tratou de distribuir elogios ao desempenho de Russell na pista italiana. &#8220;George fez um bom trabalho chegando \u00e0 segunda fila. Sabemos como \u00e9 dif\u00edcil ultrapassar neste circuito, com pouca asa e DRS reduzido, mas se ele fizer uma boa largada, poder\u00e1 lutar l\u00e1 na frente&#8221;.<\/p>\n\n\n\n<figure class=\"wp-block-image size-large\"><img decoding=\"async\" src=\"https:\/\/www.grandepremio.com\/br\/wp-content\/uploads\/2023\/09\/italia-2023-f1-classificacao-mercedes-lewis-hamilton-03-1024x683.jpg\" alt=\"\" class=\"wp-image-724906\"\/><figcaption class=\"wp-element-caption\">Lewis Hamilton se impressionou com a Williams na classifica\u00e7\u00e3o para o GP da It\u00e1lia (Foto: Mercedes)<\/figcaption><\/figure>\n\n\n\n<p class=\"wp-block-paragraph\">Para a corrida de domingo, o dirigente sabe que ser\u00e1 uma longa jornada e com poucas op\u00e7\u00f5es estrat\u00e9gicas. &#8220;Provavelmente, ser\u00e1 apenas uma parada para todos e queremos avaliar como ser\u00e1 nosso ritmo de corrida. Mas hoje foi uma sess\u00e3o s\u00f3lida para n\u00f3s&#8221;, completou.<\/p>\n\n\n\n<p class=\"wp-block-paragraph\"><strong>\u25b6\ufe0f\u00a0Inscreva-se nos dois canais do GRANDE PR\u00caMIO no YouTube:\u00a0<a href=\"https:\/\/www.youtube.com\/channel\/UC9OlHEgxoaY6QY6nWPoiqQg?sub_confirmation=1\" target=\"_blank\" rel=\"noreferrer noopener\">GP<\/a>\u00a0|\u00a0<a href=\"https:\/\/www.youtube.com\/channel\/UC9csiS6q_C3C0FYhyr1rnFA?sub_confirmation=1\" target=\"_blank\" rel=\"noreferrer noopener\">GP2<\/a><\/strong><br><strong>\u25b6\ufe0f\u00a0<a href=\"https:\/\/www.twitch.tv\/grandepremio\" target=\"_blank\" rel=\"noreferrer noopener\">Conhe\u00e7a o canal do GRANDE PR\u00caMIO na Twitch clicando aqui!<\/a><\/strong><\/p>\n\n\n\n<p class=\"wp-block-paragraph\">O\u00a0<strong>GRANDE PR\u00caMIO<\/strong>\u00a0acompanha\u00a0<strong><a href=\"https:\/\/www.grandepremio.com\/br\/ao-vivo\/f1\">AO VIVO e EM\u00a0<\/a><a href=\"https:\/\/www.grandepremio.com\/br\/ao-vivo\/\" target=\"_blank\" rel=\"noreferrer noopener\">TEMPO REAL<\/a><\/strong>\u00a0todas as atividades do\u00a0<strong>GP da It\u00e1lia<\/strong>, em\u00a0<strong>Monza<\/strong>, 14\u00aa etapa da temporada 2023. No s\u00e1bado e no domingo, classifica\u00e7\u00e3o e corrida tamb\u00e9m contam com\u00a0<a href=\"https:\/\/formula1aovivo.com\/\" target=\"_blank\" rel=\"noreferrer noopener\">transmiss\u00e3o<\/a>\u00a0em\u00a0<strong><a href=\"https:\/\/www.youtube.com\/@GrandePremio1\/streams\">S<\/a><\/strong><a href=\"https:\/\/www.youtube.com\/@GrandePremio1\/streams\"><strong>EGUNDA TELA, NA GPTV, EM PARCERIA COM A VOZ DO ESPORTE<\/strong>.<\/a>\u00a0No domingo, a largada est\u00e1 marcada para as 10h (de Bras\u00edlia, GMT-3).<\/p>\n\n\n\n<figure class=\"wp-block-embed is-type-video is-provider-youtube wp-block-embed-youtube wp-embed-aspect-16-9 wp-has-aspect-ratio\"><div class=\"wp-block-embed__wrapper\">\n<iframe loading=\"lazy\" title=\"F1 2023 na It\u00e1lia: SAINZ POLE. Verstappen 2\u00ba. Tudo sobre a CLASSIFICA\u00c7\u00c3O em MONZA | Briefing\" width=\"500\" height=\"281\" src=\"https:\/\/www.youtube.com\/embed\/qdGEc0TYnS4?feature=oembed\" frameborder=\"0\" allow=\"accelerometer; autoplay; clipboard-write; encrypted-media; gyroscope; picture-in-picture; web-share\" referrerpolicy=\"strict-origin-when-cross-origin\" allowfullscreen><\/iframe>\n<\/div><\/figure>\n","protected":false},"excerpt":{"rendered":"<p>Toto Wolff gostou do que viu em George Russell na classifica\u00e7\u00e3o em Monza e procurou motivar seu pupilo na Mercedes apesar do oitavo lugar no grid<\/p>\n","protected":false},"author":0,"featured_media":1000667465,"comment_status":"closed","ping_status":"closed","sticky":false,"template":"","format":"standard","meta":{"42wp_featured_image_caption":"","42wp_featured_image_credits":"","42wp_featured_video":"","42wp_featured_image_hidden":false,"42wp_authors_list":[],"footnotes":""},"categories":[2],"tags":[26271,5273,147,6533,207,180,30722,800,24898,1491,28285,30840,17313,36323,28045,87,82,1737,36324,32394,35129,31447,150],"42wp_author":[47128],"class_list":["post-99621","post","type-post","status-publish","format-standard","has-post-thumbnail","hentry","category-f1","tag-calendario-f1","tag-classificacao-f1","tag-f1","tag-f1-2023","tag-ferrari","tag-formula-1","tag-formula-1-2023","tag-george-russell","tag-gp-da-italia","tag-grande-premio","tag-grandepremio","tag-horarios-f1","tag-italia","tag-italia-2023","tag-italia-f1","tag-lewis-hamilton","tag-mercedes","tag-monza","tag-monza-2023","tag-monza-f1","tag-onde-assistir-f1","tag-temporada-2023-f1","tag-toto-wolff","42wp_author-guilherme-bloisi"],"_links":{"self":[{"href":"https:\/\/grandepremio.com\/br\/wp-json\/wp\/v2\/posts\/99621","targetHints":{"allow":["GET"]}}],"collection":[{"href":"https:\/\/grandepremio.com\/br\/wp-json\/wp\/v2\/posts"}],"about":[{"href":"https:\/\/grandepremio.com\/br\/wp-json\/wp\/v2\/types\/post"}],"replies":[{"embeddable":true,"href":"https:\/\/grandepremio.com\/br\/wp-json\/wp\/v2\/comments?post=99621"}],"version-history":[{"count":0,"href":"https:\/\/grandepremio.com\/br\/wp-json\/wp\/v2\/posts\/99621\/revisions"}],"wp:featuredmedia":[{"embeddable":true,"href":"https:\/\/grandepremio.com\/br\/wp-json\/wp\/v2\/media\/1000667465"}],"wp:attachment":[{"href":"https:\/\/grandepremio.com\/br\/wp-json\/wp\/v2\/media?parent=99621"}],"wp:term":[{"taxonomy":"category","embeddable":true,"href":"https:\/\/grandepremio.com\/br\/wp-json\/wp\/v2\/categories?post=99621"},{"taxonomy":"post_tag","embeddable":true,"href":"https:\/\/grandepremio.com\/br\/wp-json\/wp\/v2\/tags?post=99621"},{"taxonomy":"42wp_author","embeddable":true,"href":"https:\/\/grandepremio.com\/br\/wp-json\/wp\/v2\/42wp_author?post=99621"}],"curies":[{"name":"wp","href":"https:\/\/api.w.org\/{rel}","templated":true}]}}