{"id":99637,"date":"2023-09-02T10:44:13","date_gmt":"2023-09-02T13:44:13","guid":{"rendered":"https:\/\/grandepremio.com\/br\/noticias\/red-bull-identifica-vazamento-oleo-sergio-perez-duvida-classificacao-monza\/"},"modified":"2023-09-02T10:46:41","modified_gmt":"2023-09-02T13:46:41","slug":"red-bull-identifica-vazamento-oleo-sergio-perez-duvida-classificacao-monza","status":"publish","type":"post","link":"https:\/\/grandepremio.com\/br\/f1\/red-bull-identifica-vazamento-oleo-sergio-perez-duvida-classificacao-monza\/","title":{"rendered":"Red Bull identifica vazamento de \u00f3leo, e P\u00e9rez \u00e9 d\u00favida para classifica\u00e7\u00e3o em Monza"},"content":{"rendered":"\n<p class=\"wp-block-paragraph\">A <strong>Red Bull<\/strong> corre contra o tempo para colocar o carro de <strong>Sergio P\u00e9rez<\/strong> em condi\u00e7\u00f5es de disputar a classifica\u00e7\u00e3o de logo mais (2), \u00e0s 11h (Hor\u00e1rio de Bras\u00edlia). O mexicano pode ficar de fora caso a equipe n\u00e3o consiga consertar um problema identificado ainda no TL3.<\/p>\n\n\n\n<p class=\"wp-block-paragraph\">Na atividade mais cedo, P\u00e9rez <a href=\"https:\/\/www.grandepremio.com\/br\/f1\/noticias\/carlos-sainz-mantem-ponta-lidera-tl3-modorrento-gp-da-italia-formula-1\/\" class=\"ek-link\">ficou em d\u00e9cimo<\/a> em sess\u00e3o comandada por <strong>Carlos Sainz<\/strong>, com seu melhor tempo em 1min22s192, 1s280 atr\u00e1s do l\u00edder, mas uma cena chamou a aten\u00e7\u00e3o.<\/p>\n\n\n\n<p class=\"wp-block-paragraph\">Sua equipe encerrou a participa\u00e7\u00e3o de Sergio antes do tempo por conta de uma quest\u00e3o no motor. Com o carro na garagem, os mec\u00e2nicos retiraram a carroceria traseira e todo o assoalho do <strong>RB19<\/strong>.<\/p>\n\n\n\n<figure class=\"wp-block-image size-large\"><img decoding=\"async\" src=\"https:\/\/www.grandepremio.com\/br\/wp-content\/uploads\/2023\/09\/italia-2023-f1-treinos-livres-red-bull-sergio-perez-03-2-1024x683.jpg\" alt=\"\" class=\"wp-image-724727\"\/><figcaption class=\"wp-element-caption\">P\u00e9rez pode ficar fora do Q1 em Monza (Foto: Red Bull Content Pool)<\/figcaption><\/figure>\n\n\n\n<p class=\"wp-block-paragraph\">De acordo com o portal <em>RacingNews365<\/em>, o b\u00f3lido de Checo sofreu um vazamento de \u00f3leo e a equipe n\u00e3o teve outra alternativa a n\u00e3o ser trocar toda a unidade de pot\u00eancia. Mesmo com a mudan\u00e7a, ele n\u00e3o vai sofrer nenhuma penaliza\u00e7\u00e3o no grid.<\/p>\n\n\n\n<p class=\"wp-block-paragraph\"><strong>\u25b6\ufe0f\u00a0Inscreva-se nos dois canais do GRANDE PR\u00caMIO no YouTube:\u00a0<a href=\"https:\/\/www.youtube.com\/channel\/UC9OlHEgxoaY6QY6nWPoiqQg?sub_confirmation=1\" target=\"_blank\" rel=\"noreferrer noopener\">GP<\/a>\u00a0|\u00a0<a href=\"https:\/\/www.youtube.com\/channel\/UC9csiS6q_C3C0FYhyr1rnFA?sub_confirmation=1\" target=\"_blank\" rel=\"noreferrer noopener\">GP2<\/a><\/strong><br><strong>\u25b6\ufe0f\u00a0<a href=\"https:\/\/www.twitch.tv\/grandepremio\" target=\"_blank\" rel=\"noreferrer noopener\">Conhe\u00e7a o canal do GRANDE PR\u00caMIO na Twitch clicando aqui!<\/a><\/strong><\/p>\n\n\n\n<p class=\"wp-block-paragraph\">O\u00a0<strong>GRANDE PR\u00caMIO<\/strong>\u00a0acompanha\u00a0<strong><a href=\"https:\/\/www.grandepremio.com\/br\/ao-vivo\/f1\">AO VIVO e EM\u00a0<\/a><a href=\"https:\/\/www.grandepremio.com\/br\/ao-vivo\/\" target=\"_blank\" rel=\"noreferrer noopener\">TEMPO REAL<\/a><\/strong>\u00a0todas as atividades do\u00a0<strong>GP da It\u00e1lia<\/strong>, em\u00a0<strong>Monza<\/strong>, 14\u00aa etapa da temporada 2023. <\/p>\n\n\n\n<p class=\"wp-block-paragraph\">No s\u00e1bado e no domingo, classifica\u00e7\u00e3o e corrida tamb\u00e9m contam com\u00a0<a href=\"https:\/\/formula1aovivo.com\/\" target=\"_blank\" rel=\"noreferrer noopener\">transmiss\u00e3o<\/a>\u00a0em\u00a0<strong><a href=\"https:\/\/www.youtube.com\/@GrandePremio1\/streams\">S<\/a><\/strong><a href=\"https:\/\/www.youtube.com\/@GrandePremio1\/streams\"><strong>EGUNDA TELA, NA GPTV, EM PARCERIA COM A VOZ DO ESPORTE<\/strong>.<\/a>\u00a0Logo mais, a classifica\u00e7\u00e3o define o grid de largada a partir das 11h (de Bras\u00edlia, GMT-3). J\u00e1 no domingo, a largada est\u00e1 marcada para as 10h.<\/p>\n\n\n\n<figure class=\"wp-block-embed is-type-video is-provider-youtube wp-block-embed-youtube wp-embed-aspect-16-9 wp-has-aspect-ratio\"><div class=\"wp-block-embed__wrapper\">\n<iframe loading=\"lazy\" title=\"\u201cAgora vai?\u201d F\u00f3rmula 2 se aproxima de F1 com nova gera\u00e7\u00e3o de carros | GP \u00e0s 10\" width=\"500\" height=\"281\" src=\"https:\/\/www.youtube.com\/embed\/4JlvBf1bZBo?feature=oembed\" frameborder=\"0\" allow=\"accelerometer; autoplay; clipboard-write; encrypted-media; gyroscope; picture-in-picture; web-share\" referrerpolicy=\"strict-origin-when-cross-origin\" allowfullscreen><\/iframe>\n<\/div><\/figure>\n","protected":false},"excerpt":{"rendered":"<p>O portal RacingNews365 aponta que a Red Bull de P\u00e9rez sofreu um vazamento de \u00f3leo e carro pode n\u00e3o ficar pronto a tempo de participar da classifica\u00e7\u00e3o em Monza<\/p>\n","protected":false},"author":0,"featured_media":1000723985,"comment_status":"closed","ping_status":"closed","sticky":false,"template":"","format":"standard","meta":{"42wp_featured_image_caption":"","42wp_featured_image_credits":"","42wp_featured_video":"","42wp_featured_image_hidden":false,"42wp_authors_list":[],"footnotes":""},"categories":[2],"tags":[26271,546,5273,147,6533,180,30722,24898,1491,28285,30840,17313,36323,28045,1737,36324,32394,35129,33169,204,3132,31447],"42wp_author":[47128],"class_list":["post-99637","post","type-post","status-publish","format-standard","has-post-thumbnail","hentry","category-f1","tag-calendario-f1","tag-carlos-sainz","tag-classificacao-f1","tag-f1","tag-f1-2023","tag-formula-1","tag-formula-1-2023","tag-gp-da-italia","tag-grande-premio","tag-grandepremio","tag-horarios-f1","tag-italia","tag-italia-2023","tag-italia-f1","tag-monza","tag-monza-2023","tag-monza-f1","tag-onde-assistir-f1","tag-rb19","tag-red-bull","tag-sergio-perez","tag-temporada-2023-f1","42wp_author-guilherme-bloisi"],"_links":{"self":[{"href":"https:\/\/grandepremio.com\/br\/wp-json\/wp\/v2\/posts\/99637","targetHints":{"allow":["GET"]}}],"collection":[{"href":"https:\/\/grandepremio.com\/br\/wp-json\/wp\/v2\/posts"}],"about":[{"href":"https:\/\/grandepremio.com\/br\/wp-json\/wp\/v2\/types\/post"}],"replies":[{"embeddable":true,"href":"https:\/\/grandepremio.com\/br\/wp-json\/wp\/v2\/comments?post=99637"}],"version-history":[{"count":0,"href":"https:\/\/grandepremio.com\/br\/wp-json\/wp\/v2\/posts\/99637\/revisions"}],"wp:featuredmedia":[{"embeddable":true,"href":"https:\/\/grandepremio.com\/br\/wp-json\/wp\/v2\/media\/1000723985"}],"wp:attachment":[{"href":"https:\/\/grandepremio.com\/br\/wp-json\/wp\/v2\/media?parent=99637"}],"wp:term":[{"taxonomy":"category","embeddable":true,"href":"https:\/\/grandepremio.com\/br\/wp-json\/wp\/v2\/categories?post=99637"},{"taxonomy":"post_tag","embeddable":true,"href":"https:\/\/grandepremio.com\/br\/wp-json\/wp\/v2\/tags?post=99637"},{"taxonomy":"42wp_author","embeddable":true,"href":"https:\/\/grandepremio.com\/br\/wp-json\/wp\/v2\/42wp_author?post=99637"}],"curies":[{"name":"wp","href":"https:\/\/api.w.org\/{rel}","templated":true}]}}