{"id":99667,"date":"2023-09-01T16:40:04","date_gmt":"2023-09-01T19:40:04","guid":{"rendered":"https:\/\/grandepremio.com\/br\/noticias\/charles-leclerc-admite-dificuldade-ritmo-classificacao-italia-nao-estava-otimo\/"},"modified":"2023-09-01T17:34:38","modified_gmt":"2023-09-01T20:34:38","slug":"charles-leclerc-admite-dificuldade-ritmo-classificacao-italia-nao-estava-otimo","status":"publish","type":"post","link":"https:\/\/grandepremio.com\/br\/f1\/charles-leclerc-admite-dificuldade-ritmo-classificacao-italia-nao-estava-otimo\/","title":{"rendered":"Leclerc admite dificuldade em ritmo de classifica\u00e7\u00e3o na It\u00e1lia: &#8220;N\u00e3o estava \u00f3timo&#8221;"},"content":{"rendered":"\n<p class=\"wp-block-paragraph\">Os treinos livres que abriram as atividades de pista da <strong><a href=\"https:\/\/www.grandepremio.com\/br\/f1\/\" class=\"ek-link\">F\u00f3rmula 1<\/a><\/strong> em <strong>Monza<\/strong>, nesta sexta-feira (1), entregaram uma <strong>Ferrari<\/strong> na dianteira no TL2. <strong>Carlos Sainz<\/strong> foi r\u00e1pido o tempo inteiro, mas <strong>Charles Leclerc<\/strong> ficou para tr\u00e1s, <strong><a href=\"https:\/\/www.grandepremio.com\/br\/f1\/noticias\/carlos-sainz-comemora-aniversario-lideranca-tl2-gp-da-italia-formula-1-max-verstappen-5\/\" class=\"ek-link\">na sexta coloca\u00e7\u00e3o<\/a><\/strong>. O monegasco reconheceu que teve dificuldades em ritmo de classifica\u00e7\u00e3o.<\/p>\n\n\n\n<p class=\"wp-block-paragraph\"><strong>\u25b6\ufe0f\u00a0Inscreva-se nos dois canais do GRANDE PR\u00caMIO no YouTube:\u00a0<a href=\"https:\/\/www.youtube.com\/channel\/UC9OlHEgxoaY6QY6nWPoiqQg?sub_confirmation=1\" target=\"_blank\" rel=\"noreferrer noopener\">GP<\/a>\u00a0|\u00a0<a href=\"https:\/\/www.youtube.com\/channel\/UC9csiS6q_C3C0FYhyr1rnFA?sub_confirmation=1\" target=\"_blank\" rel=\"noreferrer noopener\">GP2<\/a><\/strong><br><strong>\u25b6\ufe0f\u00a0<a href=\"https:\/\/www.twitch.tv\/grandepremio\" target=\"_blank\" rel=\"noreferrer noopener\">Conhe\u00e7a o canal do GRANDE PR\u00caMIO na Twitch clicando aqui!<\/a><\/strong><\/p>\n\n\n\n<p class=\"wp-block-paragraph\">Leclerc foi 0s361 mais lento que o companheiro de equipe. Apesar disso, exaltou que o carro est\u00e1 melhor em ritmo de corrida na compara\u00e7\u00e3o com a corrida da semana passada. Peca, mesmo, em ritmo de classifica\u00e7\u00e3o.<\/p>\n\n\n\n<p class=\"wp-block-paragraph\">&#8220;O carro estava bastante bom com tanque cheio de combust\u00edvel. Da minha parte, tive mais dificuldades com ritmo de classifica\u00e7\u00e3o, mas creio que sabemos o que precisamos fazer para amanh\u00e3. Fui numa dire\u00e7\u00e3o um pouco diferente, ent\u00e3o temos de reiniciar e concentrar especialmente em ritmo de classifica\u00e7\u00e3o, j\u00e1 que estamos com dificuldades com o equil\u00edbrio do carro&#8221;, afirmou.<\/p>\n\n\n\n<figure class=\"wp-block-image size-large\"><img decoding=\"async\" src=\"https:\/\/www.grandepremio.com\/br\/wp-content\/uploads\/2023\/09\/italia-2023-f1-treinos-livres-ferrari-charles-leclerc-afp-03-1024x683.jpg\" alt=\"\" class=\"wp-image-724014\"\/><figcaption class=\"wp-element-caption\">Charles Leclerc pediu a melhora da Ferrari no ritmo de corrida (Foto: AFP) <\/figcaption><\/figure>\n\n\n\n<p class=\"wp-block-paragraph\">Questionado sobre se o equil\u00edbrio da <strong>SF-23<\/strong> estava melhor que em Zandvoort, respondeu que mais ou menos. &#8220;Estou mais feliz. Como eu disse, especialmente em ritmo de corrida. Em ritmo de classifica\u00e7\u00e3o, na minha parte, n\u00e3o estava \u00f3timo tamb\u00e9m. Sei o que fazer amanh\u00e3, ent\u00e3o n\u00e3o estou t\u00e3o preocupado&#8221;, continuou.<\/p>\n\n\n\n<p class=\"wp-block-paragraph\">&#8220;\u00c9 sempre especial [estar na It\u00e1lia]. Mesmo num ano dif\u00edcil, os tifosi sempre nos apoiam o m\u00e1ximo poss\u00edvel e nos oferecem um sorriso. Espero que possa faz\u00ea-los sorrir no domingo com \u00f3timos resultados de Carlos e meu. Espero um \u00f3timo resultado no domingo&#8221;, finalizou.<\/p>\n\n\n\n<p class=\"wp-block-paragraph\">O\u00a0<strong>GRANDE PR\u00caMIO<\/strong>\u00a0acompanha\u00a0<strong><a href=\"https:\/\/www.grandepremio.com\/br\/ao-vivo\/f1\">AO VIVO e EM\u00a0<\/a><a href=\"https:\/\/www.grandepremio.com\/br\/ao-vivo\/\" target=\"_blank\" rel=\"noreferrer noopener\">TEMPO REAL<\/a><\/strong>\u00a0todas as atividades do\u00a0<strong>GP da It\u00e1lia<\/strong>, em\u00a0<strong>Monza<\/strong>, 14\u00aa etapa da temporada 2023. No s\u00e1bado e no domingo, classifica\u00e7\u00e3o e corrida tamb\u00e9m contam com\u00a0<a href=\"https:\/\/formula1aovivo.com\/\" target=\"_blank\" rel=\"noreferrer noopener\">transmiss\u00e3o<\/a>\u00a0em\u00a0<strong><a href=\"https:\/\/www.youtube.com\/@GrandePremio1\/streams\">SEGUNDA TELA, NA GPTV, EM PARCERIA COM A VOZ DO ESPO<\/a><\/strong><a href=\"https:\/\/www.youtube.com\/@GrandePremio1\/streams\"><strong>RTE<\/strong>.<\/a>\u00a0Amanh\u00e3, o TL3 abre o dia \u00e0s 7h30 (de Bras\u00edlia, GMT-3), enquanto a classifica\u00e7\u00e3o define o grid de largada a partir das 11h. J\u00e1 no domingo, a largada est\u00e1 marcada para as 10h.<\/p>\n\n\n\n<figure class=\"wp-block-embed is-type-video is-provider-youtube wp-block-embed-youtube wp-embed-aspect-16-9 wp-has-aspect-ratio\"><div class=\"wp-block-embed__wrapper\">\n<iframe loading=\"lazy\" title=\"F1 2023 na It\u00e1lia: DRUGO na pista, BORTOLETO campe\u00e3o e Massa BARRADO | Briefing\" width=\"500\" height=\"281\" src=\"https:\/\/www.youtube.com\/embed\/d7p4onWnZBc?feature=oembed\" frameborder=\"0\" allow=\"accelerometer; autoplay; clipboard-write; encrypted-media; gyroscope; picture-in-picture; web-share\" referrerpolicy=\"strict-origin-when-cross-origin\" allowfullscreen><\/iframe>\n<\/div><figcaption class=\"wp-element-caption\">\ud83d\udd34AO VIVO! F1 2023 treinos na It\u00e1lia: DRUGO na pista, BORTOLETO campe\u00e3o e Massa BARRADO | Briefing<\/figcaption><\/figure>\n","protected":false},"excerpt":{"rendered":"<p>Charles Leclerc terminou a sexta-feira de treinos livres do GP da It\u00e1lia incomodado com o ritmo de classifica\u00e7\u00e3o da Ferrari<\/p>\n","protected":false},"author":0,"featured_media":1000724281,"comment_status":"closed","ping_status":"closed","sticky":false,"template":"","format":"standard","meta":{"42wp_featured_image_caption":"","42wp_featured_image_credits":"","42wp_featured_video":"","42wp_featured_image_hidden":false,"42wp_authors_list":[],"footnotes":""},"categories":[2],"tags":[209,6533,642,29116,26092,36335,207,30722,24898,36334,1491,26123,30103,28285,35129,36336],"42wp_author":[47120],"class_list":["post-99667","post","type-post","status-publish","format-standard","has-post-thumbnail","hentry","category-f1","tag-charles-leclerc","tag-f1-2023","tag-f1-ao-vivo","tag-f1-grande-premio","tag-f1-italia","tag-f1-monza","tag-ferrari","tag-formula-1-2023","tag-gp-da-italia","tag-gp-em-monza","tag-grande-premio","tag-grande-premio-ao-vivo","tag-grande-premio-f1","tag-grandepremio","tag-onde-assistir-f1","tag-onde-assistir-gp-da-italia","42wp_author-pedro-henrique-marum"],"_links":{"self":[{"href":"https:\/\/grandepremio.com\/br\/wp-json\/wp\/v2\/posts\/99667","targetHints":{"allow":["GET"]}}],"collection":[{"href":"https:\/\/grandepremio.com\/br\/wp-json\/wp\/v2\/posts"}],"about":[{"href":"https:\/\/grandepremio.com\/br\/wp-json\/wp\/v2\/types\/post"}],"replies":[{"embeddable":true,"href":"https:\/\/grandepremio.com\/br\/wp-json\/wp\/v2\/comments?post=99667"}],"version-history":[{"count":0,"href":"https:\/\/grandepremio.com\/br\/wp-json\/wp\/v2\/posts\/99667\/revisions"}],"wp:featuredmedia":[{"embeddable":true,"href":"https:\/\/grandepremio.com\/br\/wp-json\/wp\/v2\/media\/1000724281"}],"wp:attachment":[{"href":"https:\/\/grandepremio.com\/br\/wp-json\/wp\/v2\/media?parent=99667"}],"wp:term":[{"taxonomy":"category","embeddable":true,"href":"https:\/\/grandepremio.com\/br\/wp-json\/wp\/v2\/categories?post=99667"},{"taxonomy":"post_tag","embeddable":true,"href":"https:\/\/grandepremio.com\/br\/wp-json\/wp\/v2\/tags?post=99667"},{"taxonomy":"42wp_author","embeddable":true,"href":"https:\/\/grandepremio.com\/br\/wp-json\/wp\/v2\/42wp_author?post=99667"}],"curies":[{"name":"wp","href":"https:\/\/api.w.org\/{rel}","templated":true}]}}