{"id":99678,"date":"2023-09-01T14:57:08","date_gmt":"2023-09-01T17:57:08","guid":{"rendered":"https:\/\/grandepremio.com\/br\/noticias\/max-verstappen-red-bull-sexta-feira-italia-testar-diferentes-configuracoes\/"},"modified":"2023-09-01T14:58:31","modified_gmt":"2023-09-01T17:58:31","slug":"max-verstappen-red-bull-sexta-feira-italia-testar-diferentes-configuracoes","status":"publish","type":"post","link":"https:\/\/grandepremio.com\/br\/f1\/max-verstappen-red-bull-sexta-feira-italia-testar-diferentes-configuracoes\/","title":{"rendered":"Verstappen diz que Red Bull usou sexta-feira na It\u00e1lia para testar &#8220;diferentes configura\u00e7\u00f5es&#8221;"},"content":{"rendered":"\n<p class=\"wp-block-paragraph\">Pode-se dizer que foi uma sexta-feira (1\u00ba) de treinos livres at\u00edpica para <strong>Max Verstappen<\/strong>. Ap\u00f3s liderar o <strong>TL1 <\/strong>realizado em <strong>Monza<\/strong>, o piloto da <strong>Red Bull<\/strong> <a href=\"https:\/\/www.grandepremio.com\/br\/f1\/noticias\/carlos-sainz-comemora-aniversario-lideranca-tl2-gp-da-italia-formula-1-max-verstappen-5\/\" class=\"ek-link\">n\u00e3o passou do quinto lugar<\/a> no <strong>TL2<\/strong>, enquanto <strong>Carlos Sainz<\/strong> comandou a sess\u00e3o com a Ferrari. Mas Verstappen minimizou o resultado, explicando que a equipe austr\u00edaca usou o dia para testar diferentes acertos aerodin\u00e2micos na veloz e exigente pista italiana.<\/p>\n\n\n\n<p class=\"wp-block-paragraph\">No TL2, a volta mais r\u00e1pida de Max foi 1min21s631, 0s276 mais lenta que a marca de Sainz. &#8220;Tentamos diferentes configura\u00e7\u00f5es aerodin\u00e2micas para entender qual dire\u00e7\u00e3o seguir&#8221;, come\u00e7ou Verstappen, acrescentando que &#8220;nem sempre \u00e9 f\u00e1cil em Monza&#8221;. <\/p>\n\n\n\n<p class=\"wp-block-paragraph\"><strong>\u25b6\ufe0f\u00a0Inscreva-se nos dois canais do GRANDE PR\u00caMIO no YouTube:\u00a0<a href=\"https:\/\/www.youtube.com\/channel\/UC9OlHEgxoaY6QY6nWPoiqQg?sub_confirmation=1\" target=\"_blank\" rel=\"noreferrer noopener\">GP<\/a>\u00a0|\u00a0<a href=\"https:\/\/www.youtube.com\/channel\/UC9csiS6q_C3C0FYhyr1rnFA?sub_confirmation=1\" target=\"_blank\" rel=\"noreferrer noopener\">GP2<\/a><\/strong><br><strong>\u25b6\ufe0f\u00a0<a href=\"https:\/\/www.twitch.tv\/grandepremio\" target=\"_blank\" rel=\"noreferrer noopener\">Conhe\u00e7a o canal do GRANDE PR\u00caMIO na Twitch clicando aqui!<\/a><\/strong><\/p>\n\n\n\n<figure class=\"wp-block-image size-large\"><img decoding=\"async\" src=\"https:\/\/www.grandepremio.com\/br\/wp-content\/uploads\/2023\/09\/italia-2023-f1-treinos-livres-red-bull-max-verstappen-04-1024x683.jpg\" alt=\"\" class=\"wp-image-724248\"\/><figcaption class=\"wp-element-caption\">Max Verstappen teve mais trabalho que o normal na sexta-feira italiana (Foto: Red Bull Content Pool)<\/figcaption><\/figure>\n\n\n\n<p class=\"wp-block-paragraph\">&#8220;Do meu ponto de vista, poderia ter sido um pouco melhor, ainda precisamos aperfei\u00e7oar alguma coisa tanto nas curvas de baixa quanto nas mais velozes&#8221;, continuou, reiterando, contudo, que est\u00e1 otimista para a classifica\u00e7\u00e3o.<\/p>\n\n\n\n<p class=\"wp-block-paragraph\">&#8220;Estou confiante de que chegaremos l\u00e1, temos de trabalhar em algumas coisas\u201d, completou o bicampe\u00e3o, explicando, em seguida, que foi atrapalhado pelo fluxo de carros na parte final da sess\u00e3o, quando os times realizam stints mais longos.<\/p>\n\n\n\n<p class=\"wp-block-paragraph\">&#8220;Peguei tr\u00e1fego no segundo setor, durante a simula\u00e7\u00e3o de corrida, por isso \u00e9 dif\u00edcil ter uma ideia precisa, mas aconteceu o mesmo com todos. Vamos esperar e ver o que acontece. Al\u00e9m disso, muitos andam com mapeamentos menos rigorosos. Podemos fazer um trabalho melhor, mas n\u00e3o \u00e9 o fim do mundo&#8221;, finalizou.<\/p>\n\n\n\n<p class=\"wp-block-paragraph\">O\u00a0<strong>GRANDE PR\u00caMIO<\/strong>\u00a0acompanha\u00a0<strong><a href=\"https:\/\/www.grandepremio.com\/br\/ao-vivo\/f1\">AO VIVO e EM\u00a0<\/a><a href=\"https:\/\/www.grandepremio.com\/br\/ao-vivo\/\" target=\"_blank\" rel=\"noreferrer noopener\">TEMPO REAL<\/a><\/strong>\u00a0todas as atividades do\u00a0<strong>GP da It\u00e1lia<\/strong>, em\u00a0<strong>Monza<\/strong>, 14\u00aa etapa da temporada 2023. No s\u00e1bado e no domingo, classifica\u00e7\u00e3o e corrida tamb\u00e9m contam com\u00a0<a href=\"https:\/\/formula1aovivo.com\/\" target=\"_blank\" rel=\"noreferrer noopener\">transmiss\u00e3o<\/a>\u00a0em\u00a0<strong><a href=\"https:\/\/www.youtube.com\/@GrandePremio1\/streams\">SEGUNDA TELA, NA GPTV, EM PARCERIA COM A VOZ DO ESPO<\/a><\/strong><a href=\"https:\/\/www.youtube.com\/@GrandePremio1\/streams\"><strong>RTE<\/strong>.<\/a>\u00a0Amanh\u00e3, o TL3 abre o dia \u00e0s 7h30 (de Bras\u00edlia, GMT-3), enquanto a classifica\u00e7\u00e3o define o grid de largada a partir das 11h. J\u00e1 no domingo, a largada est\u00e1 marcada para as 10h.<\/p>\n","protected":false},"excerpt":{"rendered":"<p>Max Verstappen at\u00e9 liderou o TL1, mas n\u00e3o passou do quinto no TL2 da It\u00e1lia, por\u00e9m minimizou o resultado, explicando que foi um dia de testes para a Red Bull<\/p>\n","protected":false},"author":0,"featured_media":1000724247,"comment_status":"closed","ping_status":"closed","sticky":false,"template":"","format":"standard","meta":{"42wp_featured_image_caption":"","42wp_featured_image_credits":"","42wp_featured_video":"","42wp_featured_image_hidden":false,"42wp_authors_list":[],"footnotes":""},"categories":[2],"tags":[26271,5273,147,6533,180,30722,24898,1491,28285,30840,17313,36323,28045,203,1737,36324,32394,35129,204,31447],"42wp_author":[47147],"class_list":["post-99678","post","type-post","status-publish","format-standard","has-post-thumbnail","hentry","category-f1","tag-calendario-f1","tag-classificacao-f1","tag-f1","tag-f1-2023","tag-formula-1","tag-formula-1-2023","tag-gp-da-italia","tag-grande-premio","tag-grandepremio","tag-horarios-f1","tag-italia","tag-italia-2023","tag-italia-f1","tag-max-verstappen","tag-monza","tag-monza-2023","tag-monza-f1","tag-onde-assistir-f1","tag-red-bull","tag-temporada-2023-f1","42wp_author-luana-marino"],"_links":{"self":[{"href":"https:\/\/grandepremio.com\/br\/wp-json\/wp\/v2\/posts\/99678","targetHints":{"allow":["GET"]}}],"collection":[{"href":"https:\/\/grandepremio.com\/br\/wp-json\/wp\/v2\/posts"}],"about":[{"href":"https:\/\/grandepremio.com\/br\/wp-json\/wp\/v2\/types\/post"}],"replies":[{"embeddable":true,"href":"https:\/\/grandepremio.com\/br\/wp-json\/wp\/v2\/comments?post=99678"}],"version-history":[{"count":0,"href":"https:\/\/grandepremio.com\/br\/wp-json\/wp\/v2\/posts\/99678\/revisions"}],"wp:featuredmedia":[{"embeddable":true,"href":"https:\/\/grandepremio.com\/br\/wp-json\/wp\/v2\/media\/1000724247"}],"wp:attachment":[{"href":"https:\/\/grandepremio.com\/br\/wp-json\/wp\/v2\/media?parent=99678"}],"wp:term":[{"taxonomy":"category","embeddable":true,"href":"https:\/\/grandepremio.com\/br\/wp-json\/wp\/v2\/categories?post=99678"},{"taxonomy":"post_tag","embeddable":true,"href":"https:\/\/grandepremio.com\/br\/wp-json\/wp\/v2\/tags?post=99678"},{"taxonomy":"42wp_author","embeddable":true,"href":"https:\/\/grandepremio.com\/br\/wp-json\/wp\/v2\/42wp_author?post=99678"}],"curies":[{"name":"wp","href":"https:\/\/api.w.org\/{rel}","templated":true}]}}