{"id":99681,"date":"2023-09-01T14:32:48","date_gmt":"2023-09-01T17:32:48","guid":{"rendered":"https:\/\/grandepremio.com\/br\/noticias\/sergio-perez-minimiza-acidente-tl2-teve-melhor-sexta-feira-2023\/"},"modified":"2023-09-01T17:31:49","modified_gmt":"2023-09-01T20:31:49","slug":"sergio-perez-minimiza-acidente-tl2-teve-melhor-sexta-feira-2023","status":"publish","type":"post","link":"https:\/\/grandepremio.com\/br\/f1\/sergio-perez-minimiza-acidente-tl2-teve-melhor-sexta-feira-2023\/","title":{"rendered":"P\u00e9rez minimiza acidente no TL2 e diz que teve \u201cmelhor sexta-feira\u201d de 2023"},"content":{"rendered":"\n<p class=\"wp-block-paragraph\"><strong>Sergio P\u00e9rez<\/strong> terminou no muro durante a <a href=\"https:\/\/www.grandepremio.com\/br\/f1\/noticias\/carlos-sainz-comemora-aniversario-lideranca-tl2-gp-da-italia-formula-1-max-verstappen-5\/\" class=\"ek-link\">sexta-feira de treinos livres<\/a> na It\u00e1lia depois de<a href=\"https:\/\/www.grandepremio.com\/br\/f1\/noticias\/sergio-perez-escapa-parabolica-atola-brita-causa-bandeira-vermelha-tl2-italia\/\" class=\"ek-link\"> bater na sa\u00edda<\/a> da curva Parab\u00f3lica. O titular da<strong> Red Bull<\/strong>, no entanto, minimizou o incidente que causou um dano \u201cbastante pequeno\u201d na <strong>RB19<\/strong> e acredita que teve um dos melhores dias de testes do ano, uma vez que concluiu a sess\u00e3o \u00e0 frente do companheiro de equipe <strong>Max Verstappen<\/strong>.<\/p>\n\n\n\n<p class=\"wp-block-paragraph\">Nos minutos finais do TL2 P\u00e9rez errou ao atacar demais a \u00faltima curva, perdeu o controle do carro e acabou saindo da pista. Por sorte, a \u00e1rea de escape com brita segurou o carro do mexicano, que n\u00e3o bateu com muita for\u00e7a no muro. \u2018Checo\u2019 explicou o que aconteceu durante o acidente e minimizou o ocorrido.<\/p>\n\n\n\n<p class=\"wp-block-paragraph\"><strong>\u25b6\ufe0f&nbsp;Inscreva-se nos dois canais do GRANDE PR\u00caMIO no YouTube:&nbsp;<a href=\"https:\/\/www.youtube.com\/channel\/UC9OlHEgxoaY6QY6nWPoiqQg?sub_confirmation=1\" target=\"_blank\" rel=\"noreferrer noopener\">GP<\/a>&nbsp;|&nbsp;<a href=\"https:\/\/www.youtube.com\/channel\/UC9csiS6q_C3C0FYhyr1rnFA?sub_confirmation=1\" target=\"_blank\" rel=\"noreferrer noopener\">GP2<\/a><\/strong><br><strong>\u25b6\ufe0f&nbsp;<a href=\"https:\/\/www.twitch.tv\/grandepremio\" target=\"_blank\" rel=\"noreferrer noopener\">Conhe\u00e7a o canal do GRANDE PR\u00caMIO na Twitch clicando aqui!<\/a><\/strong><\/p>\n\n\n\n<figure class=\"wp-block-video\"><video class=\"video-js vjs-big-play-centered\" data-gp-vjs=\"1\" controls src=\"https:\/\/www.grandepremio.com\/br\/wp-content\/uploads\/2023\/09\/2023_09_01_Perez.mp4\"><\/video><figcaption class=\"wp-element-caption\">Sergio P\u00e9rez na caixa de brita (V\u00eddeo: DAZN)<\/figcaption><\/figure>\n\n\n\n<p class=\"wp-block-paragraph\">\u201cEu perdi a frente na sa\u00edda e tentei acertar o carro. Achei que tinha tudo sob controle, mas ent\u00e3o toquei um pouco na brita e foi fim de jogo. N\u00e3o me parece t\u00e3o ruim, o dano, o impacto foi bastante pequeno. N\u00e3o acho que perdemos nada no final, acho que duas voltas. Portanto, nada representativo a esse respeito\u201d, disse o titular da Red Bull.<\/p>\n\n\n\n<p class=\"wp-block-paragraph\">O #11 vive um momento de press\u00e3o na carreira em que n\u00e3o tem entregado resultados condizentes ao equipamento que tem e j\u00e1 amargou a marca de ser o <a href=\"https:\/\/www.grandepremio.com\/br\/f1\/noticias\/sergio-perez-faz-quina-silverstone-supera-pior-marca-red-bull-fora-top-10-f1\/#:~:text=P%C3%A9rez%20faz%20quina%20em%20Silverstone,de%20F%C3%B3rmula%201%20%2D%20Grande%20Pr%C3%AAmio\" class=\"ek-link\">pior classificador<\/a> da hist\u00f3ria da Red Bull. Contudo, acredita que vai ser capaz de fazer um bom trabalho no GP da It\u00e1lia, j\u00e1 que se sentiu muito confort\u00e1vel dentro do carro.<\/p>\n\n\n\n<p class=\"wp-block-paragraph\">\u201cO positivo \u00e9 que o carro est\u00e1 tendo um bom desempenho. Estou me sentindo confort\u00e1vel com isso e acho que estamos em uma boa posi\u00e7\u00e3o para o resto do fim de semana. Eu realmente senti que tivemos uma sexta-feira muito forte. Acho que definitivamente esta foi a melhor sexta-feira do ano para n\u00f3s\u201d, finalizou P\u00e9rez.<\/p>\n\n\n\n<p class=\"wp-block-paragraph\">O&nbsp;<strong>GRANDE PR\u00caMIO<\/strong>&nbsp;acompanha&nbsp;<strong><a href=\"https:\/\/www.grandepremio.com\/br\/ao-vivo\/f1\" target=\"_blank\" rel=\"noreferrer noopener\">AO VIVO e EM&nbsp;<\/a><a href=\"https:\/\/www.grandepremio.com\/br\/ao-vivo\/\" target=\"_blank\" rel=\"noreferrer noopener\">TEMPO REAL<\/a><\/strong>&nbsp;todas as atividades do&nbsp;<strong>GP da It\u00e1lia<\/strong>, em&nbsp;<strong>Monza<\/strong>, 14\u00aa etapa da temporada 2023. No s\u00e1bado e no domingo, classifica\u00e7\u00e3o e corrida tamb\u00e9m contam com&nbsp;<a href=\"https:\/\/formula1aovivo.com\/\" target=\"_blank\" rel=\"noreferrer noopener\">transmiss\u00e3o<\/a>&nbsp;em&nbsp;<a href=\"https:\/\/www.youtube.com\/@GrandePremio1\/streams\" target=\"_blank\" rel=\"noreferrer noopener\">SEGUNDA TELA, NA GPTV, EM PARCERIA COM A VOZ DO ESPORTE.<\/a>&nbsp;Amanh\u00e3, o TL3 abre o dia \u00e0s 7h30 (de Bras\u00edlia, GMT-3), enquanto a classifica\u00e7\u00e3o define o grid de largada a partir das 11h. J\u00e1 no domingo, a largada est\u00e1 marcada para as 10h.<\/p>\n\n\n\n<figure class=\"wp-block-embed is-type-rich is-provider-incorporar-manipulador wp-block-embed-incorporar-manipulador wp-embed-aspect-16-9 wp-has-aspect-ratio\"><div class=\"wp-block-embed__wrapper\">\nhttps:\/\/youtube.com\/watch?v=d7p4onWnZBc%3Fsi%3DkerS13IetP2ZNOmK\n<\/div><\/figure>\n","protected":false},"excerpt":{"rendered":"<p>Embora tenha cometido um erro nos minutos finais do segundo treino livre, Sergio P\u00e9rez est\u00e1 confiante de que vai conseguir um bom resultado no GP da It\u00e1lia<\/p>\n","protected":false},"author":0,"featured_media":1000724254,"comment_status":"closed","ping_status":"closed","sticky":false,"template":"","format":"standard","meta":{"42wp_featured_image_caption":"","42wp_featured_image_credits":"","42wp_featured_video":"","42wp_featured_image_hidden":false,"42wp_authors_list":[],"footnotes":""},"categories":[2],"tags":[26271,147,219,28285,1737,35129,33467,27382,28012,204,24863,26936],"42wp_author":[47149],"class_list":["post-99681","post","type-post","status-publish","format-standard","has-post-thumbnail","hentry","category-f1","tag-calendario-f1","tag-f1","tag-grande-prmio","tag-grandepremio","tag-monza","tag-onde-assistir-f1","tag-onde-assistir-f1-2023","tag-perez","tag-perez-na-red-bull","tag-red-bull","tag-sergio-perez-2","tag-sergio-perez-red-bull","42wp_author-bernardo-castro"],"_links":{"self":[{"href":"https:\/\/grandepremio.com\/br\/wp-json\/wp\/v2\/posts\/99681","targetHints":{"allow":["GET"]}}],"collection":[{"href":"https:\/\/grandepremio.com\/br\/wp-json\/wp\/v2\/posts"}],"about":[{"href":"https:\/\/grandepremio.com\/br\/wp-json\/wp\/v2\/types\/post"}],"replies":[{"embeddable":true,"href":"https:\/\/grandepremio.com\/br\/wp-json\/wp\/v2\/comments?post=99681"}],"version-history":[{"count":0,"href":"https:\/\/grandepremio.com\/br\/wp-json\/wp\/v2\/posts\/99681\/revisions"}],"wp:featuredmedia":[{"embeddable":true,"href":"https:\/\/grandepremio.com\/br\/wp-json\/wp\/v2\/media\/1000724254"}],"wp:attachment":[{"href":"https:\/\/grandepremio.com\/br\/wp-json\/wp\/v2\/media?parent=99681"}],"wp:term":[{"taxonomy":"category","embeddable":true,"href":"https:\/\/grandepremio.com\/br\/wp-json\/wp\/v2\/categories?post=99681"},{"taxonomy":"post_tag","embeddable":true,"href":"https:\/\/grandepremio.com\/br\/wp-json\/wp\/v2\/tags?post=99681"},{"taxonomy":"42wp_author","embeddable":true,"href":"https:\/\/grandepremio.com\/br\/wp-json\/wp\/v2\/42wp_author?post=99681"}],"curies":[{"name":"wp","href":"https:\/\/api.w.org\/{rel}","templated":true}]}}