{"id":99705,"date":"2023-09-01T08:50:32","date_gmt":"2023-09-01T11:50:32","guid":{"rendered":"https:\/\/grandepremio.com\/br\/noticias\/max-verstappen-rebate-criticas-f1-chata-avisa-posso-vencer-todas-corridas\/"},"modified":"2023-09-01T12:18:55","modified_gmt":"2023-09-01T15:18:55","slug":"max-verstappen-rebate-criticas-f1-chata-avisa-posso-vencer-todas-corridas","status":"publish","type":"post","link":"https:\/\/grandepremio.com\/br\/f1\/max-verstappen-rebate-criticas-f1-chata-avisa-posso-vencer-todas-corridas\/","title":{"rendered":"Verstappen rebate cr\u00edticas sobre &#8216;F1 chata&#8217; e avisa: &#8220;Posso vencer todas as corridas&#8221;"},"content":{"rendered":"\n<p class=\"wp-block-paragraph\">O dom\u00ednio acachapante de <strong>Max Verstappen <\/strong>na temporada 2023 da <strong>F\u00f3rmula 1<\/strong> est\u00e1 longe de ser unanimidade, mas o holand\u00eas deu de ombros para os que insistem em critic\u00e1-lo e dizer que a categoria tornou-se &#8216;chata&#8217; por conta disso. E no que depender do piloto da <strong>Red Bull<\/strong>, vem muito mais por a\u00ed, pois ele deixou claro que pode, sim, &#8220;vencer todas as corridas&#8221;.<\/p>\n\n\n\n<p class=\"wp-block-paragraph\">Na <strong>Holanda<\/strong>, \u00faltima etapa realizada no campeonato, Verstappen <a href=\"https:\/\/www.grandepremio.com\/br\/f1\/noticias\/max-verstappen-chega-9-vitorias-seguidas-holanda-iguala-recorde-sebastian-vettel-f1\/\" class=\"ek-link\">igualou o recorde de nove vit\u00f3rias consecutivas de <strong>Sebastian Vettel<\/strong><\/a> na categoria. Se cruzar a linha de chegada em primeiro na <strong>It\u00e1lia<\/strong>, assumir\u00e1 a lideran\u00e7a isolada do ranking, com mais oito GPs pela frente s\u00f3 em 2023. Rivais como <strong>Lewis Hamilton<\/strong>, inclusive, tamb\u00e9m apostam que Max <a href=\"https:\/\/www.grandepremio.com\/br\/f1\/noticias\/lewis-hamilton-grandes-chances-max-verstappen-zerar-corridas-restantes-f1-2023\/\" class=\"ek-link\">vai &#8216;zerar&#8217; o Mundial<\/a>.<\/p>\n\n\n\n<p class=\"wp-block-paragraph\"><strong>\u25b6\ufe0f\u00a0Inscreva-se nos dois canais do GRANDE PR\u00caMIO no YouTube:\u00a0<a href=\"https:\/\/www.youtube.com\/channel\/UC9OlHEgxoaY6QY6nWPoiqQg?sub_confirmation=1\" target=\"_blank\" rel=\"noreferrer noopener\">GP<\/a>\u00a0|\u00a0<a href=\"https:\/\/www.youtube.com\/channel\/UC9csiS6q_C3C0FYhyr1rnFA?sub_confirmation=1\" target=\"_blank\" rel=\"noreferrer noopener\">GP2<\/a><\/strong><br><strong>\u25b6\ufe0f\u00a0<a href=\"https:\/\/www.twitch.tv\/grandepremio\" target=\"_blank\" rel=\"noreferrer noopener\">Conhe\u00e7a o canal do GRANDE PR\u00caMIO na Twitch clicando aqui!<\/a><\/strong><\/p>\n\n\n\n<figure class=\"wp-block-image size-large\"><img decoding=\"async\" src=\"https:\/\/www.grandepremio.com\/br\/wp-content\/uploads\/2023\/08\/SI202308270936-1024x682.jpg\" alt=\"\" class=\"wp-image-723010\"\/><figcaption class=\"wp-element-caption\">Red Bull celebra vit\u00f3ria de Max Verstappen: holand\u00eas garantiu que vem mais por a\u00ed (Foto: Mark Thompson\/Getty Images)<\/figcaption><\/figure>\n\n\n\n<p class=\"wp-block-paragraph\">H\u00e1, no entanto, quem rejeite dom\u00ednios por considerar que a competi\u00e7\u00e3o se torna enfadonha. \u00c0 ag\u00eancia de not\u00edcias AP, Verstappen deu de ombros e lamentou pelos que &#8220;n\u00e3o podem apreciar o dom\u00ednio ou simplesmente os que executam o seu trabalho&#8221;.<\/p>\n\n\n\n<p class=\"wp-block-paragraph\">&#8220;N\u00e3o \u00e9 nada realmente novo na F\u00f3rmula 1, ent\u00e3o n\u00e3o posso fazer muita coisa com coment\u00e1rios do tipo. Se isso me incomoda? N\u00e3o. Acho que seria pior se estivessem falando sobre outras coisas. Gosto do que fa\u00e7o e espero continuar fazendo isso por um tempo&#8221;, acrescentou.<\/p>\n\n\n\n<p class=\"wp-block-paragraph\">&#8220;N\u00e3o quero que pare. Temos mais uma boa chance neste fim de semana. Acredito que posso vencer todas as corridas&#8221;, assegurou.<\/p>\n\n\n\n<p class=\"wp-block-paragraph\">Ap\u00f3s igualar a marca de Vettel, Verstappen ganhou a defesa de <strong>Fernando Alonso<\/strong> ainda na coletiva de imprensa, dizendo que as atuais conquistas do #1 dos taurinos <a href=\"https:\/\/www.grandepremio.com\/br\/f1\/noticias\/fernando-alonso-feitos-verstappen-subestimados-f1-ser-dominante-dificil\/\" class=\"ek-link\">&#8220;est\u00e3o sendo subestimadas&#8221;<\/a>. E o l\u00edder do campeonato reiterou que n\u00e3o foi t\u00e3o simples vencer diante da fan\u00e1tica torcida holandesa.<\/p>\n\n\n\n<p class=\"wp-block-paragraph\">&#8220;N\u00e3o se trata de obter reconhecimento, pois sei o qu\u00e3o dif\u00edcil \u00e9 alcan\u00e7ar essa marca. Se fosse t\u00e3o f\u00e1cil, mais pilotos teriam vencido nove consecutivas e mais equipes teriam conseguido, mas n\u00e3o \u00e9 o caso&#8221;, seguiu.<\/p>\n\n\n\n<p class=\"wp-block-paragraph\">&#8220;E n\u00e3o foi simples. Especialmente em <strong>Zandvoort<\/strong>, muitas coisas poderiam ter dado errado, mas, no final, lidamos com isso muito bem. Nunca pensei que chegaria \u00e0s nove. Lembro-me de ver Seb conseguir e pensar, \u2018Jesus Cristo, isso \u00e9 extremamente dif\u00edcil\u2019, e agora estou aqui. \u00c9 incr\u00edvel&#8221;, concluiu Verstappen.<\/p>\n\n\n\n<p class=\"wp-block-paragraph\">O\u00a0<strong>GRANDE PR\u00caMIO<\/strong>\u00a0acompanha\u00a0<strong><a href=\"https:\/\/www.grandepremio.com\/br\/ao-vivo\/f1\" target=\"_blank\" rel=\"noreferrer noopener\">AO VIVO e EM\u00a0<\/a><a href=\"https:\/\/www.grandepremio.com\/br\/ao-vivo\/\" target=\"_blank\" rel=\"noreferrer noopener\">TEMPO REAL<\/a><\/strong>\u00a0todas as atividades do\u00a0<strong>GP da It\u00e1lia<\/strong>, em\u00a0<strong>Monza<\/strong>, 14\u00aa etapa da temporada 2023. No s\u00e1bado e no domingo, classifica\u00e7\u00e3o e corrida tamb\u00e9m contam com transmiss\u00e3o em\u00a0<a href=\"https:\/\/www.youtube.com\/@GrandePremio1\/streams\" target=\"_blank\" rel=\"noreferrer noopener\"><strong>SEGUNDA TELA, NA GPTV, EM PARCERIA COM A VOZ DO ESPORTE<\/strong>.<\/a>\u00a0Logo mais, o TL2 est\u00e1 marcado para as 12h (de Bras\u00edlia, GMT-3). Amanh\u00e3, o TL3 abre o dia \u00e0s 7h30, enquanto a classifica\u00e7\u00e3o define o grid de largada a partir das 11h. J\u00e1 no domingo, a largada est\u00e1 marcada para as 10h.<\/p>\n\n\n\n<figure class=\"wp-block-embed is-type-video is-provider-youtube wp-block-embed-youtube wp-embed-aspect-16-9 wp-has-aspect-ratio\"><div class=\"wp-block-embed__wrapper\">\n<iframe loading=\"lazy\" title=\"MALDI\u00c7\u00c3O do GP da It\u00e1lia pode parar MAX VERSTAPPEN na F1 2023? | GP \u00e0s 10\" width=\"500\" height=\"281\" src=\"https:\/\/www.youtube.com\/embed\/Jib253dU83o?feature=oembed\" frameborder=\"0\" allow=\"accelerometer; autoplay; clipboard-write; encrypted-media; gyroscope; picture-in-picture; web-share\" referrerpolicy=\"strict-origin-when-cross-origin\" allowfullscreen><\/iframe>\n<\/div><\/figure>\n","protected":false},"excerpt":{"rendered":"<p>Max Verstappen disse que dom\u00ednios n\u00e3o s\u00e3o novidade na F\u00f3rmula 1 e espera continuar vencendo por mais um bom tempo na categoria<\/p>\n","protected":false},"author":0,"featured_media":1000721853,"comment_status":"closed","ping_status":"closed","sticky":false,"template":"","format":"standard","meta":{"42wp_featured_image_caption":"","42wp_featured_image_credits":"","42wp_featured_video":"","42wp_featured_image_hidden":false,"42wp_authors_list":[],"footnotes":""},"categories":[2],"tags":[26271,5273,147,6533,180,30722,24898,1491,28285,30840,17313,36323,28045,203,1737,36324,32394,35129,31447],"42wp_author":[47147],"class_list":["post-99705","post","type-post","status-publish","format-standard","has-post-thumbnail","hentry","category-f1","tag-calendario-f1","tag-classificacao-f1","tag-f1","tag-f1-2023","tag-formula-1","tag-formula-1-2023","tag-gp-da-italia","tag-grande-premio","tag-grandepremio","tag-horarios-f1","tag-italia","tag-italia-2023","tag-italia-f1","tag-max-verstappen","tag-monza","tag-monza-2023","tag-monza-f1","tag-onde-assistir-f1","tag-temporada-2023-f1","42wp_author-luana-marino"],"_links":{"self":[{"href":"https:\/\/grandepremio.com\/br\/wp-json\/wp\/v2\/posts\/99705","targetHints":{"allow":["GET"]}}],"collection":[{"href":"https:\/\/grandepremio.com\/br\/wp-json\/wp\/v2\/posts"}],"about":[{"href":"https:\/\/grandepremio.com\/br\/wp-json\/wp\/v2\/types\/post"}],"replies":[{"embeddable":true,"href":"https:\/\/grandepremio.com\/br\/wp-json\/wp\/v2\/comments?post=99705"}],"version-history":[{"count":0,"href":"https:\/\/grandepremio.com\/br\/wp-json\/wp\/v2\/posts\/99705\/revisions"}],"wp:featuredmedia":[{"embeddable":true,"href":"https:\/\/grandepremio.com\/br\/wp-json\/wp\/v2\/media\/1000721853"}],"wp:attachment":[{"href":"https:\/\/grandepremio.com\/br\/wp-json\/wp\/v2\/media?parent=99705"}],"wp:term":[{"taxonomy":"category","embeddable":true,"href":"https:\/\/grandepremio.com\/br\/wp-json\/wp\/v2\/categories?post=99705"},{"taxonomy":"post_tag","embeddable":true,"href":"https:\/\/grandepremio.com\/br\/wp-json\/wp\/v2\/tags?post=99705"},{"taxonomy":"42wp_author","embeddable":true,"href":"https:\/\/grandepremio.com\/br\/wp-json\/wp\/v2\/42wp_author?post=99705"}],"curies":[{"name":"wp","href":"https:\/\/api.w.org\/{rel}","templated":true}]}}