{"id":99724,"date":"2023-08-31T16:48:09","date_gmt":"2023-08-31T19:48:09","guid":{"rendered":"https:\/\/grandepremio.com\/br\/noticias\/red-bull-anuncia-entrada-josep-maria-marti-programa-jovens-pilotos\/"},"modified":"2023-08-31T16:49:27","modified_gmt":"2023-08-31T19:49:27","slug":"red-bull-anuncia-entrada-josep-maria-marti-programa-jovens-pilotos","status":"publish","type":"post","link":"https:\/\/grandepremio.com\/br\/f3\/red-bull-anuncia-entrada-josep-maria-marti-programa-jovens-pilotos\/","title":{"rendered":"Red Bull anuncia entrada de Mart\u00ed no programa de jovens pilotos"},"content":{"rendered":"\n<p class=\"wp-block-paragraph\"><strong>Josep Mar\u00eda Mart\u00ed<\/strong>, piloto espanhol que corre pela <strong>Campos<\/strong> na <strong>F\u00f3rmula 3<\/strong>, foi anunciado como mais novo integrante do programa de jovens pilotos da <strong>Red Bull<\/strong>. \u2018Pepe\u2019, de apenas 18 anos de idade, se junta \u00e0 academia dos taurinos depois de fazer uma boa segunda temporada na categoria e chegar \u00e0 \u00faltima etapa, na It\u00e1lia, com chances matem\u00e1ticas de t\u00edtulo.<\/p>\n\n\n\n<p class=\"wp-block-paragraph\">Mart\u00ed chega \u00e0 corrida em Monza ocupando o terceiro lugar entre os pilotos com 105 pontos e vit\u00f3rias no <strong>Bahrein, M\u00f4naco <\/strong>e<strong> Barcelona<\/strong>. Depois de chamar a aten\u00e7\u00e3o dos austr\u00edacos com o bom desempenho, o espanhol afirmou que est\u00e1 realizando um sonho em sua carreira.<\/p>\n\n\n\n<p class=\"wp-block-paragraph\"><strong>\u25b6\ufe0f&nbsp;Inscreva-se nos dois canais do GRANDE PR\u00caMIO no YouTube:&nbsp;<a href=\"https:\/\/www.youtube.com\/channel\/UC9OlHEgxoaY6QY6nWPoiqQg?sub_confirmation=1\" target=\"_blank\" rel=\"noreferrer noopener\">GP<\/a>&nbsp;|&nbsp;<a href=\"https:\/\/www.youtube.com\/channel\/UC9csiS6q_C3C0FYhyr1rnFA?sub_confirmation=1\" target=\"_blank\" rel=\"noreferrer noopener\">GP2<\/a><\/strong><br><strong>\u25b6\ufe0f&nbsp;<a href=\"https:\/\/www.twitch.tv\/grandepremio\" target=\"_blank\" rel=\"noreferrer noopener\">Conhe\u00e7a o canal do GRANDE PR\u00caMIO na Twitch clicando aqui!<\/a><\/strong><\/p>\n\n\n\n<figure class=\"wp-block-image size-full\"><img decoding=\"async\" src=\"https:\/\/www.grandepremio.com\/br\/wp-content\/uploads\/2023\/02\/Pepe-Marti.jpg\" alt=\"\" class=\"wp-image-650526\"\/><figcaption class=\"wp-element-caption\">Pepe Mart\u00ed \u00e9 o terceiro colocado na temporada 2023 da F3 (Foto: Campos)<\/figcaption><\/figure>\n\n\n\n<p class=\"wp-block-paragraph\">\u201cFazer parte de uma equipe de F\u00f3rmula 1 \u00e9 um sonho de inf\u00e2ncia tornado realidade. A Red Bull tem sido a for\u00e7a nos \u00faltimos anos e \u00e9 a atual campe\u00e3 [na F\u00f3rmula 1]. \u00c9 uma organiza\u00e7\u00e3o que fez tanto pelo esporte por tanto tempo, trazendo muitos campe\u00f5es e pilotos mais jovens, ent\u00e3o fazer parte dessa equipe \u00e9 inacredit\u00e1vel\u201d, disse Mart\u00ed.<\/p>\n\n\n\n<p class=\"wp-block-paragraph\">\u201cEstou muito animado para come\u00e7ar com o p\u00e9 direito os trabalhos com o time. Espero que a rela\u00e7\u00e3o dure por muito tempo. Estou muito orgulhoso. Tive momentos de altos e baixos em minha carreira e isso acontecer comigo \u00e9 muito gratificante\u201d, finalizou.<\/p>\n\n\n\n<p class=\"wp-block-paragraph\">A contrata\u00e7\u00e3o por parte da Red Bull, no entanto, <a href=\"https:\/\/www.grandepremio.com\/br\/f1\/noticias\/red-bull-muitos-pilotos-formula-2-promete-reducao-academia-2024\/\" class=\"ek-link\">vai na contram\u00e3o<\/a> do que disse Christian Horner, chefe da equipe na F1, que tinha como objetivo reduzir o quadro de pilotos para 2024.<\/p>\n\n\n\n<p class=\"wp-block-paragraph\">A etapa da&nbsp;<strong>It\u00e1lia&nbsp;<\/strong>da&nbsp;<strong>F\u00f3rmula 3<\/strong>&nbsp;acontece no pr\u00f3ximo fim de semana, encerrando a temporada 2023, em&nbsp;<strong><a href=\"https:\/\/www.grandepremio.com\/br\/circuito\/monza\/\" target=\"_blank\" rel=\"noreferrer noopener\">Monza<\/a><\/strong>. O&nbsp;<strong>GRANDE PR\u00caMIO&nbsp;<\/strong>faz a cobertura completa do evento em um fim de semana recheado, que ainda ter\u00e1 F\u00f3rmula 1 e&nbsp;<a href=\"https:\/\/www.grandepremio.com\/br\/f2\/\" target=\"_blank\" rel=\"noreferrer noopener\">F\u00f3rmula 2<\/a>.<\/p>\n","protected":false},"excerpt":{"rendered":"<p>Depois de uma temporada s\u00f3lida com a Campos na F\u00f3rmula 3, Josep Mar\u00eda Mart\u00ed chamou a aten\u00e7\u00e3o da Red Bull e vai se juntar \u00e0 academia de jovens pilotos dos austr\u00edacos<\/p>\n","protected":false},"author":0,"featured_media":1000723856,"comment_status":"closed","ping_status":"closed","sticky":false,"template":"","format":"standard","meta":{"42wp_featured_image_caption":"","42wp_featured_image_credits":"","42wp_featured_video":"","42wp_featured_image_hidden":false,"42wp_authors_list":[],"footnotes":""},"categories":[10],"tags":[995,30561,29655,3158,3295,1008,32564,219,28285,33971,35651,33769,204],"42wp_author":[47149],"class_list":["post-99724","post","type-post","status-publish","format-standard","has-post-thumbnail","hentry","category-f3","tag-academia-de-pilotos","tag-academia-red-bull","tag-calendario-f3","tag-campos","tag-campos-racing","tag-f3","tag-f3-2023","tag-grande-prmio","tag-grandepremio","tag-josep-maria-marti","tag-onde-assistir-f3","tag-pepe-marti","tag-red-bull","42wp_author-bernardo-castro"],"_links":{"self":[{"href":"https:\/\/grandepremio.com\/br\/wp-json\/wp\/v2\/posts\/99724","targetHints":{"allow":["GET"]}}],"collection":[{"href":"https:\/\/grandepremio.com\/br\/wp-json\/wp\/v2\/posts"}],"about":[{"href":"https:\/\/grandepremio.com\/br\/wp-json\/wp\/v2\/types\/post"}],"replies":[{"embeddable":true,"href":"https:\/\/grandepremio.com\/br\/wp-json\/wp\/v2\/comments?post=99724"}],"version-history":[{"count":0,"href":"https:\/\/grandepremio.com\/br\/wp-json\/wp\/v2\/posts\/99724\/revisions"}],"wp:featuredmedia":[{"embeddable":true,"href":"https:\/\/grandepremio.com\/br\/wp-json\/wp\/v2\/media\/1000723856"}],"wp:attachment":[{"href":"https:\/\/grandepremio.com\/br\/wp-json\/wp\/v2\/media?parent=99724"}],"wp:term":[{"taxonomy":"category","embeddable":true,"href":"https:\/\/grandepremio.com\/br\/wp-json\/wp\/v2\/categories?post=99724"},{"taxonomy":"post_tag","embeddable":true,"href":"https:\/\/grandepremio.com\/br\/wp-json\/wp\/v2\/tags?post=99724"},{"taxonomy":"42wp_author","embeddable":true,"href":"https:\/\/grandepremio.com\/br\/wp-json\/wp\/v2\/42wp_author?post=99724"}],"curies":[{"name":"wp","href":"https:\/\/api.w.org\/{rel}","templated":true}]}}