{"id":99726,"date":"2023-08-31T13:55:32","date_gmt":"2023-08-31T16:55:32","guid":{"rendered":"https:\/\/grandepremio.com\/br\/noticias\/lewis-hamilton-diz-competitividade-leva-tempo-ve-decisoes-certas-mercedes\/"},"modified":"2023-08-31T13:55:40","modified_gmt":"2023-08-31T16:55:40","slug":"lewis-hamilton-diz-competitividade-leva-tempo-ve-decisoes-certas-mercedes","status":"publish","type":"post","link":"https:\/\/grandepremio.com\/br\/f1\/lewis-hamilton-diz-competitividade-leva-tempo-ve-decisoes-certas-mercedes\/","title":{"rendered":"Hamilton diz que &#8220;competitividade leva tempo&#8221;, mas v\u00ea decis\u00f5es certas da Mercedes"},"content":{"rendered":"\n<p class=\"wp-block-paragraph\">Embora a <strong>Mercedes<\/strong> n\u00e3o esteja passando pela melhor de suas fases na <strong>F\u00f3rmula 1<\/strong>, <strong>Lewis Hamilton<\/strong> optou por renovar o v\u00ednculo com o time alem\u00e3o por mais dois anos. Embora ainda n\u00e3o esteja em condi\u00e7\u00f5es de brigar por vit\u00f3rias, o heptacampe\u00e3o entende que leva tempo at\u00e9 voltar ao topo e acredita que a equipe est\u00e1 seguindo o caminho correto para continuar evoluindo.<\/p>\n\n\n\n<p class=\"wp-block-paragraph\">Depois de alguns meses de suspense durante a negocia\u00e7\u00e3o, Lewis Hamilton e Mercedes finalmente oficializaram a <a href=\"https:\/\/www.grandepremio.com\/br\/f1\/noticias\/mercedes-encerra-novela-confirma-lewis-hamilton-george-russell-2025-formula-1\/\" class=\"ek-link\">extens\u00e3o do acordo<\/a>, que estava previsto para terminar ao fim da temporada 2023. O #44, que est\u00e1 amarrado aos alem\u00e3es at\u00e9 o fim de 2025, disse n\u00e3o estar pensando em j\u00e1 ter um equipamento competitivo ano que vem, embora entenda que precise estar preparado para quando isso acontecer.<\/p>\n\n\n\n<p class=\"wp-block-paragraph\"><strong>\u25b6\ufe0f\u00a0Inscreva-se nos dois canais do GRANDE PR\u00caMIO no YouTube:\u00a0<a href=\"https:\/\/www.youtube.com\/channel\/UC9OlHEgxoaY6QY6nWPoiqQg?sub_confirmation=1\" target=\"_blank\" rel=\"noreferrer noopener\">GP<\/a>\u00a0|\u00a0<a href=\"https:\/\/www.youtube.com\/channel\/UC9csiS6q_C3C0FYhyr1rnFA?sub_confirmation=1\" target=\"_blank\" rel=\"noreferrer noopener\">GP2<\/a><\/strong><br><strong>\u25b6\ufe0f\u00a0<a href=\"https:\/\/www.twitch.tv\/grandepremio\" target=\"_blank\" rel=\"noreferrer noopener\">Conhe\u00e7a o canal do GRANDE PR\u00caMIO na Twitch clicando aqui!<\/a><\/strong><\/p>\n\n\n\n<figure class=\"wp-block-image size-large\"><img decoding=\"async\" src=\"https:\/\/www.grandepremio.com\/br\/wp-content\/uploads\/2023\/08\/holanda-2023-f1-classificacao-mercedes-lewis-hamilton-01-1-1024x680.jpg\" alt=\"\" class=\"wp-image-721691\"\/><figcaption class=\"wp-element-caption\">Lewis Hamilton v\u00ea sinais de evolu\u00e7\u00e3o no carro da Mercedes (Foto: Mercedes)<\/figcaption><\/figure>\n\n\n\n<p class=\"wp-block-paragraph\">\u201cN\u00e3o estou trabalhando para o pr\u00f3ximo ano pensando que ser\u00e3o necess\u00e1rios mais quatro anos para chegar onde precisamos estar. Mas estou ciente de que isso leva tempo. Claro, no meu cora\u00e7\u00e3o, estou t\u00e3o esperan\u00e7oso de que as decis\u00f5es que estamos tomando, e a dire\u00e7\u00e3o que estamos tomando, seja aquela que nos levar\u00e1 ao objetivo para podermos lutar e estar perto e ser mais competitivo\u201d, disse Hamilton<\/p>\n\n\n\n<p class=\"wp-block-paragraph\">\u201cMas se n\u00e3o for no pr\u00f3ximo ano, continuaremos a trabalhar nisso. Mas eu acredito verdadeiramente que se for no pr\u00f3ximo ano ou no ano seguinte, estaremos l\u00e1. Acho que todas as equipes aqui e todos os pilotos est\u00e3o trabalhando muito para chegar ao topo dos pacotes aerodin\u00e2micos que possuem. Reunir todos e fazer com que todos trabalhem a todo vapor n\u00e3o \u00e9 f\u00e1cil em uma equipe grande. Ent\u00e3o isso exige um trabalho consistente\u201d, reconheceu o brit\u00e2nico.<\/p>\n\n\n\n<p class=\"wp-block-paragraph\">Ap\u00f3s o <strong>GP da Hungria<\/strong>, em que anotou a pole mas perdeu in\u00fameras posi\u00e7\u00f5es logo na largada, Hamilton admitiu que j\u00e1 <a href=\"https:\/\/www.grandepremio.com\/br\/f1\/noticias\/lewis-hamilton-admite-momento-complicado-na-f1-nao-estou-no-meu-melhor\/\" class=\"ek-link\">n\u00e3o vive mais o auge<\/a> da pilotagem h\u00e1 dois anos. Por\u00e9m, reiterou o desejo de seguir evoluindo e retomar a boa forma.<\/p>\n\n\n\n<p class=\"wp-block-paragraph\">&#8220;Apesar de ter pilotado e corrido todos esses anos, ainda sinto que posso melhorar a cada fim de semana. E acho que \u00e9 isso que adoro neste esporte. Voc\u00ea nunca alcan\u00e7ar\u00e1 a perfei\u00e7\u00e3o. Mas a busca pela perfei\u00e7\u00e3o \u00e9 uma das coisas mais emocionantes do que fazemos&#8221;, finalizou.<\/p>\n\n\n\n<p class=\"wp-block-paragraph\">A\u00a0<a href=\"https:\/\/www.grandepremio.com\/formula-1\/\" target=\"_blank\" rel=\"noreferrer noopener\"><\/a><a href=\"https:\/\/www.grandepremio.com\/formula-1\/\" target=\"_blank\" rel=\"noreferrer noopener\">F\u00f3rmula 1<\/a>\u00a0retorna neste final de semana, em Monza, entre os dias 1 e 3 de setembro. O\u00a0<strong>GRANDE PR\u00caMIO<\/strong>\u00a0acompanha todas as atividades da temporada 2023 AO VIVO e em\u00a0<a href=\"https:\/\/www.grandepremio.com\/br\/ao-vivo\/\" target=\"_blank\" rel=\"noreferrer noopener\">TEMPO REAL<\/a>.<\/p>\n\n\n\n<figure class=\"wp-block-embed is-type-rich is-provider-incorporar-manipulador wp-block-embed-incorporar-manipulador wp-embed-aspect-16-9 wp-has-aspect-ratio\"><div class=\"wp-block-embed__wrapper\">\nhttps:\/\/youtube.com\/watch?v=HLEV1kx10VA%3Fsi%3Dh6t6mZwOqIs9ZRAd\n<\/div><\/figure>\n","protected":false},"excerpt":{"rendered":"<p>Mesmo sem o melhor carro do grid, Lewis Hamilton confiou no trabalho da Mercedes ao renovar o contrato e acredita que a equipe est\u00e1 evoluindo de forma satisfat\u00f3ria<\/p>\n","protected":false},"author":0,"featured_media":1000720864,"comment_status":"closed","ping_status":"closed","sticky":false,"template":"","format":"standard","meta":{"42wp_featured_image_caption":"","42wp_featured_image_credits":"","42wp_featured_video":"","42wp_featured_image_hidden":false,"42wp_authors_list":[],"footnotes":""},"categories":[2],"tags":[147,219,28285,2810,33596,87,82,35129,33467],"42wp_author":[47149],"class_list":["post-99726","post","type-post","status-publish","format-standard","has-post-thumbnail","hentry","category-f1","tag-f1","tag-grande-prmio","tag-grandepremio","tag-hamilton","tag-hamilton-mercedes","tag-lewis-hamilton","tag-mercedes","tag-onde-assistir-f1","tag-onde-assistir-f1-2023","42wp_author-bernardo-castro"],"_links":{"self":[{"href":"https:\/\/grandepremio.com\/br\/wp-json\/wp\/v2\/posts\/99726","targetHints":{"allow":["GET"]}}],"collection":[{"href":"https:\/\/grandepremio.com\/br\/wp-json\/wp\/v2\/posts"}],"about":[{"href":"https:\/\/grandepremio.com\/br\/wp-json\/wp\/v2\/types\/post"}],"replies":[{"embeddable":true,"href":"https:\/\/grandepremio.com\/br\/wp-json\/wp\/v2\/comments?post=99726"}],"version-history":[{"count":0,"href":"https:\/\/grandepremio.com\/br\/wp-json\/wp\/v2\/posts\/99726\/revisions"}],"wp:featuredmedia":[{"embeddable":true,"href":"https:\/\/grandepremio.com\/br\/wp-json\/wp\/v2\/media\/1000720864"}],"wp:attachment":[{"href":"https:\/\/grandepremio.com\/br\/wp-json\/wp\/v2\/media?parent=99726"}],"wp:term":[{"taxonomy":"category","embeddable":true,"href":"https:\/\/grandepremio.com\/br\/wp-json\/wp\/v2\/categories?post=99726"},{"taxonomy":"post_tag","embeddable":true,"href":"https:\/\/grandepremio.com\/br\/wp-json\/wp\/v2\/tags?post=99726"},{"taxonomy":"42wp_author","embeddable":true,"href":"https:\/\/grandepremio.com\/br\/wp-json\/wp\/v2\/42wp_author?post=99726"}],"curies":[{"name":"wp","href":"https:\/\/api.w.org\/{rel}","templated":true}]}}