{"id":99731,"date":"2023-08-31T12:15:00","date_gmt":"2023-08-31T15:15:00","guid":{"rendered":"https:\/\/grandepremio.com\/br\/noticias\/quais-horarios-rodada-da-italia-formula-2-2023\/"},"modified":"2023-08-31T10:28:19","modified_gmt":"2023-08-31T13:28:19","slug":"quais-horarios-rodada-da-italia-formula-2-2023","status":"publish","type":"post","link":"https:\/\/grandepremio.com\/br\/f2\/quais-horarios-rodada-da-italia-formula-2-2023\/","title":{"rendered":"Quais os hor\u00e1rios da rodada da It\u00e1lia da F\u00f3rmula 2 2023"},"content":{"rendered":"\n<p class=\"wp-block-paragraph\">Com\u00a0<a href=\"https:\/\/formula1aovivo.com\/\" target=\"_blank\" rel=\"noreferrer noopener\"><\/a><a href=\"https:\/\/teleguiado.com\/\" target=\"_blank\" rel=\"noreferrer noopener\">transmiss\u00e3o<\/a>\u00a0do streaming oficial da\u00a0<a href=\"https:\/\/www.grandepremio.com\/formula-1\/\" target=\"_blank\" rel=\"noreferrer noopener\">F\u00f3rmula 1<\/a>, o<strong>\u00a0F1 TV<\/strong>, e tamb\u00e9m do canal fechado\u00a0<strong>BandSports<\/strong>, a\u00a0<strong><a href=\"https:\/\/www.grandepremio.com\/br\/f2\/\" target=\"_blank\" rel=\"noreferrer noopener\">F\u00f3rmula 2<\/a><\/strong>\u00a0realiza a pen\u00faltima etapa da<strong>\u00a0temporada 2023\u00a0<\/strong>neste final de semana, na\u00a0<strong>Holanda<\/strong>. Confira a programa\u00e7\u00e3o completa e marque na agenda os hor\u00e1rios para n\u00e3o se perder!<\/p>\n\n\n\n<p class=\"wp-block-paragraph\">Na sexta-feira (25), acontece o \u00fanico\u00a0<strong>treino livre<\/strong>\u00a0da etapa, \u00e0s\u00a0<strong>6h05\u00a0<\/strong>(de Bras\u00edlia, GMT-3). Depois, os pilotos retornam \u00e0 pista para a\u00a0<strong>classifica\u00e7\u00e3o\u00a0<\/strong>a partir das\u00a0<strong>11h<\/strong>. A sess\u00e3o define o grid tanto da sprint, com a invers\u00e3o dos dez primeiros, quanto da corrida principal.<\/p>\n\n\n\n<p class=\"wp-block-paragraph\"><strong>\u25b6\ufe0f\u00a0Inscreva-se nos dois canais do GRANDE PR\u00caMIO no YouTube:\u00a0<a href=\"https:\/\/www.youtube.com\/channel\/UC9OlHEgxoaY6QY6nWPoiqQg?sub_confirmation=1\" target=\"_blank\" rel=\"noreferrer noopener\">GP<\/a>\u00a0|\u00a0<a href=\"https:\/\/www.youtube.com\/channel\/UC9csiS6q_C3C0FYhyr1rnFA?sub_confirmation=1\" target=\"_blank\" rel=\"noreferrer noopener\">GP2<\/a><\/strong><br><strong>\u25b6\ufe0f\u00a0<a href=\"https:\/\/www.twitch.tv\/grandepremio\" target=\"_blank\" rel=\"noreferrer noopener\">Conhe\u00e7a o canal do GRANDE PR\u00caMIO na Twitch clicando aqui!<\/a><\/strong><\/p>\n\n\n\n<figure class=\"wp-block-image size-large\"><img decoding=\"async\" src=\"https:\/\/www.grandepremio.com\/br\/wp-content\/uploads\/2023\/08\/Victor-Martins-F2-na-Holanda-819x1024.jpg\" alt=\"\" class=\"wp-image-723039\"\/><figcaption class=\"wp-element-caption\">Victor Martins est\u00e1 em quinto na classifica\u00e7\u00e3o (Foto: ART)<\/figcaption><\/figure>\n\n\n\n<p class=\"wp-block-paragraph\">No s\u00e1bado, a\u00a0<strong>prova curta\u00a0<\/strong>tem largada prevista para as\u00a0<strong>9h15<\/strong>. J\u00e1 a\u00a0<strong>corrida principal<\/strong>\u00a0acontece no domingo, \u00e0s\u00a0<strong>6h<\/strong>.<\/p>\n\n\n\n<p class=\"wp-block-paragraph\">O campeonato tem\u00a0<strong>Th\u00e9o Pourchaire<\/strong>\u00a0na lideran\u00e7a, seguido por\u00a0<strong>Frederik Vesti<\/strong>,\u00a0<strong>Ayumu Iwasa<\/strong>,\u00a0<strong>Jack Doohan\u00a0<\/strong>e\u00a0<strong>Victor Martins<\/strong>\u00a0fechando o top-5.\u00a0<strong>Enzo Fittipaldi<\/strong>\u00a0\u00e9 o sexto colocado.<\/p>\n\n\n\n<p class=\"wp-block-paragraph\">O&nbsp;<strong>GRANDE PR\u00caMIO&nbsp;<\/strong>acompanha todas as atividades da temporada 2023.<\/p>\n","protected":false},"excerpt":{"rendered":"<p>A F\u00f3rmula 2 chega \u00e0 It\u00e1lia neste final de semana. Confira a programa\u00e7\u00e3o completa e n\u00e3o perca os hor\u00e1rios das atividades de pista<\/p>\n","protected":false},"author":0,"featured_media":1000723031,"comment_status":"closed","ping_status":"closed","sticky":false,"template":"","format":"standard","meta":{"42wp_featured_image_caption":"","42wp_featured_image_credits":"","42wp_featured_video":"","42wp_featured_image_hidden":false,"42wp_authors_list":[],"footnotes":""},"categories":[9],"tags":[29654,30246,111,32048,2208,32407,1491,28285,35029,17313,36323,36331,1737,36324,32384,35030,36320,33171],"42wp_author":[47147],"class_list":["post-99731","post","type-post","status-publish","format-standard","has-post-thumbnail","hentry","category-f2","tag-calendario-f2","tag-classificacao-f2","tag-f2","tag-f2-2023","tag-formula-2","tag-formula-2-2023","tag-grande-premio","tag-grandepremio","tag-horarios-f2","tag-italia","tag-italia-2023","tag-italia-f2","tag-monza","tag-monza-2023","tag-monza-f2","tag-onde-assistir-f2","tag-rodada-da-italia","tag-temporada-2023-f2","42wp_author-luana-marino"],"_links":{"self":[{"href":"https:\/\/grandepremio.com\/br\/wp-json\/wp\/v2\/posts\/99731","targetHints":{"allow":["GET"]}}],"collection":[{"href":"https:\/\/grandepremio.com\/br\/wp-json\/wp\/v2\/posts"}],"about":[{"href":"https:\/\/grandepremio.com\/br\/wp-json\/wp\/v2\/types\/post"}],"replies":[{"embeddable":true,"href":"https:\/\/grandepremio.com\/br\/wp-json\/wp\/v2\/comments?post=99731"}],"version-history":[{"count":0,"href":"https:\/\/grandepremio.com\/br\/wp-json\/wp\/v2\/posts\/99731\/revisions"}],"wp:featuredmedia":[{"embeddable":true,"href":"https:\/\/grandepremio.com\/br\/wp-json\/wp\/v2\/media\/1000723031"}],"wp:attachment":[{"href":"https:\/\/grandepremio.com\/br\/wp-json\/wp\/v2\/media?parent=99731"}],"wp:term":[{"taxonomy":"category","embeddable":true,"href":"https:\/\/grandepremio.com\/br\/wp-json\/wp\/v2\/categories?post=99731"},{"taxonomy":"post_tag","embeddable":true,"href":"https:\/\/grandepremio.com\/br\/wp-json\/wp\/v2\/tags?post=99731"},{"taxonomy":"42wp_author","embeddable":true,"href":"https:\/\/grandepremio.com\/br\/wp-json\/wp\/v2\/42wp_author?post=99731"}],"curies":[{"name":"wp","href":"https:\/\/api.w.org\/{rel}","templated":true}]}}