{"id":99741,"date":"2023-08-31T09:28:00","date_gmt":"2023-08-31T12:28:00","guid":{"rendered":"https:\/\/grandepremio.com\/br\/noticias\/lewis-hamilton-historia-mercedes-nao-terminou-venceremos-novamente\/"},"modified":"2023-08-31T09:28:56","modified_gmt":"2023-08-31T12:28:56","slug":"lewis-hamilton-historia-mercedes-nao-terminou-venceremos-novamente","status":"publish","type":"post","link":"https:\/\/grandepremio.com\/br\/f1\/lewis-hamilton-historia-mercedes-nao-terminou-venceremos-novamente\/","title":{"rendered":"Hamilton diz que hist\u00f3ria com Mercedes \u201cn\u00e3o terminou\u201d e avisa: \u201cVenceremos novamente\u201d"},"content":{"rendered":"\n<p class=\"wp-block-paragraph\"><strong>Lewis Hamilton<\/strong> afirmou que a hist\u00f3ria com a <strong>Mercedes <\/strong>na <strong>F\u00f3rmula 1<\/strong> \u201cn\u00e3o terminou\u201d. O brit\u00e2nico se disse determinado a alcan\u00e7ar mais feitos com a equipe de <strong>Brackley <\/strong>e lan\u00e7ou o aviso: \u201cVenceremos novamente\u201d.<\/p>\n\n\n\n<p class=\"wp-block-paragraph\">Nesta quinta-feira (31), a <a href=\"https:\/\/www.grandepremio.com\/br\/f1\/noticias\/mercedes-encerra-novela-confirma-lewis-hamilton-george-russell-2025-formula-1\/\" class=\"ek-link\"><strong>Mercedes <\/strong>anunciou a renova\u00e7\u00e3o do contrato de Hamilton, que seguir\u00e1 formando dupla com <strong>George Russell <\/strong>at\u00e9 a temporada <strong>2025<\/strong><\/a>.<\/p>\n\n\n\n<figure class=\"wp-block-image size-large\"><img decoding=\"async\" src=\"https:\/\/www.grandepremio.com\/br\/wp-content\/uploads\/2023\/08\/000_33TE248-e1692914457762-1024x750.jpg\" alt=\"F1 2023, GP DA HOLANDA, ZANDVOORT, QUINTA-FEIRA, MERCEDES, LEWIS HAMILTON, AFP\" class=\"wp-image-720864\"\/><figcaption class=\"wp-element-caption\">Lewis Hamilton enfim renovou contrato com a Mercedes (Foto: AFP)<\/figcaption><\/figure>\n\n\n\n<p class=\"wp-block-paragraph\"><strong>\u25b6\ufe0f\u00a0Inscreva-se nos dois canais do GRANDE PR\u00caMIO no YouTube:\u00a0<a href=\"https:\/\/www.youtube.com\/channel\/UC9OlHEgxoaY6QY6nWPoiqQg?sub_confirmation=1\" target=\"_blank\" rel=\"noreferrer noopener\">GP<\/a>\u00a0|\u00a0<a href=\"https:\/\/www.youtube.com\/channel\/UC9csiS6q_C3C0FYhyr1rnFA?sub_confirmation=1\" target=\"_blank\" rel=\"noreferrer noopener\">GP2<\/a><\/strong><br><strong>\u25b6\ufe0f\u00a0<a href=\"https:\/\/www.twitch.tv\/grandepremio\" target=\"_blank\" rel=\"noreferrer noopener\">Conhe\u00e7a o canal do GRANDE PR\u00caMIO na Twitch clicando aqui!<\/a><\/strong><\/p>\n\n\n\n<p class=\"wp-block-paragraph\">Nas primeiras declara\u00e7\u00f5es ap\u00f3s o an\u00fancio, Hamilton recordou do passado glorioso e ponderou que \u00e9 hora de aprender com os fracassos e brigar para retornar ao topo da <strong>F1<\/strong>.<\/p>\n\n\n\n<p class=\"wp-block-paragraph\">\u201cSonhamos todos os dias em sermos os melhores e dedicamos a \u00faltima d\u00e9cada juntos a atingir esse objetivo\u201d, come\u00e7ou Hamilton. \u201cEstar no topo n\u00e3o acontece do dia para a noite ou ao longo de um pequeno per\u00edodo de tempo. Exige compromisso, trabalho duro e dedica\u00e7\u00e3o, e tem sido uma honra conquistar nosso caminho nos livros de hist\u00f3ria com esta equipe incr\u00edvel\u201d, seguiu.<\/p>\n\n\n\n<p class=\"wp-block-paragraph\">\u201cNunca estivemos mais famintos para vencer. Aprendemos com cada sucesso, mas tamb\u00e9m com cada problema. Continuamos seguindo nossos sonhos e lutando, n\u00e3o importa o desafio. E venceremos novamente\u201d, garantiu. \u201cEstou grato \u00e0 equipe, que me apoiou dentro e fora da pista. Nossa hist\u00f3ria n\u00e3o terminou, estamos determinados a alcan\u00e7ar mais juntos e n\u00e3o pararemos at\u00e9 conseguimos isso\u201d, finalizou.<\/p>\n\n\n\n<p class=\"wp-block-paragraph\">A\u00a0<strong><a href=\"https:\/\/www.grandepremio.com\/formula-1\/\" target=\"_blank\" rel=\"noreferrer noopener\">F\u00f3rmula<\/a>\u00a01<\/strong>\u00a0retorna entre os dias 1 e 3 de setembro, com o\u00a0<strong>GP da It\u00e1lia<\/strong>, em\u00a0<strong><a href=\"https:\/\/www.grandepremio.com\/br\/circuito\/monza\/\" target=\"_blank\" rel=\"noreferrer noopener\">Monza<\/a><\/strong>, 14\u00aa etapa da temporada 2023.<\/p>\n\n\n\n<figure class=\"wp-block-embed is-type-video is-provider-youtube wp-block-embed-youtube wp-embed-aspect-16-9 wp-has-aspect-ratio\"><div class=\"wp-block-embed__wrapper\">\n<iframe loading=\"lazy\" title=\"DRUGOVICH na F1 e futuro de P\u00e9rez na Red Bull CONFIRMADO | TT GP #111\" width=\"500\" height=\"281\" src=\"https:\/\/www.youtube.com\/embed\/jblIZXfHR78?feature=oembed\" frameborder=\"0\" allow=\"accelerometer; autoplay; clipboard-write; encrypted-media; gyroscope; picture-in-picture; web-share\" referrerpolicy=\"strict-origin-when-cross-origin\" allowfullscreen><\/iframe>\n<\/div><\/figure>\n","protected":false},"excerpt":{"rendered":"<p>No dia em que a Mercedes anunciou a renova\u00e7\u00e3o at\u00e9 a temporada 2025 da F\u00f3rmula 1, Lewis Hamilton relembrou os sonhos que j\u00e1 conquistou com a equipe, mas reconheceu que o momento \u00e9 de reconstru\u00e7\u00e3o. Brit\u00e2nico destacou a determina\u00e7\u00e3o em voltar ao topo<\/p>\n","protected":false},"author":0,"featured_media":1000721210,"comment_status":"closed","ping_status":"closed","sticky":false,"template":"","format":"standard","meta":{"42wp_featured_image_caption":"","42wp_featured_image_credits":"","42wp_featured_video":"","42wp_featured_image_hidden":false,"42wp_authors_list":[],"footnotes":""},"categories":[2],"tags":[147,6533,180,30722,33465,28285,17313,87,82,1737,33467],"42wp_author":[47113],"class_list":["post-99741","post","type-post","status-publish","format-standard","has-post-thumbnail","hentry","category-f1","tag-f1","tag-f1-2023","tag-formula-1","tag-formula-1-2023","tag-formula-1-classificacao-2023","tag-grandepremio","tag-italia","tag-lewis-hamilton","tag-mercedes","tag-monza","tag-onde-assistir-f1-2023","42wp_author-juliana-tesser"],"_links":{"self":[{"href":"https:\/\/grandepremio.com\/br\/wp-json\/wp\/v2\/posts\/99741","targetHints":{"allow":["GET"]}}],"collection":[{"href":"https:\/\/grandepremio.com\/br\/wp-json\/wp\/v2\/posts"}],"about":[{"href":"https:\/\/grandepremio.com\/br\/wp-json\/wp\/v2\/types\/post"}],"replies":[{"embeddable":true,"href":"https:\/\/grandepremio.com\/br\/wp-json\/wp\/v2\/comments?post=99741"}],"version-history":[{"count":0,"href":"https:\/\/grandepremio.com\/br\/wp-json\/wp\/v2\/posts\/99741\/revisions"}],"wp:featuredmedia":[{"embeddable":true,"href":"https:\/\/grandepremio.com\/br\/wp-json\/wp\/v2\/media\/1000721210"}],"wp:attachment":[{"href":"https:\/\/grandepremio.com\/br\/wp-json\/wp\/v2\/media?parent=99741"}],"wp:term":[{"taxonomy":"category","embeddable":true,"href":"https:\/\/grandepremio.com\/br\/wp-json\/wp\/v2\/categories?post=99741"},{"taxonomy":"post_tag","embeddable":true,"href":"https:\/\/grandepremio.com\/br\/wp-json\/wp\/v2\/tags?post=99741"},{"taxonomy":"42wp_author","embeddable":true,"href":"https:\/\/grandepremio.com\/br\/wp-json\/wp\/v2\/42wp_author?post=99741"}],"curies":[{"name":"wp","href":"https:\/\/api.w.org\/{rel}","templated":true}]}}