{"id":99759,"date":"2023-08-30T14:22:23","date_gmt":"2023-08-30T17:22:23","guid":{"rendered":"https:\/\/grandepremio.com\/br\/noticias\/oscar-piastri-destaca-dia-aprendizado-apos-corrida-caotica-gp-holanda\/"},"modified":"2023-08-30T15:53:31","modified_gmt":"2023-08-30T18:53:31","slug":"oscar-piastri-destaca-dia-aprendizado-apos-corrida-caotica-gp-holanda","status":"publish","type":"post","link":"https:\/\/grandepremio.com\/br\/f1\/oscar-piastri-destaca-dia-aprendizado-apos-corrida-caotica-gp-holanda\/","title":{"rendered":"Piastri destaca dia de \u201caprendizado\u201d com \u201ccorrida ca\u00f3tica\u201d no GP da Holanda"},"content":{"rendered":"\n<p class=\"wp-block-paragraph\">Depois de a<strong> McLaren<\/strong> apresentar um ritmo competitivo durante os treinos livres e a classifica\u00e7\u00e3o, o resultado de <strong>Oscar Piastri<\/strong> e <strong>Lando Norris<\/strong> ficou abaixo do que se esperava <a href=\"https:\/\/www.grandepremio.com\/br\/f1\/noticias\/max-verstappen-supera-chuva-vence-gp-da-holanda-enfileira-nono-triunfo-seguido-2023\/\" class=\"ek-link\">no <strong>GP da Holanda<\/strong><\/a>. No entanto, o australiano, que foi apenas o nono colocado, destacou pontos positivos na corrida realizada em <strong>Zandvoort<\/strong>. Dentre eles, a experi\u00eancia adquirida em sua primeira corrida ca\u00f3tica na F1.<\/p>\n\n\n\n<p class=\"wp-block-paragraph\">O GP da Holanda foi marcado pelo chove e para desde o in\u00edcio e isso atrapalhou a estrat\u00e9gia de corrida de algumas equipes \u2014 dentre elas a McLaren. O time de Woking era cotado como um dos favoritos a terminar no p\u00f3dio, mas fechou o dia apenas com o s\u00e9timo e nono lugar. Ainda assim, Piastri viu o saldo como positivo.<\/p>\n\n\n\n<p class=\"wp-block-paragraph\"><strong>\u25b6\ufe0f&nbsp;Inscreva-se nos dois canais do GRANDE PR\u00caMIO no YouTube:&nbsp;<a href=\"https:\/\/www.youtube.com\/channel\/UC9OlHEgxoaY6QY6nWPoiqQg?sub_confirmation=1\" target=\"_blank\" rel=\"noreferrer noopener\">GP<\/a>&nbsp;|&nbsp;<a href=\"https:\/\/www.youtube.com\/channel\/UC9csiS6q_C3C0FYhyr1rnFA?sub_confirmation=1\" target=\"_blank\" rel=\"noreferrer noopener\">GP2<\/a><\/strong><br><strong>\u25b6\ufe0f&nbsp;<a href=\"https:\/\/www.twitch.tv\/grandepremio\" target=\"_blank\" rel=\"noreferrer noopener\">Conhe\u00e7a o canal do GRANDE PR\u00caMIO na Twitch clicando aqui!<\/a><\/strong><\/p>\n\n\n\n<figure class=\"wp-block-image size-large\"><img decoding=\"async\" src=\"https:\/\/www.grandepremio.com\/br\/wp-content\/uploads\/2023\/08\/holanda-2023-f1-corrida-mclaren-oscar-piastri-02-1024x683.jpg\" alt=\"\" class=\"wp-image-722471\"\/><figcaption class=\"wp-element-caption\">Oscar Piastri foi apenas o nono colocado na Holanda (Foto: McLaren)<\/figcaption><\/figure>\n\n\n\n<p class=\"wp-block-paragraph\">\u201cSim, foi definitivamente ca\u00f3tico. Ter dois carros nos pontos, e inteiros, \u00e9 um resultado decente. Acho que talvez houvesse algumas oportunidades com as quais poder\u00edamos ter aproveitado um pouco mais, tamb\u00e9m alguns erros da minha parte que certamente n\u00e3o ajudaram a nossa causa\u201d, disse o #81.<\/p>\n\n\n\n<p class=\"wp-block-paragraph\">Outro ponto positivo ressaltado por Oscar foi a experi\u00eancia obtida, uma vez que ainda n\u00e3o tinha passado por uma situa\u00e7\u00e3o t\u00e3o imprevis\u00edvel durante uma corrida da F1.<\/p>\n\n\n\n<p class=\"wp-block-paragraph\">\u201cMas h\u00e1 muito o que aprender. Para mim, tivemos muitas corridas malucas, ent\u00e3o foi um batismo de fogo na minha temporada de estreia, mas tudo parte da experi\u00eancia de aprendizado. Na primeira parte da temporada teve muita coisa que tive de aprender em termos de corrida, em termos de continuar a lidar com o carro. Sinto que agora estou muito mais confort\u00e1vel com o carro do que no in\u00edcio do ano\u201d, finalizou.<\/p>\n\n\n\n<p class=\"wp-block-paragraph\">A&nbsp;<strong><a href=\"https:\/\/www.grandepremio.com\/formula-1\/\" target=\"_blank\" rel=\"noreferrer noopener\">F\u00f3rmula<\/a> 1<\/strong>&nbsp;retorna na semana que vem, entre os dias 1 e 3 de setembro, com o&nbsp;<strong>GP da It\u00e1lia<\/strong>, em&nbsp;<strong>Monza<\/strong>, 14\u00aa etapa da temporada 2023.<\/p>\n\n\n\n<figure class=\"wp-block-embed is-type-rich is-provider-incorporar-manipulador wp-block-embed-incorporar-manipulador wp-embed-aspect-16-9 wp-has-aspect-ratio\"><div class=\"wp-block-embed__wrapper\">\nhttps:\/\/youtube.com\/watch?v=jblIZXfHR78%3Fsi%3DBmmVLEcM3on2k10M\n<\/div><\/figure>\n","protected":false},"excerpt":{"rendered":"<p>Embora a McLaren tivesse carro para brigar por p\u00f3dio em Zandvoort, Oscar Piastri viu como positivo o resultado obtido nos Pa\u00edses Baixos e ficou contente com a experi\u00eancia adquirida em uma corrida ca\u00f3tica<\/p>\n","protected":false},"author":0,"featured_media":1000712628,"comment_status":"closed","ping_status":"closed","sticky":false,"template":"","format":"standard","meta":{"42wp_featured_image_caption":"","42wp_featured_image_credits":"","42wp_featured_video":"","42wp_featured_image_hidden":false,"42wp_authors_list":[],"footnotes":""},"categories":[2],"tags":[26271,147,219,28285,30840,547,90,33467,2916,30336,32179,1389,32346],"42wp_author":[47149],"class_list":["post-99759","post","type-post","status-publish","format-standard","has-post-thumbnail","hentry","category-f1","tag-calendario-f1","tag-f1","tag-grande-prmio","tag-grandepremio","tag-horarios-f1","tag-lando-norris","tag-mclaren","tag-onde-assistir-f1-2023","tag-oscar-piastri","tag-piastri","tag-piastri-mclaren","tag-zandvoort","tag-zandvoort-f1","42wp_author-bernardo-castro"],"_links":{"self":[{"href":"https:\/\/grandepremio.com\/br\/wp-json\/wp\/v2\/posts\/99759","targetHints":{"allow":["GET"]}}],"collection":[{"href":"https:\/\/grandepremio.com\/br\/wp-json\/wp\/v2\/posts"}],"about":[{"href":"https:\/\/grandepremio.com\/br\/wp-json\/wp\/v2\/types\/post"}],"replies":[{"embeddable":true,"href":"https:\/\/grandepremio.com\/br\/wp-json\/wp\/v2\/comments?post=99759"}],"version-history":[{"count":0,"href":"https:\/\/grandepremio.com\/br\/wp-json\/wp\/v2\/posts\/99759\/revisions"}],"wp:featuredmedia":[{"embeddable":true,"href":"https:\/\/grandepremio.com\/br\/wp-json\/wp\/v2\/media\/1000712628"}],"wp:attachment":[{"href":"https:\/\/grandepremio.com\/br\/wp-json\/wp\/v2\/media?parent=99759"}],"wp:term":[{"taxonomy":"category","embeddable":true,"href":"https:\/\/grandepremio.com\/br\/wp-json\/wp\/v2\/categories?post=99759"},{"taxonomy":"post_tag","embeddable":true,"href":"https:\/\/grandepremio.com\/br\/wp-json\/wp\/v2\/tags?post=99759"},{"taxonomy":"42wp_author","embeddable":true,"href":"https:\/\/grandepremio.com\/br\/wp-json\/wp\/v2\/42wp_author?post=99759"}],"curies":[{"name":"wp","href":"https:\/\/api.w.org\/{rel}","templated":true}]}}