{"id":99796,"date":"2023-08-29T04:00:00","date_gmt":"2023-08-29T07:00:00","guid":{"rendered":"https:\/\/grandepremio.com\/br\/noticias\/fernando-alonso-detalha-ultrapassagens-largada-zandvoort-todos-cautelosos\/"},"modified":"2023-08-28T14:57:52","modified_gmt":"2023-08-28T17:57:52","slug":"fernando-alonso-detalha-ultrapassagens-largada-zandvoort-todos-cautelosos","status":"publish","type":"post","link":"https:\/\/grandepremio.com\/br\/f1\/fernando-alonso-detalha-ultrapassagens-largada-zandvoort-todos-cautelosos\/","title":{"rendered":"Alonso detalha ultrapassagens na largada em Zandvoort: &#8220;Todos cautelosos&#8221;"},"content":{"rendered":"\n<p class=\"wp-block-paragraph\"><strong>Fernando Alonso<\/strong> foi um dos destaques positivos do <strong>GP da Holanda<\/strong>, <a href=\"https:\/\/www.grandepremio.com\/br\/f1\/noticias\/max-verstappen-supera-chuva-vence-gp-da-holanda-enfileira-nono-triunfo-seguido-2023\/\" class=\"ek-link\">realizado no \u00faltimo domingo<\/a> (27). Depois de cravar o quinto tempo na classifica\u00e7\u00e3o, o bicampe\u00e3o teve uma grande largada na corrida e fez uma inesperada ultrapassagem dupla sobre <strong>George Russell<\/strong> e <strong>Alexander Albon<\/strong> na curva 3. O espanhol, que aposta que o movimento vai ganhar o pr\u00eamio de ultrapassagem do m\u00eas, acredita que a manobra s\u00f3 foi bem sucedida porque os rivais estavam muito cautelosos nos metros iniciais.<\/p>\n\n\n\n<p class=\"wp-block-paragraph\">Alonso, na verdade, j\u00e1 estava com planos de atacar os pilotos que estavam \u00e0 sua frente naquele ponto da pista. A ideia, no entanto, acabou surgindo por acaso, quando deu passagem para outros carros passarem, ainda durante os treinos livres.<\/p>\n\n\n\n<p class=\"wp-block-paragraph\"><strong>\u25b6\ufe0f\u00a0Inscreva-se nos dois canais do GRANDE PR\u00caMIO no YouTube:\u00a0<a href=\"https:\/\/www.youtube.com\/channel\/UC9OlHEgxoaY6QY6nWPoiqQg?sub_confirmation=1\" target=\"_blank\" rel=\"noreferrer noopener\">GP<\/a>\u00a0|\u00a0<a href=\"https:\/\/www.youtube.com\/channel\/UC9csiS6q_C3C0FYhyr1rnFA?sub_confirmation=1\" target=\"_blank\" rel=\"noreferrer noopener\">GP2<\/a><\/strong><br><strong>\u25b6\ufe0f\u00a0<a href=\"https:\/\/www.twitch.tv\/grandepremio\" target=\"_blank\" rel=\"noreferrer noopener\">Conhe\u00e7a o canal do GRANDE PR\u00caMIO na Twitch clicando aqui!<\/a><\/strong><\/p>\n\n\n\n<figure class=\"wp-block-image size-large\"><img decoding=\"async\" src=\"https:\/\/www.grandepremio.com\/br\/wp-content\/uploads\/2023\/08\/holanda-2023-f1-corrida-aston-martin-fernando-alonso-01-1024x683.jpg\" alt=\"\" class=\"wp-image-722272\"\/><figcaption class=\"wp-element-caption\">Aston Martin se colocou como segunda for\u00e7a em Zandvoort (Foto: Aston Martin)<\/figcaption><\/figure>\n\n\n\n<p class=\"wp-block-paragraph\">\u201cFoi durante o TL1 ou TL2. Estava molhado e em uma das voltas deixei alguns carros entrarem no tra\u00e7ado de corrida normal e encontrei muita ader\u00eancia por dentro, apenas deixando os pilotos passarem. Ent\u00e3o eu fiquei com isso na cabe\u00e7a o tempo todo, o fim de semana todo, caso estivesse molhado. Eu estava pronto para tentar novamente\u201d, lembrou o titular da <strong>Aston Martin<\/strong>.<\/p>\n\n\n\n<p class=\"wp-block-paragraph\">Contudo, quando a corrida estava prestes a come\u00e7ar e a chuva come\u00e7ou a dar as caras, Alonso teve receio em realizar a manobra. Afinal, estava com compostos para pista seca e n\u00e3o sabia o qu\u00e3o boa seria a ader\u00eancia na curva 3.<\/p>\n\n\n\n<p class=\"wp-block-paragraph\">\u201cQuando est\u00e1vamos no grid e as luzes vermelhas estavam acesas para o in\u00edcio da corrida tinham muitos pingos caindo na viseira. Ent\u00e3o \u00e9 o pior sentimento que voc\u00ea pode ter. Porque voc\u00ea est\u00e1 pronto para come\u00e7ar a corrida com um pneu slick e no seu visor voc\u00ea v\u00ea que est\u00e1 chovendo, ent\u00e3o voc\u00ea n\u00e3o tem ideia da ader\u00eancia que encontrar\u00e1 na frenagem da curva 1, ou na curva 3\u201d, admitiu o asturiano.<\/p>\n\n\n\n<p class=\"wp-block-paragraph\">\u201cEnt\u00e3o pensei \u2018todos ser\u00e3o um pouco cautelosos com o n\u00edvel de ader\u00eancia na entrada e na sa\u00edda da curva 3\u2019. Ent\u00e3o decidi que passar por dentro poderia funcionar e sim, ultrapassei dois carros. Essa deve ser a ultrapassagem do m\u00eas, novamente. Espero\u201d, finalizou.<\/p>\n\n\n\n<p class=\"wp-block-paragraph\">A\u00a0<strong><a href=\"https:\/\/www.grandepremio.com\/formula-1\/\" target=\"_blank\" rel=\"noreferrer noopener\">F\u00f3rmula 1<\/a><\/strong>\u00a0retorna na semana que vem, entre os dias 1 e 3 de setembro, com o\u00a0<strong>GP da It\u00e1lia<\/strong>, em\u00a0<strong><a href=\"https:\/\/www.grandepremio.com\/br\/circuito\/monza\/\" target=\"_blank\" rel=\"noreferrer noopener\">Monza<\/a><\/strong>, 14\u00aa etapa da temporada 2023.<\/p>\n\n\n\n<figure class=\"wp-block-embed is-type-rich is-provider-incorporar-manipulador wp-block-embed-incorporar-manipulador wp-embed-aspect-16-9 wp-has-aspect-ratio\"><div class=\"wp-block-embed__wrapper\">\nhttps:\/\/youtube.com\/watch?v=XrL78wNN7Wo%3Fsi%3DMUBTz90tQZbE8mTV\n<\/div><\/figure>\n","protected":false},"excerpt":{"rendered":"<p>Fernando Alonso quebrou o jejum de corridas fora do p\u00f3dio na Holanda depois de fazer uma ultrapassagem monumental sobre George Russell e Alexander Albon na curva 3<\/p>\n","protected":false},"author":0,"featured_media":1000722489,"comment_status":"closed","ping_status":"closed","sticky":false,"template":"","format":"standard","meta":{"42wp_featured_image_caption":"","42wp_featured_image_credits":"","42wp_featured_video":"","42wp_featured_image_hidden":false,"42wp_authors_list":[],"footnotes":""},"categories":[2],"tags":[309,26271,147,176,1388,219,28285,33467,36193,32346],"42wp_author":[47149],"class_list":["post-99796","post","type-post","status-publish","format-standard","has-post-thumbnail","hentry","category-f1","tag-aston-martin","tag-calendario-f1","tag-f1","tag-fernando-alonso","tag-gp-da-holanda","tag-grande-prmio","tag-grandepremio","tag-onde-assistir-f1-2023","tag-zandvoort-2023","tag-zandvoort-f1","42wp_author-bernardo-castro"],"_links":{"self":[{"href":"https:\/\/grandepremio.com\/br\/wp-json\/wp\/v2\/posts\/99796","targetHints":{"allow":["GET"]}}],"collection":[{"href":"https:\/\/grandepremio.com\/br\/wp-json\/wp\/v2\/posts"}],"about":[{"href":"https:\/\/grandepremio.com\/br\/wp-json\/wp\/v2\/types\/post"}],"replies":[{"embeddable":true,"href":"https:\/\/grandepremio.com\/br\/wp-json\/wp\/v2\/comments?post=99796"}],"version-history":[{"count":0,"href":"https:\/\/grandepremio.com\/br\/wp-json\/wp\/v2\/posts\/99796\/revisions"}],"wp:featuredmedia":[{"embeddable":true,"href":"https:\/\/grandepremio.com\/br\/wp-json\/wp\/v2\/media\/1000722489"}],"wp:attachment":[{"href":"https:\/\/grandepremio.com\/br\/wp-json\/wp\/v2\/media?parent=99796"}],"wp:term":[{"taxonomy":"category","embeddable":true,"href":"https:\/\/grandepremio.com\/br\/wp-json\/wp\/v2\/categories?post=99796"},{"taxonomy":"post_tag","embeddable":true,"href":"https:\/\/grandepremio.com\/br\/wp-json\/wp\/v2\/tags?post=99796"},{"taxonomy":"42wp_author","embeddable":true,"href":"https:\/\/grandepremio.com\/br\/wp-json\/wp\/v2\/42wp_author?post=99796"}],"curies":[{"name":"wp","href":"https:\/\/api.w.org\/{rel}","templated":true}]}}