{"id":99813,"date":"2023-08-28T09:22:56","date_gmt":"2023-08-28T12:22:56","guid":{"rendered":"https:\/\/grandepremio.com\/br\/noticias\/fernando-alonso-lidera-ranking-maior-intervalo-1o-ultimo-podio-f1-gp-holanda\/"},"modified":"2023-08-28T09:34:28","modified_gmt":"2023-08-28T12:34:28","slug":"fernando-alonso-lidera-ranking-maior-intervalo-1o-ultimo-podio-f1-gp-holanda","status":"publish","type":"post","link":"https:\/\/grandepremio.com\/br\/f1\/fernando-alonso-lidera-ranking-maior-intervalo-1o-ultimo-podio-f1-gp-holanda\/","title":{"rendered":"Alonso lidera ranking de maior intervalo entre 1\u00ba e \u00faltimo p\u00f3dio na F1 ap\u00f3s GP da Holanda"},"content":{"rendered":"\n<p class=\"wp-block-paragraph\">E mais uma marca de <strong>Michael Schumacher<\/strong> foi superada na <strong>F\u00f3rmula 1<\/strong>, dessa vez por <strong>Fernando Alonso<\/strong>. <a href=\"https:\/\/www.grandepremio.com\/br\/f1\/noticias\/max-verstappen-supera-chuva-vence-gp-da-holanda-enfileira-nono-triunfo-seguido-2023\/\" class=\"ek-link\">Com o segundo lugar no <strong>GP da Holanda<\/strong><\/a>, o espanhol estabeleceu o maior intervalo entre o primeiro top-3 conquistado na categoria por um piloto e o \u00faltimo. <\/p>\n\n\n\n<p class=\"wp-block-paragraph\">A primeira vez que o bicampe\u00e3o terminou uma corrida no p\u00f3dio foi na <strong>Mal\u00e1sia<\/strong>, em <strong>2003<\/strong>, seu primeiro ano com a <strong>Renault<\/strong>. Na ocasi\u00e3o, Fernando fez a pole-position, numa \u00e9poca em que os carros eram obrigados a largar com a quantidade de combust\u00edvel estipulada ainda na classifica\u00e7\u00e3o. Mas se n\u00e3o foi suficiente para vencer, a estrat\u00e9gia de ter um carro mais leve no in\u00edcio ajudou o ent\u00e3o piloto de 21 anos a se tornar o mais jovem a terminar uma corrida no top-3.<\/p>\n\n\n\n<p class=\"wp-block-paragraph\"><strong>\u25b6\ufe0f\u00a0Inscreva-se nos dois canais do GRANDE PR\u00caMIO no YouTube:\u00a0<a href=\"https:\/\/www.youtube.com\/channel\/UC9OlHEgxoaY6QY6nWPoiqQg?sub_confirmation=1\" target=\"_blank\" rel=\"noreferrer noopener\">GP<\/a>\u00a0|\u00a0<a href=\"https:\/\/www.youtube.com\/channel\/UC9csiS6q_C3C0FYhyr1rnFA?sub_confirmation=1\" target=\"_blank\" rel=\"noreferrer noopener\">GP2<\/a><\/strong><br><strong>\u25b6\ufe0f\u00a0<a href=\"https:\/\/www.twitch.tv\/grandepremio\" target=\"_blank\" rel=\"noreferrer noopener\">Conhe\u00e7a o canal do GRANDE PR\u00caMIO na Twitch clicando aqui!<\/a><\/strong><\/p>\n\n\n\n<figure class=\"wp-block-image size-large\"><img decoding=\"async\" src=\"https:\/\/www.grandepremio.com\/br\/wp-content\/uploads\/2023\/03\/GPF3-1024x698.jpg\" alt=\"\" class=\"wp-image-663603\"\/><figcaption class=\"wp-element-caption\">Primeiro p\u00f3dio de Fernando Alonso na F1 foi conquistado na Mal\u00e1sia (Foto: Reprodu\u00e7\u00e3o\/McLaren)<\/figcaption><\/figure>\n\n\n\n<p class=\"wp-block-paragraph\">Exatos 20 anos, 5 meses e 4 dias depois, aos 42 de idade, Alonso conquistou o seu p\u00f3dio n\u00ba 105 na carreira, quebrando o recorde de Schumacher. O alem\u00e3o cruzou a linha de chegada entre os tr\u00eas melhores pela primeira vez no <strong>M\u00e9xico<\/strong>, em <strong>1992<\/strong>, com um terceiro lugar. J\u00e1 o \u00faltimo p\u00f3dio foi no <strong>GP da Europa<\/strong> de <strong>2012<\/strong>, 20 anos, 3 meses e 2 dias depois.<\/p>\n\n\n\n<p class=\"wp-block-paragraph\"><strong>Kimi R\u00e4ikk\u00f6nen<\/strong> vem na sequ\u00eancia, com um intervalo de 16 anos, 8 meses e 8 dias entre o primeiro p\u00f3dio (<strong>Austr\u00e1lia 2002<\/strong>) e o \u00faltimo (<strong>Brasil 2018<\/strong>). Coincidentemente, os tr\u00eas t\u00eam em comum o fato de terem estabelecido tais marcas no retorno \u00e0 F1 ap\u00f3s um per\u00edodo fora da categoria.<\/p>\n\n\n\n<p class=\"wp-block-paragraph\"><strong>Lewis Hamilton<\/strong> \u00e9 o quarto da lista. Com o terceiro lugar na <strong>Inglaterra<\/strong>, esticou a dist\u00e2ncia entre o primeiro p\u00f3dio para 16 anos, 3 meses e 21 dias. <strong>Rubens Barrichello<\/strong> fecha o top-5 do ranking hist\u00f3rico: o brasileiro alcan\u00e7ou o seu primeiro top-3 no <strong>GP do Pac\u00edfico de 1994<\/strong> e o \u00faltimo no <strong>GP da It\u00e1lia de 2009<\/strong>, ap\u00f3s 15 anos, 4 meses e 27 dias.<\/p>\n\n\n\n<p class=\"wp-block-paragraph\">A\u00a0<strong><a href=\"https:\/\/www.grandepremio.com\/formula-1\/\" target=\"_blank\" rel=\"noreferrer noopener\">F\u00f3rmula 1<\/a><\/strong>\u00a0retorna na semana que vem, entre os dias 1 e 3 de setembro, com o\u00a0<strong>GP da It\u00e1lia<\/strong>, em\u00a0<strong><a href=\"https:\/\/www.grandepremio.com\/br\/circuito\/monza\/\" target=\"_blank\" rel=\"noreferrer noopener\">Monza<\/a><\/strong>, 14\u00aa etapa da temporada 2023.<\/p>\n\n\n\n<figure class=\"wp-block-embed is-type-video is-provider-youtube wp-block-embed-youtube wp-embed-aspect-16-9 wp-has-aspect-ratio\"><div class=\"wp-block-embed__wrapper\">\n<iframe loading=\"lazy\" title=\"DESCUBRA: por que Felipe Drugovich \u00e9 BOA APOSTA para Alfa Romeo em 2024? | GP \u00e0s 10\" width=\"500\" height=\"281\" src=\"https:\/\/www.youtube.com\/embed\/ZAPo-lzkV0Y?feature=oembed\" frameborder=\"0\" allow=\"accelerometer; autoplay; clipboard-write; encrypted-media; gyroscope; picture-in-picture; web-share\" referrerpolicy=\"strict-origin-when-cross-origin\" allowfullscreen><\/iframe>\n<\/div><\/figure>\n","protected":false},"excerpt":{"rendered":"<p>A primeira vez de Fernando Alonso no p\u00f3dio na F\u00f3rmula 1 foi na Mal\u00e1sia, em 2003. Agora, 20 anos, 5 meses e 4 dias depois, o espanhol quebra o recorde de Michael Schumacher ao terminar o GP da Holanda em segundo<\/p>\n","protected":false},"author":0,"featured_media":1000722489,"comment_status":"closed","ping_status":"closed","sticky":false,"template":"","format":"standard","meta":{"42wp_featured_image_caption":"","42wp_featured_image_credits":"","42wp_featured_video":"","42wp_featured_image_hidden":false,"42wp_authors_list":[],"footnotes":""},"categories":[2],"tags":[26271,5273,147,6533,176,180,30722,1388,1491,28285,901,36192,29129,30840,1292,87,758,35129,836,175,31447,1389,36193,32346],"42wp_author":[47147],"class_list":["post-99813","post","type-post","status-publish","format-standard","has-post-thumbnail","hentry","category-f1","tag-calendario-f1","tag-classificacao-f1","tag-f1","tag-f1-2023","tag-fernando-alonso","tag-formula-1","tag-formula-1-2023","tag-gp-da-holanda","tag-grande-premio","tag-grandepremio","tag-holanda","tag-holanda-2023","tag-holanda-f1","tag-horarios-f1","tag-kimi-raikkonen","tag-lewis-hamilton","tag-michael-schumacher","tag-onde-assistir-f1","tag-recorde","tag-rubens-barrichello","tag-temporada-2023-f1","tag-zandvoort","tag-zandvoort-2023","tag-zandvoort-f1","42wp_author-luana-marino"],"_links":{"self":[{"href":"https:\/\/grandepremio.com\/br\/wp-json\/wp\/v2\/posts\/99813","targetHints":{"allow":["GET"]}}],"collection":[{"href":"https:\/\/grandepremio.com\/br\/wp-json\/wp\/v2\/posts"}],"about":[{"href":"https:\/\/grandepremio.com\/br\/wp-json\/wp\/v2\/types\/post"}],"replies":[{"embeddable":true,"href":"https:\/\/grandepremio.com\/br\/wp-json\/wp\/v2\/comments?post=99813"}],"version-history":[{"count":0,"href":"https:\/\/grandepremio.com\/br\/wp-json\/wp\/v2\/posts\/99813\/revisions"}],"wp:featuredmedia":[{"embeddable":true,"href":"https:\/\/grandepremio.com\/br\/wp-json\/wp\/v2\/media\/1000722489"}],"wp:attachment":[{"href":"https:\/\/grandepremio.com\/br\/wp-json\/wp\/v2\/media?parent=99813"}],"wp:term":[{"taxonomy":"category","embeddable":true,"href":"https:\/\/grandepremio.com\/br\/wp-json\/wp\/v2\/categories?post=99813"},{"taxonomy":"post_tag","embeddable":true,"href":"https:\/\/grandepremio.com\/br\/wp-json\/wp\/v2\/tags?post=99813"},{"taxonomy":"42wp_author","embeddable":true,"href":"https:\/\/grandepremio.com\/br\/wp-json\/wp\/v2\/42wp_author?post=99813"}],"curies":[{"name":"wp","href":"https:\/\/api.w.org\/{rel}","templated":true}]}}