{"id":99815,"date":"2023-08-28T08:44:22","date_gmt":"2023-08-28T11:44:22","guid":{"rendered":"https:\/\/grandepremio.com\/br\/noticias\/red-bull-contraria-helmut-marko-confirma-sergio-perez-2024-esta-fazendo-trabalho-dele\/"},"modified":"2023-08-28T08:45:05","modified_gmt":"2023-08-28T11:45:05","slug":"red-bull-contraria-helmut-marko-confirma-sergio-perez-2024-esta-fazendo-trabalho-dele","status":"publish","type":"post","link":"https:\/\/grandepremio.com\/br\/f1\/red-bull-contraria-helmut-marko-confirma-sergio-perez-2024-esta-fazendo-trabalho-dele\/","title":{"rendered":"Red Bull contraria Marko e confirma P\u00e9rez em 2024: \u201cEst\u00e1 fazendo o trabalho dele\u201d"},"content":{"rendered":"\n<p class=\"wp-block-paragraph\">Chefe da <strong>Red Bull<\/strong>, <strong>Christian Horner <\/strong>tratou de afastar os rumores e garantir a perman\u00eancia de <strong>Sergio P\u00e9rez <\/strong>na equipe na temporada <strong>2024 <\/strong>da <strong>F\u00f3rmula 1<\/strong>. O dirigente elogiou e apontou que o mexicano \u201cest\u00e1 fazendo o trabalho dele\u201d.<\/p>\n\n\n\n<p class=\"wp-block-paragraph\">Enquanto <strong>Max Verstappen <\/strong>domina a temporada 2023 da <strong>F1<\/strong>, P\u00e9rez soma duas vit\u00f3rias \u2014 na Ar\u00e1bia Saudita e no <strong>Azerbaij\u00e3o <\/strong>\u2014 e <a href=\"https:\/\/www.grandepremio.com\/br\/f1\/classificacao\/\" class=\"ek-link\">ocupa a vice-lideran\u00e7a do <strong>Mundial de Pilotos<\/strong><\/a>, com 201 pontos, 138 a menos que o companheiro de equipe.<\/p>\n\n\n\n<figure class=\"wp-block-image size-large\"><img decoding=\"async\" src=\"https:\/\/www.grandepremio.com\/br\/wp-content\/uploads\/2023\/08\/f1-2023-holanda-treinoslivres-redbull-sergioperez-afp-01-1024x683.jpg\" alt=\"\" class=\"wp-image-720991\"\/><figcaption class=\"wp-element-caption\">Sergio P\u00e9rez j\u00e1 tem contrato com a Red Bull para 2024 (Foto: AFP)<\/figcaption><\/figure>\n\n\n\n<p class=\"wp-block-paragraph\"><strong>\u25b6\ufe0f\u00a0Inscreva-se nos dois canais do GRANDE PR\u00caMIO no YouTube:\u00a0<a href=\"https:\/\/www.youtube.com\/channel\/UC9OlHEgxoaY6QY6nWPoiqQg?sub_confirmation=1\" target=\"_blank\" rel=\"noreferrer noopener\">GP<\/a>\u00a0|\u00a0<a href=\"https:\/\/www.youtube.com\/channel\/UC9csiS6q_C3C0FYhyr1rnFA?sub_confirmation=1\" target=\"_blank\" rel=\"noreferrer noopener\">GP2<\/a><\/strong><br><strong>\u25b6\ufe0f\u00a0<a href=\"https:\/\/www.twitch.tv\/grandepremio\" target=\"_blank\" rel=\"noreferrer noopener\">Conhe\u00e7a o canal do GRANDE PR\u00caMIO na Twitch clicando aqui!<\/a><\/strong><\/p>\n\n\n\n<p class=\"wp-block-paragraph\"><a href=\"https:\/\/www.grandepremio.com\/br\/f1\/noticias\/helmut-marko-contradiz-red-bull-coloca-futuro-sergio-perez-duvida-nada-certo-f1\/\" class=\"ek-link\">Depois de <strong>Helmut Marko<\/strong>, consultor da Red Bull, indicar que o lugar de P\u00e9rez n\u00e3o estava 100% seguro<\/a> apesar de ele ter um contrato para o pr\u00f3ximo ano, Horner tratou de colocar panos quentes e avaliou que n\u00e3o h\u00e1 motivos para substituir o piloto.<\/p>\n\n\n\n<p class=\"wp-block-paragraph\">\u201cA situa\u00e7\u00e3o de Checo para o pr\u00f3ximo ano est\u00e1 clara. Ele \u00e9 um piloto Red Bull. Temos um acordo com ele\u201d, disse Horner. \u201cIndependente dos acordos, estamos satisfeitos com o trabalho que ele est\u00e1 fazendo. Voc\u00eas viram a pilotagem dele hoje, ele teve azar com o limitador de velocidade do pit-lane [que rendeu uma puni\u00e7\u00e3o de 5s]. Ele \u00e9 segundo no campeonato mundial, \u00e9 o \u00fanico piloto al\u00e9m de Max que venceu GPs neste ano\u201d, listou.<\/p>\n\n\n\n<p class=\"wp-block-paragraph\">\u201c\u00c9 f\u00e1cil atac\u00e1-lo quando o bar\u00f4metro est\u00e1 t\u00e3o alto do outro lado, mas ele ser\u00e1 nosso piloto em 2024\u201d, assegurou.<\/p>\n\n\n\n<p class=\"wp-block-paragraph\">Horner ponderou que, embora seja fato que P\u00e9rez est\u00e1 sendo dominado por Verstappen, \u00e9 verdade tamb\u00e9m que o resto do pelot\u00e3o n\u00e3o vive uma situa\u00e7\u00e3o muito melhor.<\/p>\n\n\n\n<p class=\"wp-block-paragraph\">\u201cMax est\u00e1 em um per\u00edodo da carreira dele em que \u00e9 simplesmente intoc\u00e1vel e n\u00e3o acho que tenha qualquer outro piloto do grid que seja capaz de atingir o que ele est\u00e1 fazendo naquele carro\u201d, avaliou. \u201cSer companheiro de equipe dele \u00e9, provevalmente, em alguns aspectos o trabalho mais invi\u00e1vel, pois o bar\u00f4metro \u00e9 muito alto\u201d, observou.<\/p>\n\n\n\n<p class=\"wp-block-paragraph\">\u201cVoc\u00ea precisa olhar a performance no papel e nos resultado. Se Max n\u00e3o estivesse l\u00e1, Checo teria vencido outras quatro ou cinco corridas\u201d, considerou. \u201cEnt\u00e3o ele est\u00e1 fazendo o trabalho dele. \u00c9 o segundo no campeonato mundial. Voc\u00eas viram a performance dele hoje. Ele deu azar por ser punido por velocidade. E, tomara, que ele possa acrescentar \u00e0 lista de vit\u00f3rias dele at\u00e9 o fim do ano\u201d, encerrou.<\/p>\n\n\n\n<p class=\"wp-block-paragraph\">A\u00a0<strong><a href=\"https:\/\/www.grandepremio.com\/formula-1\/\" target=\"_blank\" rel=\"noreferrer noopener\">F\u00f3rmula 1<\/a><\/strong>\u00a0retorna na semana que vem, entre os dias 1 e 3 de setembro, com o\u00a0<strong>GP da It\u00e1lia<\/strong>, em\u00a0<strong><a href=\"https:\/\/www.grandepremio.com\/br\/circuito\/monza\/\" target=\"_blank\" rel=\"noreferrer noopener\">Monza<\/a><\/strong>, 14\u00aa etapa da temporada 2023.<\/p>\n\n\n\n<figure class=\"wp-block-embed is-type-video is-provider-youtube wp-block-embed-youtube wp-embed-aspect-16-9 wp-has-aspect-ratio\"><div class=\"wp-block-embed__wrapper\">\n<iframe loading=\"lazy\" title=\"F1 2023 na HOLANDA: VERSTAPPEN VENCE. Alonso 2\u00ba no caos | Briefing\" width=\"500\" height=\"281\" src=\"https:\/\/www.youtube.com\/embed\/XrL78wNN7Wo?feature=oembed\" frameborder=\"0\" allow=\"accelerometer; autoplay; clipboard-write; encrypted-media; gyroscope; picture-in-picture; web-share\" referrerpolicy=\"strict-origin-when-cross-origin\" allowfullscreen><\/iframe>\n<\/div><\/figure>\n","protected":false},"excerpt":{"rendered":"<p>Chefe da Red Bull, Christian Horner avaliou que o bar\u00f4metro est\u00e1 muito alto por causa da performance de Max Verstappen, mas considerou que Sergio P\u00e9rez tem feito o trabalho dele. Dirigente assegurou que o mexicano segue com a equipe em 2024<\/p>\n","protected":false},"author":0,"featured_media":1000721708,"comment_status":"closed","ping_status":"closed","sticky":false,"template":"","format":"standard","meta":{"42wp_featured_image_caption":"","42wp_featured_image_credits":"","42wp_featured_video":"","42wp_featured_image_hidden":false,"42wp_authors_list":[],"footnotes":""},"categories":[2],"tags":[655,147,6533,180,30722,33465,28285,258,901,33467,204,3132,1389],"42wp_author":[47113],"class_list":["post-99815","post","type-post","status-publish","format-standard","has-post-thumbnail","hentry","category-f1","tag-christian-horner","tag-f1","tag-f1-2023","tag-formula-1","tag-formula-1-2023","tag-formula-1-classificacao-2023","tag-grandepremio","tag-helmut-marko","tag-holanda","tag-onde-assistir-f1-2023","tag-red-bull","tag-sergio-perez","tag-zandvoort","42wp_author-juliana-tesser"],"_links":{"self":[{"href":"https:\/\/grandepremio.com\/br\/wp-json\/wp\/v2\/posts\/99815","targetHints":{"allow":["GET"]}}],"collection":[{"href":"https:\/\/grandepremio.com\/br\/wp-json\/wp\/v2\/posts"}],"about":[{"href":"https:\/\/grandepremio.com\/br\/wp-json\/wp\/v2\/types\/post"}],"replies":[{"embeddable":true,"href":"https:\/\/grandepremio.com\/br\/wp-json\/wp\/v2\/comments?post=99815"}],"version-history":[{"count":0,"href":"https:\/\/grandepremio.com\/br\/wp-json\/wp\/v2\/posts\/99815\/revisions"}],"wp:featuredmedia":[{"embeddable":true,"href":"https:\/\/grandepremio.com\/br\/wp-json\/wp\/v2\/media\/1000721708"}],"wp:attachment":[{"href":"https:\/\/grandepremio.com\/br\/wp-json\/wp\/v2\/media?parent=99815"}],"wp:term":[{"taxonomy":"category","embeddable":true,"href":"https:\/\/grandepremio.com\/br\/wp-json\/wp\/v2\/categories?post=99815"},{"taxonomy":"post_tag","embeddable":true,"href":"https:\/\/grandepremio.com\/br\/wp-json\/wp\/v2\/tags?post=99815"},{"taxonomy":"42wp_author","embeddable":true,"href":"https:\/\/grandepremio.com\/br\/wp-json\/wp\/v2\/42wp_author?post=99815"}],"curies":[{"name":"wp","href":"https:\/\/api.w.org\/{rel}","templated":true}]}}