{"id":99834,"date":"2023-08-27T18:20:05","date_gmt":"2023-08-27T21:20:05","guid":{"rendered":"https:\/\/grandepremio.com\/br\/noticias\/aston-martin-destaca-ultrapassagens-fernando-alonso-otima-pilotagem-na-holanda\/"},"modified":"2023-08-27T18:20:17","modified_gmt":"2023-08-27T21:20:17","slug":"aston-martin-destaca-ultrapassagens-fernando-alonso-otima-pilotagem-na-holanda","status":"publish","type":"post","link":"https:\/\/grandepremio.com\/br\/f1\/aston-martin-destaca-ultrapassagens-fernando-alonso-otima-pilotagem-na-holanda\/","title":{"rendered":"Aston Martin destaca ultrapassagens de Alonso em &#8220;\u00f3tima pilotagem&#8221; na Holanda"},"content":{"rendered":"\n<p class=\"wp-block-paragraph\">O <a href=\"https:\/\/www.grandepremio.com\/br\/f1\/noticias\/max-verstappen-supera-chuva-vence-gp-da-holanda-enfileira-nono-triunfo-seguido-2023\/\"><strong>GP da Holanda<\/strong> de <strong>F\u00f3rmula 1<\/strong>, realizado neste domingo (27)<\/a>, viu a volta de <strong>Fernando Alonso<\/strong> ao p\u00f3dio. Segundo colocado, o espanhol chegou pressionar <strong>Max Verstappen <\/strong>pela vit\u00f3ria, mas o neerland\u00eas resistiu ao r\u00e1pido ataque nas voltas finais, quando a corrida foi retomada ap\u00f3s a bandeira vermelha provocada pela chuva. <strong>Mike Krack<\/strong>, chefe de equipe da <strong>Aston Martin<\/strong>, al\u00e9m de elogiar a performance do veterano, garantiu que a equipe verde est\u00e1 focada em dar condi\u00e7\u00f5es a ele de retormar o caminho das vit\u00f3rias no Mundial. <\/p>\n\n\n\n<p class=\"wp-block-paragraph\">O dirigente luxemburgu\u00eas ainda fez cr\u00edticas \u00e0 equipe na estrat\u00e9gia com <strong>Lance Stroll<\/strong>, que ficou apenas na d\u00e9cima primeira posi\u00e7\u00e3o, um pouco menos de 2s atr\u00e1s de <strong>Esteban Ocon<\/strong>, que fechou a zona de pontua\u00e7\u00e3o.<\/p>\n\n\n\n<p class=\"wp-block-paragraph\">&#8220;Foi tudo muito intenso, desde o primeiro minuto do dia, agora precisamos nos acalmar. N\u00e3o s\u00e3o momentos agrad\u00e1veis no muro dos boxes, pois h\u00e1 tantas vari\u00e1veis que podem tanto dar certo quanto errado&#8221;, afirmou Krack.<\/p>\n\n\n\n<p class=\"wp-block-paragraph\"><strong>\u25b6\ufe0f&nbsp;Inscreva-se nos dois canais do GRANDE PR\u00caMIO no YouTube:&nbsp;<a href=\"https:\/\/www.youtube.com\/channel\/UC9OlHEgxoaY6QY6nWPoiqQg?sub_confirmation=1\" target=\"_blank\" rel=\"noreferrer noopener\">GP<\/a>&nbsp;|&nbsp;<a href=\"https:\/\/www.youtube.com\/channel\/UC9csiS6q_C3C0FYhyr1rnFA?sub_confirmation=1\" target=\"_blank\" rel=\"noreferrer noopener\">GP2<\/a><\/strong><br><strong>\u25b6\ufe0f&nbsp;<a href=\"https:\/\/www.twitch.tv\/grandepremio\" target=\"_blank\" rel=\"noreferrer noopener\">Conhe\u00e7a o canal do GRANDE PR\u00caMIO na Twitch clicando aqui!<\/a><\/strong><\/p>\n\n\n\n<figure class=\"wp-block-image size-large\"><img decoding=\"async\" src=\"https:\/\/www.grandepremio.com\/br\/wp-content\/uploads\/2023\/08\/holanda-2023-f1-corrida-aston-martin-fernando-alonso-afp-01-1024x683.jpg\" alt=\"\" class=\"wp-image-722489\"\/><figcaption class=\"wp-element-caption\">Fernando Alonso comemora muito a segunda posi\u00e7\u00e3o em Zandvoort (Foto: AFP)<\/figcaption><\/figure>\n\n\n\n<p class=\"wp-block-paragraph\">&#8220;Queremos continuar lutando, n\u00e3o vamos parar. Continuaremos a desenvolver e tentaremos reverter a din\u00e2mica que come\u00e7ou na \u00c1ustria. [Conseguimos] a volta mais r\u00e1pida hoje, a vit\u00f3ria estava pr\u00f3xima, mas precisamos ficar ainda mais perto no futuro\u201d, completou.<\/p>\n\n\n\n<p class=\"wp-block-paragraph\">Sobre Alonso, o dirigente n\u00e3o se furtou em elogiar o piloto, destacando a bela ultrapassagem do espanhol no come\u00e7o da prova, quando subiu para a segunda posi\u00e7\u00e3o. &#8220;O Fernando estava muito confiante para a corrida, e dadas as condi\u00e7\u00f5es variando entre pista seca e molhada, conseguiu se sair bem. Que ultrapassagem na curva 3. Foi uma \u00f3tima pilotagem, com uma estrat\u00e9gia s\u00f3lida&#8221;, comentou o luxemburgu\u00eas.&nbsp;<\/p>\n\n\n\n<p class=\"wp-block-paragraph\">Krack ainda comentou sobre os erros da equipe com Stroll, que sempre esteve longe dos primeiros e durante uma parte da prova chegou a estar em \u00faltimo. &#8220;Acredito que acertamos quase tudo com Fernando, mas com Lance, dever\u00edamos t\u00ea-lo chamado para os boxes antes. Teremos de analisar isso. No entanto, de maneira geral e no final das contas, acredito que trouxemos melhorias aqui&#8221;, analisou.<\/p>\n\n\n\n<figure class=\"wp-block-image size-large\"><img decoding=\"async\" src=\"https:\/\/www.grandepremio.com\/br\/wp-content\/uploads\/2023\/08\/holanda-2023-f1-corrida-aston-martin-lance-stroll-04-1024x683.jpg\" alt=\"\" class=\"wp-image-722464\"\/><figcaption class=\"wp-element-caption\">Stroll terminou a prova em Zandvoort somente na 11\u00aa posi\u00e7\u00e3o (Foto: Haas)<\/figcaption><\/figure>\n\n\n\n<p class=\"wp-block-paragraph\">A equipe, que ocupa a terceira posi\u00e7\u00e3o na classifica\u00e7\u00e3o geral de construtores, aguardar\u00e1 o <strong>GP da It\u00e1lia<\/strong> em <strong>Monza <\/strong>para verificar se as atualiza\u00e7\u00f5es introduzidas no AMR23 funcionaram conforme o esperado.&nbsp;<\/p>\n\n\n\n<p class=\"wp-block-paragraph\">&#8220;[Conseguimos] a volta mais r\u00e1pida tamb\u00e9m hoje, a vit\u00f3ria estava pr\u00f3xima, mas precisamos nos aproximar mais na pr\u00f3xima vez. Espero poder confirmar [as melhorias], mas estou buscando mais informa\u00e7\u00f5es. Teremos de analisar diferentes conjuntos de dados ap\u00f3s Monza. No entanto, com as tr\u00eas corridas que est\u00e3o por vir, teremos mais indicadores\u201d, concluiu o chef\u00e3o da Aston Martin.<\/p>\n\n\n\n<p class=\"wp-block-paragraph\">A&nbsp;<strong><a href=\"https:\/\/www.grandepremio.com\/formula-1\/\" target=\"_blank\" rel=\"noreferrer noopener\">F\u00f3rmula 1<\/a><\/strong>&nbsp;retorna na semana que vem, entre os dias 1 e 3 de setembro, com o&nbsp;<strong>GP da It\u00e1lia<\/strong>, em&nbsp;<strong><a href=\"https:\/\/www.grandepremio.com\/br\/circuito\/monza\/\" target=\"_blank\" rel=\"noreferrer noopener\">Monza<\/a><\/strong>, 14\u00aa etapa da temporada 2023.<\/p>\n","protected":false},"excerpt":{"rendered":"<p>Mike Krack, chefe de equipe da Aston Martin, destacou confian\u00e7a de Fernando Alonso e ainda como a corrida foi intensa devido a instabilidade do clima<\/p>\n","protected":false},"author":0,"featured_media":1000721830,"comment_status":"closed","ping_status":"closed","sticky":false,"template":"","format":"standard","meta":{"42wp_featured_image_caption":"","42wp_featured_image_credits":"","42wp_featured_video":"","42wp_featured_image_hidden":false,"42wp_authors_list":[],"footnotes":""},"categories":[2],"tags":[309,147,176,1388,29115,29117,29083,29126,36222,219,1491,30103,28285,485,1677,30559],"42wp_author":[47157],"class_list":["post-99834","post","type-post","status-publish","format-standard","has-post-thumbnail","hentry","category-f1","tag-aston-martin","tag-f1","tag-fernando-alonso","tag-gp-da-holanda","tag-gp-da-holanda-de-f1","tag-gp-da-holanda-de-formula-1","tag-gp-da-holanda-zandvoort","tag-gp-dos-paises-baixos","tag-gp-dos-paises-baixos-2023","tag-grande-prmio","tag-grande-premio","tag-grande-premio-f1","tag-grandepremio","tag-lance-stroll","tag-mike-conway","tag-mike-krack","42wp_author-jonas-souza"],"_links":{"self":[{"href":"https:\/\/grandepremio.com\/br\/wp-json\/wp\/v2\/posts\/99834","targetHints":{"allow":["GET"]}}],"collection":[{"href":"https:\/\/grandepremio.com\/br\/wp-json\/wp\/v2\/posts"}],"about":[{"href":"https:\/\/grandepremio.com\/br\/wp-json\/wp\/v2\/types\/post"}],"replies":[{"embeddable":true,"href":"https:\/\/grandepremio.com\/br\/wp-json\/wp\/v2\/comments?post=99834"}],"version-history":[{"count":0,"href":"https:\/\/grandepremio.com\/br\/wp-json\/wp\/v2\/posts\/99834\/revisions"}],"wp:featuredmedia":[{"embeddable":true,"href":"https:\/\/grandepremio.com\/br\/wp-json\/wp\/v2\/media\/1000721830"}],"wp:attachment":[{"href":"https:\/\/grandepremio.com\/br\/wp-json\/wp\/v2\/media?parent=99834"}],"wp:term":[{"taxonomy":"category","embeddable":true,"href":"https:\/\/grandepremio.com\/br\/wp-json\/wp\/v2\/categories?post=99834"},{"taxonomy":"post_tag","embeddable":true,"href":"https:\/\/grandepremio.com\/br\/wp-json\/wp\/v2\/tags?post=99834"},{"taxonomy":"42wp_author","embeddable":true,"href":"https:\/\/grandepremio.com\/br\/wp-json\/wp\/v2\/42wp_author?post=99834"}],"curies":[{"name":"wp","href":"https:\/\/api.w.org\/{rel}","templated":true}]}}