{"id":99841,"date":"2023-08-27T16:43:15","date_gmt":"2023-08-27T19:43:15","guid":{"rendered":"https:\/\/grandepremio.com\/br\/noticias\/alpine-vibra-com-podio-recompensa-pierre-gasly-corrida-madura-gp-da-holanda\/"},"modified":"2023-08-27T18:20:07","modified_gmt":"2023-08-27T21:20:07","slug":"alpine-vibra-com-podio-recompensa-pierre-gasly-corrida-madura-gp-da-holanda","status":"publish","type":"post","link":"https:\/\/grandepremio.com\/br\/f1\/alpine-vibra-com-podio-recompensa-pierre-gasly-corrida-madura-gp-da-holanda\/","title":{"rendered":"Alpine vibra com p\u00f3dio &#8220;recompensa&#8221; de Gasly em &#8220;corrida madura&#8221; no GP da Holanda"},"content":{"rendered":"\n<p class=\"wp-block-paragraph\"><strong>Bruno Famin<\/strong> fez a primeira corrida dele como chefe de equipe interino da <strong>Alpine<\/strong><a href=\"https:\/\/www.grandepremio.com\/br\/f1\/noticias\/max-verstappen-supera-chuva-vence-gp-da-holanda-enfileira-nono-triunfo-seguido-2023\/\" class=\"ek-link\"> na <strong>F\u00f3rmula 1<\/strong>. No <strong>GP da Holanda<\/strong><\/a> deste domingo (27), nos <strong>Pa\u00edses Baixos<\/strong>, terminou satisfeito com o rendimento dos dois pilotos e do trabalho da equipe francesa. Inclusive com direito a p\u00f3dio para <strong>Pierre Gasly<\/strong>.<\/p>\n\n\n\n<p class=\"wp-block-paragraph\"><strong>\u25b6\ufe0f\u00a0Inscreva-se nos dois canais do GRANDE PR\u00caMIO no YouTube:\u00a0<a href=\"https:\/\/www.youtube.com\/channel\/UC9OlHEgxoaY6QY6nWPoiqQg?sub_confirmation=1\" target=\"_blank\" rel=\"noreferrer noopener\">GP<\/a>\u00a0|\u00a0<a href=\"https:\/\/www.youtube.com\/channel\/UC9csiS6q_C3C0FYhyr1rnFA?sub_confirmation=1\" target=\"_blank\" rel=\"noreferrer noopener\">GP2<\/a><\/strong><br><strong>\u25b6\ufe0f\u00a0<a href=\"https:\/\/www.twitch.tv\/grandepremio\" target=\"_blank\" rel=\"noreferrer noopener\">Conhe\u00e7a o canal do GRANDE PR\u00caMIO na Twitch clicando aqui!<\/a><\/strong><\/p>\n\n\n\n<p class=\"wp-block-paragraph\">De acordo com Famin, a Alpine cumpriu todas as necessidades para sucesso numa corrida com tantas mudan\u00e7as clim\u00e1ticas. O p\u00f3dio e a pontua\u00e7\u00e3o com os dois pilotos &#8211; <strong>Esteban Ocon<\/strong> ficou em d\u00e9cimo &#8211; terminam, assim, como grande recompensa pela atua\u00e7\u00e3o geral.<\/p>\n\n\n\n<p class=\"wp-block-paragraph\">&#8220;Com as condi\u00e7\u00f5es clim\u00e1ticas de hoje, foi importante que a equipe ficasse calma e tomasse as decis\u00f5es certas. Fazer isso permitiu que os pilotos escalassem o pelot\u00e3o a partir das posi\u00e7\u00f5es de largada e marcassem pontos valiosos para a equipe&#8221;, afirmou.<\/p>\n\n\n\n<figure class=\"wp-block-image size-large\"><img decoding=\"async\" src=\"https:\/\/www.grandepremio.com\/br\/wp-content\/uploads\/2023\/08\/holanda-2023-f1-corrida-alpine-pierre-gasly-afp-02-1024x683.jpg\" alt=\"\" class=\"wp-image-722505\"\/><figcaption class=\"wp-element-caption\">Pierre Gasly ficou na terceira posi\u00e7\u00e3o do GP da Holanda (Foto: AFP)<\/figcaption><\/figure>\n\n\n\n<p class=\"wp-block-paragraph\">&#8220;Foi uma quest\u00e3o de usar sempre os pneus certos nas horas exatas, bem como manter os carros na pista. Os pilotos fizeram corridas bastante maduras. A equipe executou a corrida muito bem, e o p\u00f3dio de Pierre \u00e9 uma recompensa pelos esfor\u00e7os&#8221;, falou.<\/p>\n\n\n\n<p class=\"wp-block-paragraph\">&#8220;O p\u00f3dio, junto ao d\u00e9cimo lugar de Esteban faz com que a equipe se anime ao ter os dois carros nos pontos. Ainda temos muito trabalho a fazer, mas queremos capitalizar o resultado na prepara\u00e7\u00e3o para a pr\u00f3xima corrida&#8221;, finalizou.<\/p>\n\n\n\n<p class=\"wp-block-paragraph\">A\u00a0<strong><a href=\"https:\/\/www.grandepremio.com\/formula-1\/\" target=\"_blank\" rel=\"noreferrer noopener\">F\u00f3rmula 1<\/a><\/strong>\u00a0retorna na semana que vem, entre os dias 1 e 3 de setembro, com o\u00a0<strong>GP da It\u00e1lia<\/strong>, em\u00a0<strong><a href=\"https:\/\/www.grandepremio.com\/br\/circuito\/monza\/\" target=\"_blank\" rel=\"noreferrer noopener\">Monza<\/a><\/strong>, 14\u00aa etapa da temporada 2023.<\/p>\n\n\n\n<figure class=\"wp-block-embed is-type-video is-provider-youtube wp-block-embed-youtube wp-embed-aspect-16-9 wp-has-aspect-ratio\"><div class=\"wp-block-embed__wrapper\">\n<iframe loading=\"lazy\" title=\"F1 2023 na HOLANDA: VERSTAPPEN VENCE. Alonso 2\u00ba no caos | Briefing\" width=\"500\" height=\"281\" src=\"https:\/\/www.youtube.com\/embed\/XrL78wNN7Wo?feature=oembed\" frameborder=\"0\" allow=\"accelerometer; autoplay; clipboard-write; encrypted-media; gyroscope; picture-in-picture; web-share\" referrerpolicy=\"strict-origin-when-cross-origin\" allowfullscreen><\/iframe>\n<\/div><figcaption class=\"wp-element-caption\">\ud83d\udd34AO VIVO! F1 2023 na HOLANDA: VERSTAPPEN VENCE. Alonso 2\u00ba no caos | Briefing<\/figcaption><\/figure>\n","protected":false},"excerpt":{"rendered":"<p>Bruno Famin, chefe de equipe interino da Alpine, terminou o dia em Zandvoort satisfeito com o rendimento dos pilotos e o trabalho de maneira geral<\/p>\n","protected":false},"author":0,"featured_media":1000722504,"comment_status":"closed","ping_status":"closed","sticky":false,"template":"","format":"standard","meta":{"42wp_featured_image_caption":"","42wp_featured_image_credits":"","42wp_featured_video":"","42wp_featured_image_hidden":false,"42wp_authors_list":[],"footnotes":""},"categories":[2],"tags":[20491,11858,302,6533,642,30722,1388,36203,1491,26123,30103,28285,35129,36205,676],"42wp_author":[47120],"class_list":["post-99841","post","type-post","status-publish","format-standard","has-post-thumbnail","hentry","category-f1","tag-alpine","tag-bruno-famin","tag-esteban-ocon","tag-f1-2023","tag-f1-ao-vivo","tag-formula-1-2023","tag-gp-da-holanda","tag-gp-em-zandvoort","tag-grande-premio","tag-grande-premio-ao-vivo","tag-grande-premio-f1","tag-grandepremio","tag-onde-assistir-f1","tag-onde-assistir-gp-da-holanda","tag-pierre-gasly","42wp_author-pedro-henrique-marum"],"_links":{"self":[{"href":"https:\/\/grandepremio.com\/br\/wp-json\/wp\/v2\/posts\/99841","targetHints":{"allow":["GET"]}}],"collection":[{"href":"https:\/\/grandepremio.com\/br\/wp-json\/wp\/v2\/posts"}],"about":[{"href":"https:\/\/grandepremio.com\/br\/wp-json\/wp\/v2\/types\/post"}],"replies":[{"embeddable":true,"href":"https:\/\/grandepremio.com\/br\/wp-json\/wp\/v2\/comments?post=99841"}],"version-history":[{"count":0,"href":"https:\/\/grandepremio.com\/br\/wp-json\/wp\/v2\/posts\/99841\/revisions"}],"wp:featuredmedia":[{"embeddable":true,"href":"https:\/\/grandepremio.com\/br\/wp-json\/wp\/v2\/media\/1000722504"}],"wp:attachment":[{"href":"https:\/\/grandepremio.com\/br\/wp-json\/wp\/v2\/media?parent=99841"}],"wp:term":[{"taxonomy":"category","embeddable":true,"href":"https:\/\/grandepremio.com\/br\/wp-json\/wp\/v2\/categories?post=99841"},{"taxonomy":"post_tag","embeddable":true,"href":"https:\/\/grandepremio.com\/br\/wp-json\/wp\/v2\/tags?post=99841"},{"taxonomy":"42wp_author","embeddable":true,"href":"https:\/\/grandepremio.com\/br\/wp-json\/wp\/v2\/42wp_author?post=99841"}],"curies":[{"name":"wp","href":"https:\/\/api.w.org\/{rel}","templated":true}]}}