{"id":99842,"date":"2023-08-27T16:23:55","date_gmt":"2023-08-27T19:23:55","guid":{"rendered":"https:\/\/grandepremio.com\/br\/noticias\/chefe-red-bull-ve-max-verstappen-simplesmente-intocavel-piloto-geracional-formula-1\/"},"modified":"2023-08-27T18:15:04","modified_gmt":"2023-08-27T21:15:04","slug":"chefe-red-bull-ve-max-verstappen-simplesmente-intocavel-piloto-geracional-formula-1","status":"publish","type":"post","link":"https:\/\/grandepremio.com\/br\/f1\/chefe-red-bull-ve-max-verstappen-simplesmente-intocavel-piloto-geracional-formula-1\/","title":{"rendered":"Chefe da Red Bull v\u00ea Verstappen &#8220;simplesmente intoc\u00e1vel&#8221; e &#8220;piloto geracional&#8221;"},"content":{"rendered":"\n<p class=\"wp-block-paragraph\"><strong>Max Verstappen<\/strong> venceu o <strong><a href=\"https:\/\/www.grandepremio.com\/br\/f1\/noticias\/max-verstappen-supera-chuva-vence-gp-da-holanda-enfileira-nono-triunfo-seguido-2023\/\" class=\"ek-link\">GP da Holanda<\/a><\/strong>, nos <strong>Pa\u00edses Baixos<\/strong>, neste domingo (27), e enfileirou nove vit\u00f3rias seguidas na <strong><a href=\"https:\/\/www.grandepremio.com\/br\/f1\/\" class=\"ek-link\">F\u00f3rmula 1<\/a><\/strong>. \u00c9 a maior sequ\u00eancia de todos os tempos. Com isso, o chefe da <strong>Red Bull<\/strong>, <strong>Christian Horner<\/strong>, fez elogios bastante pesados ao futuro tricampe\u00e3o mundial.<\/p>\n\n\n\n<p class=\"wp-block-paragraph\"><strong>\u25b6\ufe0f\u00a0Inscreva-se nos dois canais do GRANDE PR\u00caMIO no YouTube:\u00a0<a href=\"https:\/\/www.youtube.com\/channel\/UC9OlHEgxoaY6QY6nWPoiqQg?sub_confirmation=1\" target=\"_blank\" rel=\"noreferrer noopener\">GP<\/a>\u00a0|\u00a0<a href=\"https:\/\/www.youtube.com\/channel\/UC9csiS6q_C3C0FYhyr1rnFA?sub_confirmation=1\" target=\"_blank\" rel=\"noreferrer noopener\">GP2<\/a><\/strong><br><strong>\u25b6\ufe0f\u00a0<a href=\"https:\/\/www.twitch.tv\/grandepremio\" target=\"_blank\" rel=\"noreferrer noopener\">Conhe\u00e7a o canal do GRANDE PR\u00caMIO na Twitch clicando aqui!<\/a><\/strong><\/p>\n\n\n\n<p class=\"wp-block-paragraph\">O recorde igualado por Verstappen \u00e9 de <strong>Sebastian Vettel<\/strong>, tamb\u00e9m pela Red Bull, em 2013 \u2014 h\u00e1 ainda uma sequ\u00eancia de nove vit\u00f3rias de Albert Ascari, nos anos 1950, que foi quebrada ao meio apenas pela Indy 500, que contava no calend\u00e1rio da F1, mas n\u00e3o tinha os pilotos que disputavam o Mundial.<\/p>\n\n\n\n<p class=\"wp-block-paragraph\">De qualquer maneira, a forma atual de Verstappen mostra, para Horner, algo que est\u00e1 muito longe de um dom\u00ednio comum.<\/p>\n\n\n\n<figure class=\"wp-block-image size-large\"><img decoding=\"async\" src=\"https:\/\/www.grandepremio.com\/br\/wp-content\/uploads\/2023\/03\/000_33BK7UA-1024x683.jpg\" alt=\"FORMULA 1 2023 - GP DA AR\u00c1BIA SAUDITA - DOMINGO - CORRIDA - CHRISTIAN HORNER\" class=\"wp-image-665843\"\/><figcaption class=\"wp-element-caption\">A Red Bull est\u00e1 em \u00eaxtase com Max Verstappen (Foto: AFP \/ Giuseppe Cacece)<\/figcaption><\/figure>\n\n\n\n<p class=\"wp-block-paragraph\">&#8220;Acho que, internamente, ele est\u00e1 muito orgulhoso do que est\u00e1 alcan\u00e7ando. O recorde de Sebastian, em 2013\u2026 Vencer nove seguidas \u00e9 insano. E ter acontecido pela mesma equipe \u00e9 algo que nenhum de n\u00f3s poderia imaginar&#8221;, afirmou em entrevista para a rede inglesa de TV Sky Sports.<\/p>\n\n\n\n<p class=\"wp-block-paragraph\">&#8220;Max est\u00e1 num per\u00edodo da carreira em que \u00e9 simplesmente intoc\u00e1vel e n\u00e3o creio que qualquer outro piloto do grid seria capaz de atingir as coisas que ele atinge neste carro&#8221;, declarou.<\/p>\n\n\n\n<p class=\"wp-block-paragraph\">&#8220;Ser companheiro de equipe dele \u00e9, provavelmente, uma das coisas menos invej\u00e1veis poss\u00edveis, porque o sarrafo fica muito no alto. \u00c9 muito dif\u00edcil. Estamos testemunhando um piloto geracional. O <em>feeling<\/em>, a confian\u00e7a e o comprometimento s\u00e3o incr\u00edveis de ver e ser parte&#8221;, finalizou.<\/p>\n\n\n\n<p class=\"wp-block-paragraph\">A\u00a0<strong><a href=\"https:\/\/www.grandepremio.com\/formula-1\/\" target=\"_blank\" rel=\"noreferrer noopener\">F\u00f3rmula 1<\/a><\/strong>\u00a0retorna na semana que vem, entre os dias 1 e 3 de setembro, com o\u00a0<strong>GP da It\u00e1lia<\/strong>, em\u00a0<strong><a href=\"https:\/\/www.grandepremio.com\/br\/circuito\/monza\/\" target=\"_blank\" rel=\"noreferrer noopener\">Monza<\/a><\/strong>, 14\u00aa etapa da temporada 2023.<\/p>\n\n\n\n<figure class=\"wp-block-embed is-type-video is-provider-youtube wp-block-embed-youtube wp-embed-aspect-16-9 wp-has-aspect-ratio\"><div class=\"wp-block-embed__wrapper\">\n<iframe loading=\"lazy\" title=\"F1 2023 na HOLANDA: VERSTAPPEN VENCE. Alonso 2\u00ba no caos | Briefing\" width=\"500\" height=\"281\" src=\"https:\/\/www.youtube.com\/embed\/XrL78wNN7Wo?feature=oembed\" frameborder=\"0\" allow=\"accelerometer; autoplay; clipboard-write; encrypted-media; gyroscope; picture-in-picture; web-share\" referrerpolicy=\"strict-origin-when-cross-origin\" allowfullscreen><\/iframe>\n<\/div><figcaption class=\"wp-element-caption\">\ud83d\udd34AO VIVO! F1 2023 na HOLANDA: VERSTAPPEN VENCE. Alonso 2\u00ba no caos | Briefing<\/figcaption><\/figure>\n","protected":false},"excerpt":{"rendered":"<p>Christian Horner, chefe da Red Bull, lan\u00e7ou um canh\u00e3o de elogios incomuns para Max Verstappen ap\u00f3s a vit\u00f3ria no GP da Holanda de F\u00f3rmula 1<\/p>\n","protected":false},"author":0,"featured_media":1000722486,"comment_status":"closed","ping_status":"closed","sticky":false,"template":"","format":"standard","meta":{"42wp_featured_image_caption":"","42wp_featured_image_credits":"","42wp_featured_video":"","42wp_featured_image_hidden":false,"42wp_authors_list":[],"footnotes":""},"categories":[2],"tags":[655,6533,642,30722,1388,36203,1491,26123,30103,28285,203,35129,36205,204,3132],"42wp_author":[47120],"class_list":["post-99842","post","type-post","status-publish","format-standard","has-post-thumbnail","hentry","category-f1","tag-christian-horner","tag-f1-2023","tag-f1-ao-vivo","tag-formula-1-2023","tag-gp-da-holanda","tag-gp-em-zandvoort","tag-grande-premio","tag-grande-premio-ao-vivo","tag-grande-premio-f1","tag-grandepremio","tag-max-verstappen","tag-onde-assistir-f1","tag-onde-assistir-gp-da-holanda","tag-red-bull","tag-sergio-perez","42wp_author-pedro-henrique-marum"],"_links":{"self":[{"href":"https:\/\/grandepremio.com\/br\/wp-json\/wp\/v2\/posts\/99842","targetHints":{"allow":["GET"]}}],"collection":[{"href":"https:\/\/grandepremio.com\/br\/wp-json\/wp\/v2\/posts"}],"about":[{"href":"https:\/\/grandepremio.com\/br\/wp-json\/wp\/v2\/types\/post"}],"replies":[{"embeddable":true,"href":"https:\/\/grandepremio.com\/br\/wp-json\/wp\/v2\/comments?post=99842"}],"version-history":[{"count":0,"href":"https:\/\/grandepremio.com\/br\/wp-json\/wp\/v2\/posts\/99842\/revisions"}],"wp:featuredmedia":[{"embeddable":true,"href":"https:\/\/grandepremio.com\/br\/wp-json\/wp\/v2\/media\/1000722486"}],"wp:attachment":[{"href":"https:\/\/grandepremio.com\/br\/wp-json\/wp\/v2\/media?parent=99842"}],"wp:term":[{"taxonomy":"category","embeddable":true,"href":"https:\/\/grandepremio.com\/br\/wp-json\/wp\/v2\/categories?post=99842"},{"taxonomy":"post_tag","embeddable":true,"href":"https:\/\/grandepremio.com\/br\/wp-json\/wp\/v2\/tags?post=99842"},{"taxonomy":"42wp_author","embeddable":true,"href":"https:\/\/grandepremio.com\/br\/wp-json\/wp\/v2\/42wp_author?post=99842"}],"curies":[{"name":"wp","href":"https:\/\/api.w.org\/{rel}","templated":true}]}}