{"id":99845,"date":"2023-08-27T16:05:25","date_gmt":"2023-08-27T19:05:25","guid":{"rendered":"https:\/\/grandepremio.com\/br\/noticias\/sergio-perez-fala-caos-mudou-tudo-para-perder-podio-gp-da-holanda\/"},"modified":"2023-08-27T16:06:42","modified_gmt":"2023-08-27T19:06:42","slug":"sergio-perez-fala-caos-mudou-tudo-para-perder-podio-gp-da-holanda","status":"publish","type":"post","link":"https:\/\/grandepremio.com\/br\/f1\/sergio-perez-fala-caos-mudou-tudo-para-perder-podio-gp-da-holanda\/","title":{"rendered":"P\u00e9rez fala em &#8220;caos que mudou tudo&#8221; para perder p\u00f3dio no GP da Holanda"},"content":{"rendered":"\n<p class=\"wp-block-paragraph\"><strong>Sergio P\u00e9rez<\/strong> parecia ter <a href=\"https:\/\/www.grandepremio.com\/br\/f1\/noticias\/max-verstappen-supera-chuva-vence-gp-da-holanda-enfileira-nono-triunfo-seguido-2023\/\" class=\"ek-link\">chances de beliscar finalmente uma vit\u00f3ria <\/a>no <strong>GP da Holanda<\/strong>, mas caiu de primeiro para quarto em uma sequ\u00eancia enorme com erro de t\u00e1tica, rodada sozinho e at\u00e9 puni\u00e7\u00e3o por excesso de velocidade nos boxes. O mexicano culpa o caos por isso.<\/p>\n\n\n\n<p class=\"wp-block-paragraph\">Segundo P\u00e9rez, as proje\u00e7\u00f5es clim\u00e1ticas da <strong>Red Bull<\/strong> n\u00e3o funcionaram e acabaram prejudicando o gerenciamento de pneus do mexicano.<\/p>\n\n\n\n<p class=\"wp-block-paragraph\">&#8220;Foi um caos e isso mudou tudo. A Red Bull estava muito r\u00e1pida, a equipe merece todos os cr\u00e9ditos. Infelizmente, n\u00e3o soubemos exatamente como e quando viria a chuva, talvez eu pudesse ter feito mais no primeiro stint sabendo disso, provavelmente seguraria mais tempo na lideran\u00e7a&#8221;, disse.<\/p>\n\n\n\n<figure class=\"wp-block-image size-large\"><img decoding=\"async\" src=\"https:\/\/www.grandepremio.com\/br\/wp-content\/uploads\/2023\/08\/holanda-2023-f1-classificacao-red-bull-sergio-perez-06-1024x683.jpg\" alt=\"\" class=\"wp-image-721709\"\/><figcaption class=\"wp-element-caption\">Sergio P\u00e9rez n\u00e3o foi nem ao p\u00f3dio na Holanda (Foto: Red Bull Content Pool)<\/figcaption><\/figure>\n\n\n\n<p class=\"wp-block-paragraph\">Checo falou que quer conversar com a equipe para entender as escolhas do time que, na segunda parada, acabou fazendo um undercut dom\u00e9stico, parando<strong> Max Verstappen <\/strong>antes. Mas P\u00e9rez, depois, perdeu por conta pr\u00f3pria as posi\u00e7\u00f5es para <strong>Fernando Alonso<\/strong> e <strong>Pierre Gasly<\/strong>, com erro e puni\u00e7\u00e3o.<\/p>\n\n\n\n<p class=\"wp-block-paragraph\">&#8220;A gente esperava a chuva, ent\u00e3o, eu tinha de cuidar dos intermedi\u00e1rios, teria destru\u00eddo eles se apertasse mais o ritmo. A equipe tem mais informa\u00e7\u00f5es que eu, mas vamos ver na reuni\u00e3o exatamente o que aconteceu&#8221;, completou.<\/p>\n\n\n\n<p class=\"wp-block-paragraph\">P\u00e9rez segue bem tranquilo na vice-lideran\u00e7a da <strong>F1 2023<\/strong>, com 201 pontos anotados, 33 a mais que Alonso e 138 a menos que Verstappen.<\/p>\n\n\n\n<p class=\"wp-block-paragraph\">A&nbsp;<strong><a href=\"https:\/\/www.grandepremio.com\/formula-1\/\" target=\"_blank\" rel=\"noreferrer noopener\">F\u00f3rmula 1<\/a><\/strong>&nbsp;retorna na semana que vem, entre os dias 1 e 3 de setembro, com o&nbsp;<strong>GP da It\u00e1lia<\/strong>, em&nbsp;<strong><a href=\"https:\/\/www.grandepremio.com\/br\/circuito\/monza\/\" target=\"_blank\" rel=\"noreferrer noopener\">Monza<\/a><\/strong>, 14\u00aa etapa da temporada 2023.<\/p>\n\n\n\n<p class=\"wp-block-paragraph\"><strong>\u25b6\ufe0f\u00a0Inscreva-se nos dois canais do GRANDE PR\u00caMIO no YouTube:\u00a0<a href=\"https:\/\/www.youtube.com\/channel\/UC9OlHEgxoaY6QY6nWPoiqQg?sub_confirmation=1\" target=\"_blank\" rel=\"noreferrer noopener\">GP<\/a>\u00a0|\u00a0<a href=\"https:\/\/www.youtube.com\/channel\/UC9csiS6q_C3C0FYhyr1rnFA?sub_confirmation=1\" target=\"_blank\" rel=\"noreferrer noopener\">GP2<\/a><\/strong><br><strong>\u25b6\ufe0f\u00a0<a href=\"https:\/\/www.twitch.tv\/grandepremio\" target=\"_blank\" rel=\"noreferrer noopener\">Conhe\u00e7a o canal do GRANDE PR\u00caMIO na Twitch clicando aqui!<\/a><\/strong><\/p>\n\n\n\n<figure class=\"wp-block-embed is-type-video is-provider-youtube wp-block-embed-youtube wp-embed-aspect-16-9 wp-has-aspect-ratio\"><div class=\"wp-block-embed__wrapper\">\n<iframe loading=\"lazy\" title=\"F1 2023 na HOLANDA: VERSTAPPEN VENCE. Alonso 2\u00ba no caos | Briefing\" width=\"500\" height=\"281\" src=\"https:\/\/www.youtube.com\/embed\/XrL78wNN7Wo?feature=oembed\" frameborder=\"0\" allow=\"accelerometer; autoplay; clipboard-write; encrypted-media; gyroscope; picture-in-picture; web-share\" referrerpolicy=\"strict-origin-when-cross-origin\" allowfullscreen><\/iframe>\n<\/div><\/figure>\n","protected":false},"excerpt":{"rendered":"<p>Sergio P\u00e9rez chegou a liderar com folgas a corrida quando a chuva come\u00e7ou na Holanda, mas acabou at\u00e9 fora do p\u00f3dio. O mexicano culpou o caos clim\u00e1tico de Zandvoort<\/p>\n","protected":false},"author":0,"featured_media":1000722254,"comment_status":"closed","ping_status":"closed","sticky":false,"template":"","format":"standard","meta":{"42wp_featured_image_caption":"","42wp_featured_image_credits":"","42wp_featured_video":"","42wp_featured_image_hidden":false,"42wp_authors_list":[],"footnotes":""},"categories":[2],"tags":[26271,5273,147,6533,176,180,30722,1388,1491,28285,901,36192,29129,30840,203,35129,676,204,3132,31447,1389,36193,32346],"42wp_author":[47117],"class_list":["post-99845","post","type-post","status-publish","format-standard","has-post-thumbnail","hentry","category-f1","tag-calendario-f1","tag-classificacao-f1","tag-f1","tag-f1-2023","tag-fernando-alonso","tag-formula-1","tag-formula-1-2023","tag-gp-da-holanda","tag-grande-premio","tag-grandepremio","tag-holanda","tag-holanda-2023","tag-holanda-f1","tag-horarios-f1","tag-max-verstappen","tag-onde-assistir-f1","tag-pierre-gasly","tag-red-bull","tag-sergio-perez","tag-temporada-2023-f1","tag-zandvoort","tag-zandvoort-2023","tag-zandvoort-f1","42wp_author-gabriel-curty"],"_links":{"self":[{"href":"https:\/\/grandepremio.com\/br\/wp-json\/wp\/v2\/posts\/99845","targetHints":{"allow":["GET"]}}],"collection":[{"href":"https:\/\/grandepremio.com\/br\/wp-json\/wp\/v2\/posts"}],"about":[{"href":"https:\/\/grandepremio.com\/br\/wp-json\/wp\/v2\/types\/post"}],"replies":[{"embeddable":true,"href":"https:\/\/grandepremio.com\/br\/wp-json\/wp\/v2\/comments?post=99845"}],"version-history":[{"count":0,"href":"https:\/\/grandepremio.com\/br\/wp-json\/wp\/v2\/posts\/99845\/revisions"}],"wp:featuredmedia":[{"embeddable":true,"href":"https:\/\/grandepremio.com\/br\/wp-json\/wp\/v2\/media\/1000722254"}],"wp:attachment":[{"href":"https:\/\/grandepremio.com\/br\/wp-json\/wp\/v2\/media?parent=99845"}],"wp:term":[{"taxonomy":"category","embeddable":true,"href":"https:\/\/grandepremio.com\/br\/wp-json\/wp\/v2\/categories?post=99845"},{"taxonomy":"post_tag","embeddable":true,"href":"https:\/\/grandepremio.com\/br\/wp-json\/wp\/v2\/tags?post=99845"},{"taxonomy":"42wp_author","embeddable":true,"href":"https:\/\/grandepremio.com\/br\/wp-json\/wp\/v2\/42wp_author?post=99845"}],"curies":[{"name":"wp","href":"https:\/\/api.w.org\/{rel}","templated":true}]}}