{"id":99856,"date":"2023-08-27T13:42:10","date_gmt":"2023-08-27T16:42:10","guid":{"rendered":"https:\/\/grandepremio.com\/br\/noticias\/max-verstappen-abre-138-pontos-vitoria-gp-da-holanda-confira-classificacao-formula-1\/"},"modified":"2023-08-27T18:15:30","modified_gmt":"2023-08-27T21:15:30","slug":"max-verstappen-abre-138-pontos-vitoria-gp-da-holanda-confira-classificacao-formula-1","status":"publish","type":"post","link":"https:\/\/grandepremio.com\/br\/f1\/max-verstappen-abre-138-pontos-vitoria-gp-da-holanda-confira-classificacao-formula-1\/","title":{"rendered":"Verstappen abre 138 pontos com vit\u00f3ria na Holanda. Confira classifica\u00e7\u00e3o da F1"},"content":{"rendered":"\n<p class=\"wp-block-paragraph\">A confirma\u00e7\u00e3o do tricampeonato mundial de <strong>F\u00f3rmula 1<\/strong> para <strong>Max Verstappen<\/strong> est\u00e1 cada vez mais pr\u00f3xima. Com a vit\u00f3ria no <strong><a href=\"https:\/\/www.grandepremio.com\/br\/f1\/noticias\/max-verstappen-supera-chuva-vence-gp-da-holanda-enfileira-nono-triunfo-seguido-2023\/\" class=\"ek-link\">GP da Holanda<\/a><\/strong> deste domingo (27), nona seguida, 11 em 13 corridas na temporada 2023, o neerland\u00eas chegou a 339 tentos no campeonato e deu mais longos passos para transformar as provas finais do ano em amistosos.<\/p>\n\n\n\n<p class=\"wp-block-paragraph\"><strong>\u25b6\ufe0f\u00a0Inscreva-se nos dois canais do GRANDE PR\u00caMIO no YouTube:\u00a0<a href=\"https:\/\/www.youtube.com\/channel\/UC9OlHEgxoaY6QY6nWPoiqQg?sub_confirmation=1\" target=\"_blank\" rel=\"noreferrer noopener\">GP<\/a>\u00a0|\u00a0<a href=\"https:\/\/www.youtube.com\/channel\/UC9csiS6q_C3C0FYhyr1rnFA?sub_confirmation=1\" target=\"_blank\" rel=\"noreferrer noopener\">GP2<\/a><\/strong><br><strong>\u25b6\ufe0f\u00a0<a href=\"https:\/\/www.twitch.tv\/grandepremio\" target=\"_blank\" rel=\"noreferrer noopener\">Conhe\u00e7a o canal do GRANDE PR\u00caMIO na Twitch clicando aqui!<\/a><\/strong><\/p>\n\n\n\n<p class=\"wp-block-paragraph\">Verstappen chegou a ficar fora da lideran\u00e7a somente por conta da confus\u00e3o causada pela pancada de chuva no come\u00e7o da prova, mas logo recuperou a posi\u00e7\u00e3o e sumiu na frente.<\/p>\n\n\n\n<p class=\"wp-block-paragraph\"><strong>Sergio P\u00e9rez<\/strong> parecia se encaminhar para o segundo lugar, mas errou na chuva e ainda passou acima do limite de velocidade no pit-lane, o que gerou puni\u00e7\u00e3o. No fim das coisas, ficou no quarto lugar e chegou a 201 pontos. A desvantagem para Verstappen \u00e9 de 138 tentos. Como 249 pontos ainda est\u00e3o em disputa, o momento est\u00e1 pr\u00f3ximo.<\/p>\n\n\n\n<figure class=\"wp-block-image size-large\"><img decoding=\"async\" src=\"https:\/\/www.grandepremio.com\/br\/wp-content\/uploads\/2023\/08\/holanda-2023-f1-corrida-red-bull-max-verstappen-05-1024x683.jpg\" alt=\"\" class=\"wp-image-722249\"\/><figcaption class=\"wp-element-caption\">Max Verstappen \nsegue imbat\u00edvel na F\u00f3rmula 1 (Foto: Red Bull Content Pool)<\/figcaption><\/figure>\n\n\n\n<p class=\"wp-block-paragraph\"><strong>Fernando Alonso<\/strong> tem 168 e abriu 14 para <strong>Lewis Hamilton<\/strong> na briga pelo terceiro lugar. Carlos Sainz passou dos 100 pontos, chegou a 102 e \u00e9 o quinto. <strong>Charles Leclerc e George Russell<\/strong> aparecem empatados com 99. <strong>Lando Norris<\/strong> (75), <strong>Lance Stroll <\/strong>(47) e <strong>Pierre Gasly<\/strong> (37) fecham o top-10.<\/p>\n\n\n\n<p class=\"wp-block-paragraph\">No que diz respeito ao <strong>Mundial de Construtores<\/strong>, a <strong>Red Bull<\/strong> tem 540 tentos contra 255 da <strong>Mercedes<\/strong> e 215 da <strong>Aston Martin<\/strong>. A <strong>Ferrari<\/strong> passou da segunda centena e est\u00e1 com 201. <strong>McLaren<\/strong> (111), <strong>Alpine <\/strong>(73), <strong>Williams<\/strong> (15), <strong>Haas<\/strong> (11), <strong>Alfa Romeo<\/strong> (9) e <strong>AlphaTauri<\/strong> (3) finalizam a lista.<\/p>\n\n\n\n<p class=\"wp-block-paragraph\">A&nbsp;<strong><a href=\"https:\/\/www.grandepremio.com\/formula-1\/\" target=\"_blank\" rel=\"noreferrer noopener\">F\u00f3rmula 1<\/a><\/strong>&nbsp;retorna na semana que vem, entre os dias 1 e 3 de setembro, com o&nbsp;<strong>GP da It\u00e1lia<\/strong>, em&nbsp;<strong><a href=\"https:\/\/www.grandepremio.com\/br\/circuito\/monza\/\" target=\"_blank\" rel=\"noreferrer noopener\">Monza<\/a><\/strong>, 14\u00aa etapa da temporada 2023.<\/p>\n\n\n\n<p class=\"wp-block-paragraph\"><strong>F1 2023, Mundial de Pilotos ap\u00f3s 14 etapas:<\/strong><\/p>\n\n\n\n<figure class=\"wp-block-table\"><table><tbody><tr><td>1<\/td><td>M VERSTAPPEN<\/td><td>339<\/td><\/tr><tr><td>2<\/td><td>S P\u00c9REZ<\/td><td>201<\/td><\/tr><tr><td>3<\/td><td>F ALONSO<\/td><td>168<\/td><\/tr><tr><td>4<\/td><td>L HAMILTON<\/td><td>156<\/td><\/tr><tr><td>5<\/td><td>C SAINZ<\/td><td>102<\/td><\/tr><tr><td>7<\/td><td>G RUSSELL<\/td><td>99<\/td><\/tr><tr><td>6<\/td><td>C LECLERC<\/td><td>99<\/td><\/tr><tr><td>9<\/td><td>L STROLL<\/td><td>75<\/td><\/tr><tr><td>8<\/td><td>L NORRIS<\/td><td>47<\/td><\/tr><tr><td>11<\/td><td>E OCON<\/td><td>37<\/td><\/tr><tr><td>12<\/td><td>O PIASTRI<\/td><td>36<\/td><\/tr><tr><td>10<\/td><td>P GASLY<\/td><td>36<\/td><\/tr><tr><td>13<\/td><td>A ALBON<\/td><td>15<\/td><\/tr><tr><td>14<\/td><td>N H\u00dcLKENBERG<\/td><td>9<\/td><\/tr><tr><td>15<\/td><td>V BOTTAS<\/td><td>5<\/td><\/tr><tr><td>16<\/td><td>G ZHOU<\/td><td>4<\/td><\/tr><tr><td>17<\/td><td>Y TSUNODA<\/td><td>3<\/td><\/tr><tr><td>18<\/td><td>K MAGNUSSEN<\/td><td>2<\/td><\/tr><tr><td>19<\/td><td>L SARGEANT<\/td><td>0<\/td><\/tr><tr><td>20<\/td><td>N DE VRIES<\/td><td>0<\/td><\/tr><tr><td>\u00a021<\/td><td>\u00a0D RICCIARDO<\/td><td>0<\/td><\/tr><tr><td>22<\/td><td>L LAWSON<\/td><td>0<\/td><\/tr><\/tbody><\/table><\/figure>\n","protected":false},"excerpt":{"rendered":"<p>Com nona vit\u00f3ria seguida na temporada, Max Verstappen chegou a 339 pontos e j\u00e1 coloca 138 de frente para Sergio P\u00e9rez na F\u00f3rmula 1 2023<\/p>\n","protected":false},"author":0,"featured_media":1000722484,"comment_status":"closed","ping_status":"closed","sticky":false,"template":"","format":"standard","meta":{"42wp_featured_image_caption":"","42wp_featured_image_credits":"","42wp_featured_video":"","42wp_featured_image_hidden":false,"42wp_authors_list":[],"footnotes":""},"categories":[2],"tags":[1417,457,524,20491,309,546,209,211,302,6533,642,29116,1387,36204,176,207,30722,800,1388,36203,1491,26123,30103,28285,3746,119,117,485,547,87,25553,203,90,82,1521,35129,36205,2916,676,204,3132,612,215,597],"42wp_author":[47120],"class_list":["post-99856","post","type-post","status-publish","format-standard","has-post-thumbnail","hentry","category-f1","tag-alex-albon","tag-alfa-romeo","tag-alphatauri","tag-alpine","tag-aston-martin","tag-carlos-sainz","tag-charles-leclerc","tag-daniel-ricciardo","tag-esteban-ocon","tag-f1-2023","tag-f1-ao-vivo","tag-f1-grande-premio","tag-f1-holanda","tag-f1-zandvoort","tag-fernando-alonso","tag-ferrari","tag-formula-1-2023","tag-george-russell","tag-gp-da-holanda","tag-gp-em-zandvoort","tag-grande-premio","tag-grande-premio-ao-vivo","tag-grande-premio-f1","tag-grandepremio","tag-guanyu-zhou","tag-haas","tag-kevin-magnussen","tag-lance-stroll","tag-lando-norris","tag-lewis-hamilton","tag-logan-sargeant","tag-max-verstappen","tag-mclaren","tag-mercedes","tag-nico-hulkenberg","tag-onde-assistir-f1","tag-onde-assistir-gp-da-holanda","tag-oscar-piastri","tag-pierre-gasly","tag-red-bull","tag-sergio-perez","tag-valtteri-bottas","tag-williams","tag-yuki-tsunoda","42wp_author-pedro-henrique-marum"],"_links":{"self":[{"href":"https:\/\/grandepremio.com\/br\/wp-json\/wp\/v2\/posts\/99856","targetHints":{"allow":["GET"]}}],"collection":[{"href":"https:\/\/grandepremio.com\/br\/wp-json\/wp\/v2\/posts"}],"about":[{"href":"https:\/\/grandepremio.com\/br\/wp-json\/wp\/v2\/types\/post"}],"replies":[{"embeddable":true,"href":"https:\/\/grandepremio.com\/br\/wp-json\/wp\/v2\/comments?post=99856"}],"version-history":[{"count":0,"href":"https:\/\/grandepremio.com\/br\/wp-json\/wp\/v2\/posts\/99856\/revisions"}],"wp:featuredmedia":[{"embeddable":true,"href":"https:\/\/grandepremio.com\/br\/wp-json\/wp\/v2\/media\/1000722484"}],"wp:attachment":[{"href":"https:\/\/grandepremio.com\/br\/wp-json\/wp\/v2\/media?parent=99856"}],"wp:term":[{"taxonomy":"category","embeddable":true,"href":"https:\/\/grandepremio.com\/br\/wp-json\/wp\/v2\/categories?post=99856"},{"taxonomy":"post_tag","embeddable":true,"href":"https:\/\/grandepremio.com\/br\/wp-json\/wp\/v2\/tags?post=99856"},{"taxonomy":"42wp_author","embeddable":true,"href":"https:\/\/grandepremio.com\/br\/wp-json\/wp\/v2\/42wp_author?post=99856"}],"curies":[{"name":"wp","href":"https:\/\/api.w.org\/{rel}","templated":true}]}}