{"id":99858,"date":"2023-08-27T13:38:21","date_gmt":"2023-08-27T16:38:21","guid":{"rendered":"https:\/\/grandepremio.com\/br\/noticias\/charles-leclerc-diz-decisao-foi-correta-mesmo-pit-stop-pneus-gp-holanda\/"},"modified":"2023-08-27T13:38:30","modified_gmt":"2023-08-27T16:38:30","slug":"charles-leclerc-diz-decisao-foi-correta-mesmo-pit-stop-pneus-gp-holanda","status":"publish","type":"post","link":"https:\/\/grandepremio.com\/br\/f1\/charles-leclerc-diz-decisao-foi-correta-mesmo-pit-stop-pneus-gp-holanda\/","title":{"rendered":"Leclerc defende Ferrari em pit-stop atrapalhado na Holanda: &#8220;Decis\u00e3o correta&#8221;\u00a0\u00a0"},"content":{"rendered":"\n<p class=\"wp-block-paragraph\"><strong>Charles Leclerc<\/strong> n\u00e3o conseguiu se entender com a pista de <strong>Zandvoort <\/strong>desde o in\u00edcio do fim de semana do <strong>GP dos Pa\u00edses Baixos<\/strong>. E os problemas nos treinos livres e na classifica\u00e7\u00e3o continuaram na <a href=\"https:\/\/www.grandepremio.com\/br\/f1\/noticias\/max-verstappen-supera-chuva-vence-gp-da-holanda-enfileira-nono-triunfo-seguido-2023\/\" class=\"ek-link\">corrida deste domingo (27)<\/a>, com um pit-stop bem atrapalhado da <strong>Ferrari <\/strong>no come\u00e7o da prova, logo ap\u00f3s um toque com <strong>Oscar Piastri<\/strong> que, mais tarde, o levou a abandonar a disputa na volta 43. O monegasco tamb\u00e9m poupou a equipe de cr\u00edticas pela parada.<\/p>\n\n\n\n<p class=\"wp-block-paragraph\">O dono do carro <strong>#16<\/strong>, que no s\u00e1bado havia trocado o motor por um mais antigo, al\u00e9m da caixa de c\u00e2mbio, saiu zerado em Zandvoort, enquanto o companheiro de Ferrari <strong>Carlos Sainz<\/strong>, terminou a prova na quinta coloca\u00e7\u00e3o. A primeira parada de Leclerc nos boxes foi marcada pela falta de pneus no pit-lane da Ferrari, o que custou v\u00e1rias posi\u00e7\u00f5es.<\/p>\n\n\n\n<p class=\"wp-block-paragraph\">&#8220;Perdemos tempo na parada da primeira volta porque n\u00e3o est\u00e1vamos prontos, mas a decis\u00e3o foi correta, ainda ganhamos posi\u00e7\u00f5es apesar do atraso. A chamada [para os boxes] foi minha\u201d, explicou Leclerc.<\/p>\n\n\n\n<p class=\"wp-block-paragraph\"><strong>\u25b6\ufe0f&nbsp;Inscreva-se nos dois canais do GRANDE PR\u00caMIO no YouTube:&nbsp;<a href=\"https:\/\/www.youtube.com\/channel\/UC9OlHEgxoaY6QY6nWPoiqQg?sub_confirmation=1\" target=\"_blank\" rel=\"noreferrer noopener\">GP<\/a>&nbsp;|&nbsp;<a href=\"https:\/\/www.youtube.com\/channel\/UC9csiS6q_C3C0FYhyr1rnFA?sub_confirmation=1\" target=\"_blank\" rel=\"noreferrer noopener\">GP2<\/a><\/strong><br><strong>\u25b6\ufe0f&nbsp;<a href=\"https:\/\/www.twitch.tv\/grandepremio\" target=\"_blank\" rel=\"noreferrer noopener\">Conhe\u00e7a o canal do GRANDE PR\u00caMIO na Twitch clicando aqui!<\/a><\/strong><\/p>\n\n\n\n<figure class=\"wp-block-image size-large\"><img decoding=\"async\" src=\"https:\/\/www.grandepremio.com\/br\/wp-content\/uploads\/2023\/08\/holanda-2023-f1-corrida-ferrari-charles-leclerc-01-1024x768.jpg\" alt=\"\" class=\"wp-image-722276\"\/><figcaption class=\"wp-element-caption\">Leclerc teve um pit-stop bem atrapalhado no come\u00e7o da prova (Foto: Ferrari)<\/figcaption><\/figure>\n\n\n\n<p class=\"wp-block-paragraph\">Segundo Leclerc, o toque com Piastri foi leve, mas acabou causando muitos danos, que fizeram a SF-23 perder muito me aerodin\u00e2mica, com avarias no assoalho. Durante a prova, o monegasco sempre andou entre as \u00faltimas posi\u00e7\u00f5es, chegando a ser ultrapassado por <strong>Liam Lawson<\/strong>, que fez sua primeira prova na F1 pela <strong>AlphaTauri<\/strong>.<\/p>\n\n\n\n<p class=\"wp-block-paragraph\">\u201cUm pequeno contato com Piastri nos custou muito, perdemos cerca de 60 pontos de downforce, e n\u00e3o havia mais nada a fazer a partir daquele ponto. N\u00e3o vi direito o toque, mas n\u00e3o diria que o carro \u00e9 excessivamente fr\u00e1gil. N\u00e3o compreendi bem onde os danos ocorreram exatamente, foi em uma parte importante e perdemos muito desempenho&#8221;, finalizou Leclerc.<\/p>\n\n\n\n<p class=\"wp-block-paragraph\">A&nbsp;<strong><a href=\"https:\/\/www.grandepremio.com\/formula-1\/\" target=\"_blank\" rel=\"noreferrer noopener\">F\u00f3rmula 1<\/a><\/strong>&nbsp;retorna na semana que vem, entre os dias 1 e 3 de setembro, com o&nbsp;<strong>GP da It\u00e1lia<\/strong>, em&nbsp;<strong><a href=\"https:\/\/www.grandepremio.com\/br\/circuito\/monza\/\" target=\"_blank\" rel=\"noreferrer noopener\">Monza<\/a><\/strong>, 14\u00aa etapa da temporada 2023.<\/p>\n\n\n\n<figure class=\"wp-block-embed is-type-video is-provider-youtube wp-block-embed-youtube wp-embed-aspect-16-9 wp-has-aspect-ratio\"><div class=\"wp-block-embed__wrapper\">\n<iframe loading=\"lazy\" title=\"F1 2023 na HOLANDA: VERSTAPPEN VENCE. Alonso 2\u00ba no caos | Briefing\" width=\"500\" height=\"281\" src=\"https:\/\/www.youtube.com\/embed\/XrL78wNN7Wo?feature=oembed\" frameborder=\"0\" allow=\"accelerometer; autoplay; clipboard-write; encrypted-media; gyroscope; picture-in-picture; web-share\" referrerpolicy=\"strict-origin-when-cross-origin\" allowfullscreen><\/iframe>\n<\/div><\/figure>\n","protected":false},"excerpt":{"rendered":"<p>Charles Leclerc teve um final de semana bem complicado em Zandvoort e acabou abandonando o GP da Holanda devido a danos ap\u00f3s toque em Oscar Piastri<\/p>\n","protected":false},"author":0,"featured_media":1000722358,"comment_status":"closed","ping_status":"closed","sticky":false,"template":"","format":"standard","meta":{"42wp_featured_image_caption":"","42wp_featured_image_credits":"","42wp_featured_video":"","42wp_featured_image_hidden":false,"42wp_authors_list":[],"footnotes":""},"categories":[2],"tags":[209,147,6533,207,578,1388,29115,29117,29083,29126,36222,1491,24836,26123,30103,28285],"42wp_author":[47157],"class_list":["post-99858","post","type-post","status-publish","format-standard","has-post-thumbnail","hentry","category-f1","tag-charles-leclerc","tag-f1","tag-f1-2023","tag-ferrari","tag-ferrari-f1","tag-gp-da-holanda","tag-gp-da-holanda-de-f1","tag-gp-da-holanda-de-formula-1","tag-gp-da-holanda-zandvoort","tag-gp-dos-paises-baixos","tag-gp-dos-paises-baixos-2023","tag-grande-premio","tag-grande-premio-2","tag-grande-premio-ao-vivo","tag-grande-premio-f1","tag-grandepremio","42wp_author-jonas-souza"],"_links":{"self":[{"href":"https:\/\/grandepremio.com\/br\/wp-json\/wp\/v2\/posts\/99858","targetHints":{"allow":["GET"]}}],"collection":[{"href":"https:\/\/grandepremio.com\/br\/wp-json\/wp\/v2\/posts"}],"about":[{"href":"https:\/\/grandepremio.com\/br\/wp-json\/wp\/v2\/types\/post"}],"replies":[{"embeddable":true,"href":"https:\/\/grandepremio.com\/br\/wp-json\/wp\/v2\/comments?post=99858"}],"version-history":[{"count":0,"href":"https:\/\/grandepremio.com\/br\/wp-json\/wp\/v2\/posts\/99858\/revisions"}],"wp:featuredmedia":[{"embeddable":true,"href":"https:\/\/grandepremio.com\/br\/wp-json\/wp\/v2\/media\/1000722358"}],"wp:attachment":[{"href":"https:\/\/grandepremio.com\/br\/wp-json\/wp\/v2\/media?parent=99858"}],"wp:term":[{"taxonomy":"category","embeddable":true,"href":"https:\/\/grandepremio.com\/br\/wp-json\/wp\/v2\/categories?post=99858"},{"taxonomy":"post_tag","embeddable":true,"href":"https:\/\/grandepremio.com\/br\/wp-json\/wp\/v2\/tags?post=99858"},{"taxonomy":"42wp_author","embeddable":true,"href":"https:\/\/grandepremio.com\/br\/wp-json\/wp\/v2\/42wp_author?post=99858"}],"curies":[{"name":"wp","href":"https:\/\/api.w.org\/{rel}","templated":true}]}}