{"id":99861,"date":"2023-08-27T13:21:58","date_gmt":"2023-08-27T16:21:58","guid":{"rendered":"https:\/\/grandepremio.com\/br\/noticias\/fernando-alonso-fala-corrida-muito-intensa-holanda-destaca-carro-estava-voando\/"},"modified":"2023-08-27T13:22:08","modified_gmt":"2023-08-27T16:22:08","slug":"fernando-alonso-fala-corrida-muito-intensa-holanda-destaca-carro-estava-voando","status":"publish","type":"post","link":"https:\/\/grandepremio.com\/br\/f1\/fernando-alonso-fala-corrida-muito-intensa-holanda-destaca-carro-estava-voando\/","title":{"rendered":"Alonso fala em &#8220;corrida muito intensa&#8221; na Holanda e destaca: &#8220;Carro estava voando&#8221;"},"content":{"rendered":"\n<p class=\"wp-block-paragraph\"><strong>Fernando Alonso<\/strong> chegou novamente ao p\u00f3dio na temporada 2023 da <strong>F\u00f3rmula 1<\/strong>, neste domingo (27), no <strong><a href=\"https:\/\/www.grandepremio.com\/br\/f1\/noticias\/max-verstappen-supera-chuva-vence-gp-da-holanda-enfileira-nono-triunfo-seguido-2023\/\" class=\"ek-link\">GP da Holanda<\/a><\/strong>, nos Pa\u00edses Baixos. Ap\u00f3s uma fase com corridas mais discretas, o bicampe\u00e3o mundial aproveitou as condi\u00e7\u00f5es ca\u00f3ticas do clima em <strong>Zandvoort<\/strong> para conquistar a segunda posi\u00e7\u00e3o. O espanhol, ap\u00f3s a prova, louvou o <strong>AMR23 <\/strong>e a torcida local.<\/p>\n\n\n\n<p class=\"wp-block-paragraph\">O #14 n\u00e3o chegava entre os tr\u00eas primeiros desde o <strong>GP do Canad\u00e1<\/strong>, e, portanto, quebrou um jejum de quatro provas. A segunda posi\u00e7\u00e3o tamb\u00e9m o ajudou a aumentar a dist\u00e2ncia na terceira posi\u00e7\u00e3o do Mundial de Pilotos, abrindo 12 de diferen\u00e7a para <strong>Lewis Hamilton<\/strong>.<\/p>\n\n\n\n<p class=\"wp-block-paragraph\">&#8220;Foi uma corrida muito intensa, obviamente com a pista molhada \u00e9ramos r\u00e1pidos. Nessas condi\u00e7\u00f5es, voc\u00ea precisa de um carro em que possa confiar e, felizmente, tinha isso hoje. O carro estava voando, muito competitivo, f\u00e1cil de guiar\u201d, celebrou Alonso.<\/p>\n\n\n\n<p class=\"wp-block-paragraph\"><strong>\u25b6\ufe0f&nbsp;Inscreva-se nos dois canais do GRANDE PR\u00caMIO no YouTube:&nbsp;<a href=\"https:\/\/www.youtube.com\/channel\/UC9OlHEgxoaY6QY6nWPoiqQg?sub_confirmation=1\" target=\"_blank\" rel=\"noreferrer noopener\">GP<\/a>&nbsp;|&nbsp;<a href=\"https:\/\/www.youtube.com\/channel\/UC9csiS6q_C3C0FYhyr1rnFA?sub_confirmation=1\" target=\"_blank\" rel=\"noreferrer noopener\">GP2<\/a><\/strong><br><strong>\u25b6\ufe0f&nbsp;<a href=\"https:\/\/www.twitch.tv\/grandepremio\" target=\"_blank\" rel=\"noreferrer noopener\">Conhe\u00e7a o canal do GRANDE PR\u00caMIO na Twitch clicando aqui!<\/a><\/strong><\/p>\n\n\n\n<figure class=\"wp-block-image size-large\"><img decoding=\"async\" src=\"https:\/\/www.grandepremio.com\/br\/wp-content\/uploads\/2023\/08\/holanda-2023-f1-corrida-aston-martin-fernando-alonso-05-1024x683.jpg\" alt=\"\" class=\"wp-image-722463\"\/><figcaption class=\"wp-element-caption\">Alonso conseguiu abrir um pouco mais de vantagem na terceira posi\u00e7\u00e3o do Mundial de Pilotos (Foto: Aston Martin)<\/figcaption><\/figure>\n\n\n\n<p class=\"wp-block-paragraph\">Al\u00e9m de tecer elogios ao carro entregue pela <strong>Aston Martin<\/strong> hoje, Alonso tamb\u00e9m cumprimentou seus companheiros no p\u00f3dio, <strong>Max Verstappen<\/strong>, vencedor da prova neerlandesa, e <strong>Pierre Gasly<\/strong>, que alcan\u00e7ou a terceira posi\u00e7\u00e3o ap\u00f3s puni\u00e7\u00e3o para <strong>Sergio P\u00e9rez<\/strong>.<\/p>\n\n\n\n<p class=\"wp-block-paragraph\">\u201c\u00c9 muito bom dividir o p\u00f3dio com Max e Pierre. Acho que este \u00e9 um aut\u00f3dromo muito especial e quando voltou ao calend\u00e1rio, h\u00e1 dois anos, eu n\u00e3o esperava chegar entre os tr\u00eas primeiros&#8221;, admitiu. &#8220;Ainda tentei fazer algum movimento para ultrapassar na \u00faltima relargada [hoje], mas n\u00e3o foi poss\u00edvel. Parab\u00e9ns ao Max e a todos\u201d, completou.<\/p>\n\n\n\n<p class=\"wp-block-paragraph\">A&nbsp;<strong><a href=\"https:\/\/www.grandepremio.com\/formula-1\/\" target=\"_blank\" rel=\"noreferrer noopener\">F\u00f3rmula 1<\/a><\/strong>&nbsp;retorna na semana que vem, entre os dias 1 e 3 de setembro, com o&nbsp;<strong>GP da It\u00e1lia<\/strong>, em&nbsp;<strong><a href=\"https:\/\/www.grandepremio.com\/br\/circuito\/monza\/\" target=\"_blank\" rel=\"noreferrer noopener\">Monza<\/a><\/strong>, 14\u00aa etapa da temporada 2023.<\/p>\n\n\n\n<figure class=\"wp-block-embed is-type-video is-provider-youtube wp-block-embed-youtube wp-embed-aspect-16-9 wp-has-aspect-ratio\"><div class=\"wp-block-embed__wrapper\">\n<iframe loading=\"lazy\" title=\"F1 2023 na HOLANDA: VERSTAPPEN VENCE. Alonso 2\u00ba no caos | Briefing\" width=\"500\" height=\"281\" src=\"https:\/\/www.youtube.com\/embed\/XrL78wNN7Wo?feature=oembed\" frameborder=\"0\" allow=\"accelerometer; autoplay; clipboard-write; encrypted-media; gyroscope; picture-in-picture; web-share\" referrerpolicy=\"strict-origin-when-cross-origin\" allowfullscreen><\/iframe>\n<\/div><\/figure>\n\n\n\n<p class=\"wp-block-paragraph\"><\/p>\n","protected":false},"excerpt":{"rendered":"<p>Fernando Alonso voltou ao p\u00f3dio ap\u00f3s quatro provas e conseguiu ampliar a diferen\u00e7a para Lewis Hamilton no Mundial de Pilotos<\/p>\n","protected":false},"author":0,"featured_media":1000722489,"comment_status":"closed","ping_status":"closed","sticky":false,"template":"","format":"standard","meta":{"42wp_featured_image_caption":"","42wp_featured_image_credits":"","42wp_featured_video":"","42wp_featured_image_hidden":false,"42wp_authors_list":[],"footnotes":""},"categories":[2],"tags":[309,147,6533,176,1388,29115,29117,29083,29126,36222,219,28285],"42wp_author":[47157],"class_list":["post-99861","post","type-post","status-publish","format-standard","has-post-thumbnail","hentry","category-f1","tag-aston-martin","tag-f1","tag-f1-2023","tag-fernando-alonso","tag-gp-da-holanda","tag-gp-da-holanda-de-f1","tag-gp-da-holanda-de-formula-1","tag-gp-da-holanda-zandvoort","tag-gp-dos-paises-baixos","tag-gp-dos-paises-baixos-2023","tag-grande-prmio","tag-grandepremio","42wp_author-jonas-souza"],"_links":{"self":[{"href":"https:\/\/grandepremio.com\/br\/wp-json\/wp\/v2\/posts\/99861","targetHints":{"allow":["GET"]}}],"collection":[{"href":"https:\/\/grandepremio.com\/br\/wp-json\/wp\/v2\/posts"}],"about":[{"href":"https:\/\/grandepremio.com\/br\/wp-json\/wp\/v2\/types\/post"}],"replies":[{"embeddable":true,"href":"https:\/\/grandepremio.com\/br\/wp-json\/wp\/v2\/comments?post=99861"}],"version-history":[{"count":0,"href":"https:\/\/grandepremio.com\/br\/wp-json\/wp\/v2\/posts\/99861\/revisions"}],"wp:featuredmedia":[{"embeddable":true,"href":"https:\/\/grandepremio.com\/br\/wp-json\/wp\/v2\/media\/1000722489"}],"wp:attachment":[{"href":"https:\/\/grandepremio.com\/br\/wp-json\/wp\/v2\/media?parent=99861"}],"wp:term":[{"taxonomy":"category","embeddable":true,"href":"https:\/\/grandepremio.com\/br\/wp-json\/wp\/v2\/categories?post=99861"},{"taxonomy":"post_tag","embeddable":true,"href":"https:\/\/grandepremio.com\/br\/wp-json\/wp\/v2\/tags?post=99861"},{"taxonomy":"42wp_author","embeddable":true,"href":"https:\/\/grandepremio.com\/br\/wp-json\/wp\/v2\/42wp_author?post=99861"}],"curies":[{"name":"wp","href":"https:\/\/api.w.org\/{rel}","templated":true}]}}