{"id":99862,"date":"2023-08-27T13:05:56","date_gmt":"2023-08-27T16:05:56","guid":{"rendered":"https:\/\/grandepremio.com\/br\/noticias\/max-verstappen-orgulhoso-trabalho-boxes-atmosfera-incrivel-holanda\/"},"modified":"2023-08-27T13:15:45","modified_gmt":"2023-08-27T16:15:45","slug":"max-verstappen-orgulhoso-trabalho-boxes-atmosfera-incrivel-holanda","status":"publish","type":"post","link":"https:\/\/grandepremio.com\/br\/f1\/max-verstappen-orgulhoso-trabalho-boxes-atmosfera-incrivel-holanda\/","title":{"rendered":"Verstappen se diz &#8220;orgulhoso&#8221; por trabalho de boxes e cita &#8220;atmosfera incr\u00edvel&#8221; na Holanda"},"content":{"rendered":"\n<p class=\"wp-block-paragraph\">Nem o temporal que desabou sobre <strong>Zandvoort <\/strong>no in\u00edcio e no final do <strong>GP da Holanda<\/strong> foi capaz de tirar de <strong>Max Verstappen<\/strong><a href=\"https:\/\/www.grandepremio.com\/br\/f1\/noticias\/max-verstappen-supera-chuva-vence-gp-da-holanda-enfileira-nono-triunfo-seguido-2023\/\" class=\"ek-link\"> a sua nona vit\u00f3ria consecutiva<\/a> na <strong>F\u00f3rmula 1<\/strong> \u2014 a 11\u00aa em 2023. Ap\u00f3s a corrida deste domingo (26), o l\u00edder do campeonato aproveitou para destacar o trabalho da <strong>Red Bull<\/strong>, j\u00e1 que n\u00e3o foi f\u00e1cil acertar as chamadas de boxes em meio ao caos.<\/p>\n\n\n\n<p class=\"wp-block-paragraph\">Na primeira chuva, Verstappen parou ap\u00f3s <strong>Sergio P\u00e9rez<\/strong> e despencou no grid, tendo de recuperar as posi\u00e7\u00f5es na pista \u2014 o que n\u00e3o demorou. Depois, a dez voltas do fim, quando mais uma vez o temporal n\u00e3o teve pena, o holand\u00eas levou vantagem ao parar primeiro.<\/p>\n\n\n\n<p class=\"wp-block-paragraph\"><strong>\u25b6\ufe0f\u00a0Inscreva-se nos dois canais do GRANDE PR\u00caMIO no YouTube:\u00a0<a href=\"https:\/\/www.youtube.com\/channel\/UC9OlHEgxoaY6QY6nWPoiqQg?sub_confirmation=1\" target=\"_blank\" rel=\"noreferrer noopener\">GP<\/a>\u00a0|\u00a0<a href=\"https:\/\/www.youtube.com\/channel\/UC9csiS6q_C3C0FYhyr1rnFA?sub_confirmation=1\" target=\"_blank\" rel=\"noreferrer noopener\">GP2<\/a><\/strong><br><strong>\u25b6\ufe0f\u00a0<a href=\"https:\/\/www.twitch.tv\/grandepremio\" target=\"_blank\" rel=\"noreferrer noopener\">Conhe\u00e7a o canal do GRANDE PR\u00caMIO na Twitch clicando aqui!<\/a><\/strong><\/p>\n\n\n\n<figure class=\"wp-block-image size-large\"><img decoding=\"async\" src=\"https:\/\/www.grandepremio.com\/br\/wp-content\/uploads\/2023\/08\/holanda-2023-f1-corrida-red-bull-max-verstappen-09-1024x689.jpg\" alt=\"\" class=\"wp-image-722487\"\/><figcaption class=\"wp-element-caption\">Max Verstappen fez a alegria do &#8216;Mar Laranja&#8217; em Zandvoort (Foto: Red Bull Content Pool)<\/figcaption><\/figure>\n\n\n\n<p class=\"wp-block-paragraph\">&#8220;Incr\u00edvel&#8221;, come\u00e7ou Verstappen. &#8220;N\u00e3o foi f\u00e1cil fazer todas aquelas chamadas [de boxes] de maneira correta por causa do clima. Estou incrivelmente orgulhoso&#8221;, salientou.<\/p>\n\n\n\n<p class=\"wp-block-paragraph\">Para os f\u00e3s, tudo era motivo de festa. Euf\u00f3ricos do in\u00edcio ao fim, n\u00e3o se abateram nem mesmo quando a dire\u00e7\u00e3o de prova optou pela bandeira vermelha a sete voltas da quadriculada, proporcionando um espet\u00e1culo \u00e0 parte. Max agradeceu o apoio da torcida.<\/p>\n\n\n\n<p class=\"wp-block-paragraph\">&#8220;J\u00e1 me arrepiei quando tocaram o hino antes da largada. Mesmo com o mau tempo, chuva, os f\u00e3s continuam aqui. \u00c9 uma atmosfera incr\u00edvel&#8221;, celebrou, confessando que n\u00e3o deixou de se sentir pressionado a ter uma boa performance em casa. <\/p>\n\n\n\n<p class=\"wp-block-paragraph\">&#8220;Vou aproveitar este fim de semana. \u00c9 sempre dif\u00edcil. A press\u00e3o \u00e9 grande, e estou muito feliz por vencer aqui&#8221;, concluiu, emendando a parte final da entrevista em holand\u00eas.<\/p>\n\n\n\n<p class=\"wp-block-paragraph\">A\u00a0<strong><a href=\"https:\/\/www.grandepremio.com\/formula-1\/\" target=\"_blank\" rel=\"noreferrer noopener\">F\u00f3rmula 1<\/a><\/strong>\u00a0retorna na semana que vem, entre os dias 1 e 3 de setembro, com o\u00a0<strong>GP da It\u00e1lia<\/strong>, em\u00a0<strong><a href=\"https:\/\/www.grandepremio.com\/br\/circuito\/monza\/\" target=\"_blank\" rel=\"noreferrer noopener\">Monza<\/a><\/strong>, 14\u00aa etapa da temporada 2023.<\/p>\n\n\n\n<figure class=\"wp-block-embed is-type-video is-provider-youtube wp-block-embed-youtube wp-embed-aspect-16-9 wp-has-aspect-ratio\"><div class=\"wp-block-embed__wrapper\">\n<iframe loading=\"lazy\" title=\"F1 2023 na HOLANDA: VERSTAPPEN VENCE. Alonso 2\u00ba no caos | Briefing\" width=\"500\" height=\"281\" src=\"https:\/\/www.youtube.com\/embed\/XrL78wNN7Wo?feature=oembed\" frameborder=\"0\" allow=\"accelerometer; autoplay; clipboard-write; encrypted-media; gyroscope; picture-in-picture; web-share\" referrerpolicy=\"strict-origin-when-cross-origin\" allowfullscreen><\/iframe>\n<\/div><\/figure>\n","protected":false},"excerpt":{"rendered":"<p>Max Verstappen fez a festa da aficionada torcida holandesa em Zandvoort e destacou que n\u00e3o foi f\u00e1cil acertar as chamadas de boxes em meio ao caos causado pela chuva no GP da Holanda<\/p>\n","protected":false},"author":0,"featured_media":1000722486,"comment_status":"closed","ping_status":"closed","sticky":false,"template":"","format":"standard","meta":{"42wp_featured_image_caption":"","42wp_featured_image_credits":"","42wp_featured_video":"","42wp_featured_image_hidden":false,"42wp_authors_list":[],"footnotes":""},"categories":[2],"tags":[26271,5273,147,6533,180,30722,1388,1491,28285,901,36192,29129,30840,203,35129,204,31447,1389,36193,32346],"42wp_author":[47147],"class_list":["post-99862","post","type-post","status-publish","format-standard","has-post-thumbnail","hentry","category-f1","tag-calendario-f1","tag-classificacao-f1","tag-f1","tag-f1-2023","tag-formula-1","tag-formula-1-2023","tag-gp-da-holanda","tag-grande-premio","tag-grandepremio","tag-holanda","tag-holanda-2023","tag-holanda-f1","tag-horarios-f1","tag-max-verstappen","tag-onde-assistir-f1","tag-red-bull","tag-temporada-2023-f1","tag-zandvoort","tag-zandvoort-2023","tag-zandvoort-f1","42wp_author-luana-marino"],"_links":{"self":[{"href":"https:\/\/grandepremio.com\/br\/wp-json\/wp\/v2\/posts\/99862","targetHints":{"allow":["GET"]}}],"collection":[{"href":"https:\/\/grandepremio.com\/br\/wp-json\/wp\/v2\/posts"}],"about":[{"href":"https:\/\/grandepremio.com\/br\/wp-json\/wp\/v2\/types\/post"}],"replies":[{"embeddable":true,"href":"https:\/\/grandepremio.com\/br\/wp-json\/wp\/v2\/comments?post=99862"}],"version-history":[{"count":0,"href":"https:\/\/grandepremio.com\/br\/wp-json\/wp\/v2\/posts\/99862\/revisions"}],"wp:featuredmedia":[{"embeddable":true,"href":"https:\/\/grandepremio.com\/br\/wp-json\/wp\/v2\/media\/1000722486"}],"wp:attachment":[{"href":"https:\/\/grandepremio.com\/br\/wp-json\/wp\/v2\/media?parent=99862"}],"wp:term":[{"taxonomy":"category","embeddable":true,"href":"https:\/\/grandepremio.com\/br\/wp-json\/wp\/v2\/categories?post=99862"},{"taxonomy":"post_tag","embeddable":true,"href":"https:\/\/grandepremio.com\/br\/wp-json\/wp\/v2\/tags?post=99862"},{"taxonomy":"42wp_author","embeddable":true,"href":"https:\/\/grandepremio.com\/br\/wp-json\/wp\/v2\/42wp_author?post=99862"}],"curies":[{"name":"wp","href":"https:\/\/api.w.org\/{rel}","templated":true}]}}