{"id":99891,"date":"2023-08-26T16:44:50","date_gmt":"2023-08-26T19:44:50","guid":{"rendered":"https:\/\/grandepremio.com\/br\/noticias\/confira-declaracoes-pilotos-classificacao-gp-holanda-f1-2023\/"},"modified":"2023-08-26T16:46:00","modified_gmt":"2023-08-26T19:46:00","slug":"confira-declaracoes-pilotos-classificacao-gp-holanda-f1-2023","status":"publish","type":"post","link":"https:\/\/grandepremio.com\/br\/f1\/confira-declaracoes-pilotos-classificacao-gp-holanda-f1-2023\/","title":{"rendered":"Confira declara\u00e7\u00f5es dos pilotos ap\u00f3s classifica\u00e7\u00e3o do GP da Holanda de F1 2023"},"content":{"rendered":"\n<p class=\"wp-block-paragraph\"><strong>Max Verstappen<\/strong> continua em fase impec\u00e1vel na<strong> F1 2023<\/strong>. Correndo diante de sua torcida, o holand\u00eas cravou o<a href=\"https:\/\/www.grandepremio.com\/br\/f1\/noticias\/max-verstappen-faz-mar-laranja-vibrar-conquista-pole-position-gp-da-holanda-formula-1\/\" class=\"ek-link\"> melhor tempo na classifica\u00e7\u00e3o do <strong>GP dos Pa\u00edses Baixos<\/strong><\/a>. A marca do piloto da <strong>Red Bull<\/strong> neste s\u00e1bado (26), foi de 1min10s567, uma vantagem de 0s537 para <strong>Lando Norris<\/strong>, que vai largar ao lado do bicampe\u00e3o mundial na primeira fila com a <strong>McLaren<\/strong>.<\/p>\n\n\n\n<p class=\"wp-block-paragraph\"><strong>\u25b6\ufe0f\u00a0Inscreva-se nos dois canais do GRANDE PR\u00caMIO no YouTube:\u00a0<a href=\"https:\/\/www.youtube.com\/channel\/UC9OlHEgxoaY6QY6nWPoiqQg?sub_confirmation=1\" target=\"_blank\" rel=\"noreferrer noopener\">GP<\/a>\u00a0|\u00a0<a href=\"https:\/\/www.youtube.com\/channel\/UC9csiS6q_C3C0FYhyr1rnFA?sub_confirmation=1\" target=\"_blank\" rel=\"noreferrer noopener\">GP2<\/a><\/strong><br><strong>\u25b6\ufe0f\u00a0<a href=\"https:\/\/www.twitch.tv\/grandepremio\" target=\"_blank\" rel=\"noreferrer noopener\">Conhe\u00e7a o canal do GRANDE PR\u00caMIO na Twitch clicando aqui!<\/a><\/strong><\/p>\n\n\n\n<p class=\"wp-block-paragraph\">A terceira coloca\u00e7\u00e3o ficou com <strong>George Russell<\/strong>, que conseguiu levar a <strong>Mercedes <\/strong>para o alto da tabela de tempos, ao contr\u00e1rio de seu companheiro de equipe, <strong>Lewis Hamilton<\/strong>, que s\u00f3 foi at\u00e9 o Q2. <strong>Alexander Albon <\/strong>fez uma classifica\u00e7\u00e3o surpreendente e garantiu a quarta posi\u00e7\u00e3o, \u00e0 frente de <strong>Fernando Alonso<\/strong> e <strong>Carlos Sainz<\/strong>. Com isso, o grid tem seis equipes diferentes nas seis primeiras posi\u00e7\u00f5es.<\/p>\n\n\n\n<p class=\"wp-block-paragraph\"><strong>Sergio P\u00e9rez<\/strong> ficou sem s\u00e9timo, seguido por <strong>Oscar Piastri<\/strong>. <strong>Charles Leclerc<\/strong> e <strong>Logan Sargeant<\/strong> bateram no Q3, mas ainda partem da quinta fila, com o americano passando pela primeira vez \u00e0 \u00faltima parte da classifica\u00e7\u00e3o e sendo o primeiro de seu pa\u00eds a largar entre os dez primeiros em 30 anos, desde o GP da It\u00e1lia de 1993, com <strong>Michael Andretti<\/strong>.<\/p>\n\n\n\n<figure class=\"wp-block-image size-large\"><img decoding=\"async\" src=\"https:\/\/www.grandepremio.com\/br\/wp-content\/uploads\/2023\/08\/holanda-2023-f1-classificacao-red-bull-max-verstappen-afp-04-1024x683.jpg\" alt=\"\" class=\"wp-image-721866\"\/><figcaption class=\"wp-element-caption\">George Russell, Max Verstappen e Lando Norris foram os tr\u00eas primeiros na classifica\u00e7\u00e3o (Foto: AFP) <\/figcaption><\/figure>\n\n\n\n<p class=\"wp-block-paragraph\">O&nbsp;<strong>GRANDE PR\u00caMIO<\/strong>&nbsp;acompanha&nbsp;<strong><a href=\"https:\/\/www.grandepremio.com\/br\/ao-vivo\/f1\">AO VIVO e EM&nbsp;<\/a><a href=\"https:\/\/www.grandepremio.com\/br\/ao-vivo\/\" target=\"_blank\" rel=\"noreferrer noopener\">TEMPO REAL<\/a><\/strong>&nbsp;todas as atividades do&nbsp;<strong>GP da Holanda<\/strong>, em&nbsp;<strong>Zandvoort<\/strong>, 13\u00aa etapa da temporada 2023. No s\u00e1bado e no domingo, classifica\u00e7\u00e3o e corrida tamb\u00e9m contam com&nbsp;<a href=\"https:\/\/formula1aovivo.com\/\" target=\"_blank\" rel=\"noreferrer noopener\">transmiss\u00e3o<\/a>&nbsp;em&nbsp;<strong><a href=\"https:\/\/www.youtube.com\/@GrandePremio1\/streams\">SEGUNDA TELA, NA GPTV, EM PARCERIA COM A VOZ DO ESPO<\/a><\/strong><a href=\"https:\/\/www.youtube.com\/@GrandePremio1\/streams\"><strong>RTE<\/strong>.<\/a>&nbsp;No domingo, a largada est\u00e1 marcada para as 10h (de Bras\u00edlia, GMT-3).<\/p>\n\n\n\n<h2 class=\"wp-block-heading\" id=\"h-confira-as-declaracoes-dos-pilotos-apos-a-classificacao-do-gp-da-holanda-de-formula-1\">Confira as declara\u00e7\u00f5es dos pilotos ap\u00f3s a classifica\u00e7\u00e3o do GP da Holanda de F\u00f3rmula 1:<\/h2>\n\n\n\n<p class=\"wp-block-paragraph\"><strong>Max Verstappen, pole-position: <\/strong><a href=\"https:\/\/www.grandepremio.com\/br\/f1\/noticias\/max-verstappen-admite-classificacao-complicada-holanda-preciso-correr-alguns-riscos\/\"><strong>Verstappen admite classifica\u00e7\u00e3o \u201ccomplicada\u201d na Holanda: \u201cFoi preciso correr alguns riscos\u201d<\/strong><\/a><\/p>\n\n\n\n<p class=\"wp-block-paragraph\"><strong>Lando Norris, segundo: <\/strong><a href=\"https:\/\/www.grandepremio.com\/br\/f1\/noticias\/2o-lando-norris-admite-torceu-por-vacilo-max-verstappen-frustrante-nao-erra\/\"><strong>2\u00ba, Norris admite que torceu por \u201cvacilo\u201d de Verstappen: \u201cFrustrante que ele n\u00e3o erra\u201d<\/strong><\/a><\/p>\n\n\n\n<p class=\"wp-block-paragraph\"><strong>George Russell, terceiro: <\/strong><a href=\"https:\/\/www.grandepremio.com\/br\/f1\/noticias\/george-russell-comemora-3-lugar-grid-zandvoort-elogia-ideias-frescas-mercedes\/\"><strong>Russell comemora 3\u00ba lugar no grid na Holanda e elogia \u201cideias frescas\u201d da Mercedes<\/strong><\/a><\/p>\n\n\n\n<p class=\"wp-block-paragraph\"><strong>Alexander Albon, quarto: <\/strong><a href=\"https:\/\/www.grandepremio.com\/br\/f1\/noticias\/alexander-albon-ve-classificacao-especial-holanda-admite-surpresa-forca-williams\/\"><strong>Albon v\u00ea \u201cclassifica\u00e7\u00e3o especial\u201d na Holanda e admite surpresa com for\u00e7a da Williams<\/strong><\/a><\/p>\n\n\n\n<p class=\"wp-block-paragraph\"><strong>Fernando Alonso, quinto: <\/strong><a href=\"https:\/\/www.grandepremio.com\/br\/f1\/noticias\/fernando-alonso-esgotado-classificacao-muito-estressante-gp-da-holanda\/\"><strong>Alonso se diz \u201cesgotado\u201d ap\u00f3s classifica\u00e7\u00e3o \u201cmuito estressante\u201d do GP da Holanda<\/strong><\/a><\/p>\n\n\n\n<p class=\"wp-block-paragraph\"><strong>Carlos Sainz, sexto: <\/strong><a href=\"https:\/\/www.grandepremio.com\/br\/f1\/noticias\/carlos-sainz-ve-6o-lugar-melhor-esperado-fim-semana-avesso-holanda\/\"><strong>Sainz v\u00ea 6\u00ba lugar \u201cmelhor que esperado\u201d em \u201cfim de semana do avesso\u201d na Holanda<\/strong><\/a><\/p>\n\n\n\n<p class=\"wp-block-paragraph\"><strong>Sergio P\u00e9rez, s\u00e9timo: <\/strong><a href=\"https:\/\/www.grandepremio.com\/br\/f1\/noticias\/sergio-perez-lamenta-tatica-red-bull-ainda-mira-podio-holanda-espero-recuperar\/\"><strong>P\u00e9rez lamenta t\u00e1tica da Red Bull, mas ainda mira p\u00f3dio na Holanda: \u201cEspero recuperar\u201d<\/strong><\/a><\/p>\n\n\n\n<p class=\"wp-block-paragraph\"><strong>Oscar Piastri, oitavo: <\/strong><a href=\"https:\/\/www.grandepremio.com\/br\/f1\/noticias\/oscar-piastri-lamenta-8o-classificacao-confia-carro-rapido-gp-holanda\/\"><strong>Piastri lamenta 8\u00ba na classifica\u00e7\u00e3o, mas confia em \u201ccarro r\u00e1pido\u201d no GP da Holanda<\/strong><\/a><\/p>\n\n\n\n<p class=\"wp-block-paragraph\"><strong>Charles Leclerc, nono: <\/strong><a href=\"https:\/\/www.grandepremio.com\/br\/f1\/noticias\/charles-leclerc-assume-culpa-acidente-q3-mas-ferrari-dificil-pilotar-holanda\/\"><strong>Leclerc assume culpa por acidente no Q3, mas v\u00ea Ferrari \u201cdif\u00edcil de pilotar\u201d na Holanda<\/strong><\/a><\/p>\n\n\n\n<figure class=\"wp-block-image size-large\"><img decoding=\"async\" src=\"https:\/\/www.grandepremio.com\/br\/wp-content\/uploads\/2023\/08\/f1-2023-holanda-treinoslivres-williams-logansargeant-03-1024x683.jpg\" alt=\"\" class=\"wp-image-720996\"\/><figcaption class=\"wp-element-caption\">Mesmo com acidente no Q3, Sargeant conseguiu a melhor posi\u00e7\u00e3o de largada de um americano em 30 anos (Foto: Williams)<\/figcaption><\/figure>\n\n\n\n<p class=\"wp-block-paragraph\"><strong>Logan Sargeant, d\u00e9cimo: <\/strong><a href=\"https:\/\/www.grandepremio.com\/br\/f1\/noticias\/logan-sargeant-nao-entendeu-lamenta-erro-milimetrico-causou-batida-holanda\/\"><strong>Sargeant \u201cn\u00e3o entendeu\u201d, mas lamenta \u201cerro milim\u00e9trico\u201d que causou batida na Holanda<\/strong><\/a><\/p>\n\n\n\n<p class=\"wp-block-paragraph\"><strong>Lance Stroll, 11\u00ba:<\/strong> &#8220;O carro estava se comportando bem hoje, ent\u00e3o \u00e9 frustrante ficar de fora do Q3 por uma margem t\u00e3o pequena. Olhando para tr\u00e1s, sa\u00edmos um pouco cedo demais para minha \u00faltima volta, a pista estava secando rapidamente e os pneus n\u00e3o aguentaram fazer uma segunda volta r\u00e1pida. Acredito que estamos em uma boa posi\u00e7\u00e3o para amanh\u00e3. O carro est\u00e1 competitivo, e eu fui capaz de pressionar em um circuito desafiador, o que foi divertido. Sabemos que o pelot\u00e3o est\u00e1 extremamente equilibrado aqui e ultrapassar pode ser dif\u00edcil, mas se maximizarmos nossas oportunidades na corrida, acredito que podemos marcar bons pontos para a equipe.&#8221;<\/p>\n\n\n\n<p class=\"wp-block-paragraph\"><strong>Pierre Gasly, 12\u00ba:<\/strong> &#8220;Acho que hoje poderia ter sido melhor e estamos come\u00e7ando fora dos dez primeiros amanh\u00e3, com trabalho a fazer. As condi\u00e7\u00f5es n\u00e3o estavam f\u00e1ceis na pista molhada, mas ainda assim foi muito divertido e um bom desafio. Vamos analisar o que poder\u00edamos ter feito melhor hoje, pois definitivamente alguns pequenos detalhes n\u00e3o funcionaram, especialmente no Q2. Como equipe, continuaremos trabalhando, nos esfor\u00e7ando, e o objetivo \u00e9 marcar pontos amanh\u00e3, o que tenho certeza de que podemos conseguir.&#8221;<\/p>\n\n\n\n<p class=\"wp-block-paragraph\"><strong>Lewis Hamilton, 13\u00ba: <\/strong><a href=\"https:\/\/www.grandepremio.com\/br\/f1\/noticias\/lewis-hamilton-culpa-pneus-13o-duvida-recuperacao-gp-holanda-pista-dificil\/\"><strong>Hamilton culpa pneus por 13\u00ba e duvida de recupera\u00e7\u00e3o no GP da Holanda: \u201cPista dif\u00edcil\u201d<\/strong><\/a><\/p>\n\n\n\n<p class=\"wp-block-paragraph\"><strong>Nico H\u00fclkenberg, 14\u00ba:<\/strong> &#8220;Sinto que tivemos uma classifica\u00e7\u00e3o s\u00f3lida e fizemos o que foi poss\u00edvel. Conseguimos acertar a hora de ir para a pista em toda a sess\u00e3o, o que tamb\u00e9m \u00e9 f\u00e1cil de errar nessas condi\u00e7\u00f5es, mas n\u00e3o foi o suficiente em termos de ritmo. Foi um quadro semelhante ao de ontem. Abordaremos amanh\u00e3 com a mente aberta, pressionaremos forte e faremos o que pudermos, mas minhas expectativas n\u00e3o s\u00e3o muito altas, francamente.&#8221;<\/p>\n\n\n\n<figure class=\"wp-block-image size-large\"><img decoding=\"async\" src=\"https:\/\/www.grandepremio.com\/br\/wp-content\/uploads\/2023\/08\/Charles-Leclerc-1024x576.jpg\" alt=\"\" class=\"wp-image-721799\"\/><figcaption class=\"wp-element-caption\">Charles Leclerc bateu no Q3 em Zandvoort (Foto: reprodu\u00e7\u00e3o\/F1 TV)<\/figcaption><\/figure>\n\n\n\n<p class=\"wp-block-paragraph\"><strong>Guanyu Zhou, 15\u00ba<\/strong>: &#8220;As condi\u00e7\u00f5es estavam mais complicadas do que de manh\u00e3, mas acho que estava tudo OK e tivemos uma boa chance de chegar ao Q2. Infelizmente, n\u00e3o fomos capazes de maximizar nossa \u00faltima volta: tive uma derrapagem enorme na \u00faltima curva, onde estava mais molhado, e perdi a vaga no Q2 por uma pequena margem. Hoje n\u00e3o foi f\u00e1cil, todos estavam com problemas para encontrar algum espa\u00e7o e foi dif\u00edcil fazer a volta perfeita. Mais cedo, de manh\u00e3, quando a chuva estava mais forte, talvez o carro estivesse com um ritmo melhor. Espero que amanh\u00e3 seja outro dia ca\u00f3tico que nos d\u00ea mais oportunidades para avan\u00e7ar.&#8221;<\/p>\n\n\n\n<p class=\"wp-block-paragraph\"><strong>Esteban Ocon, 16\u00ba: <\/strong>&#8220;Infelizmente, n\u00e3o foi um bom dia para n\u00f3s hoje. \u00c9 a primeira vez que saio no Q1 nesta temporada, ent\u00e3o isso \u00e9 muito decepcionante. Na pista, as condi\u00e7\u00f5es estavam complicadas para todos e do nosso lado, tivemos dificuldades em muitas \u00e1reas, especialmente com a estabilidade geral e em curvas de alta velocidade. Temos de analisar o que aconteceu hoje e ver o que podemos fazer para nos colocar em uma posi\u00e7\u00e3o mais forte na corrida. J\u00e1 comecei em posi\u00e7\u00f5es mais baixas antes e consegui marcar pontos, ent\u00e3o esse continua sendo o objetivo e lutaremos at\u00e9 o final para estar entre os dez primeiros.&#8221;<\/p>\n\n\n\n<p class=\"wp-block-paragraph\"><strong>Yuki Tsunoda, 17\u00ba:<\/strong> &#8220;As condi\u00e7\u00f5es hoje estavam complicadas e considerando que <strong>Liam [Lawson] <\/strong>teve apenas o TL3 para pilotar o carro, definitivamente fez um bom trabalho em seu primeiro dia. Para mim, a classifica\u00e7\u00e3o foi frustrante. A equipe fez o melhor para me levar at\u00e9 o Q2, mas definitivamente h\u00e1 margem para melhora de minha parte, especialmente na comunica\u00e7\u00e3o por r\u00e1dio para mant\u00ea-los atualizados sobre as condi\u00e7\u00f5es da pista. Acredito que o carro tinha o ritmo para chegar ao Q3, ent\u00e3o sinto que n\u00e3o maximizei meu desempenho, o que \u00e9 a coisa mais frustrante, porque voc\u00ea sempre quer sentir que deu o seu melhor. As condi\u00e7\u00f5es estavam realmente dif\u00edceis, e peguei tr\u00e1fego em v\u00e1rios lugares, mas era igual para todos. \u00c9 o que \u00e9, e \u00e9 aprendizado para o futuro. Ser\u00e1 dif\u00edcil ultrapassar amanh\u00e3, mas as condi\u00e7\u00f5es ser\u00e3o diferentes, e faremos o que pudermos, obviamente visando os pontos.&#8221;<\/p>\n\n\n\n<figure class=\"wp-block-image size-large\"><img decoding=\"async\" src=\"https:\/\/www.grandepremio.com\/br\/wp-content\/uploads\/2023\/08\/holanda-2023-f1-classificacao-alphatauri-liam-lawson-03-1024x683.jpg\" alt=\"\" class=\"wp-image-721840\"\/><figcaption class=\"wp-element-caption\">Liam Lawson faz sua estreia na F1 no GP da Holanda (Foto: Red Bull Content Pool)<\/figcaption><\/figure>\n\n\n\n<p class=\"wp-block-paragraph\"><strong>Kevin Magnussen, 18\u00ba:<\/strong> &#8220;Meio que me coloquei nessa situa\u00e7\u00e3o ao danificar o carro no TL3 e n\u00e3o fazer nenhuma volta com pista molhada antes da classifica\u00e7\u00e3o. Eu dei o meu melhor, mas n\u00e3o fui r\u00e1pido o suficiente para entrar no Q2. Danificamos a nova asa dianteira, ent\u00e3o infelizmente n\u00e3o poderemos us\u00e1-la pelo resto do fim de semana e acho que a pe\u00e7a estava ajudando, ent\u00e3o teremos de nos virar na corrida.&#8221;<\/p>\n\n\n\n<p class=\"wp-block-paragraph\"><strong>Valtteri Bottas, 19\u00ba: <\/strong>&#8220;Est\u00e1vamos entre os dez primeiros em todas as sess\u00f5es, ent\u00e3o sair no Q1 \u00e9 extremamente frustrante. Estou perplexo, porque a sensa\u00e7\u00e3o no carro foi bastante similar ao TL3, nossas voltas estavam boas, mas estamos dez posi\u00e7\u00f5es atr\u00e1s do que est\u00e1vamos anteriormente. As condi\u00e7\u00f5es na pista eram complicadas, mas n\u00e3o muito diferentes do in\u00edcio do dia, ent\u00e3o n\u00e3o tenho explica\u00e7\u00e3o para isso: o aquecimento dos pneus parece ser o maior problema, mas precisamos encontrar mais respostas para amanh\u00e3. A corrida n\u00e3o ser\u00e1 f\u00e1cil, largando em 19\u00ba, mas daremos o nosso m\u00e1ximo: espero que a classifica\u00e7\u00e3o tenha sido um caso isolado, e se for uma corrida na chuva, pode ser movimentada e, com isso, ganharmos algumas posi\u00e7\u00f5es.&#8221;<\/p>\n\n\n\n<p class=\"wp-block-paragraph\"><strong>Liam Lawson, 20\u00ba: <\/strong><a href=\"https:\/\/www.grandepremio.com\/br\/f1\/noticias\/liam-lawson-torce-corrida-tranquila-admite-ter-reaprender-caso-nao-chova\/\"><strong>Lawson s\u00f3 torce por \u201ccorrida tranquila\u201d e admite ter de \u201creaprender\u201d caso n\u00e3o chova<\/strong><\/a><\/p>\n\n\n\n<figure class=\"wp-block-embed is-type-video is-provider-youtube wp-block-embed-youtube wp-embed-aspect-16-9 wp-has-aspect-ratio\"><div class=\"wp-block-embed__wrapper\">\n<iframe loading=\"lazy\" title=\"F1 2023 na HOLANDA: VERSTAPPEN pole, NORRIS 2\u00ba. LECLERC bate | Briefing\" width=\"500\" height=\"281\" src=\"https:\/\/www.youtube.com\/embed\/7AiwyhURs_8?feature=oembed\" frameborder=\"0\" allow=\"accelerometer; autoplay; clipboard-write; encrypted-media; gyroscope; picture-in-picture; web-share\" referrerpolicy=\"strict-origin-when-cross-origin\" allowfullscreen><\/iframe>\n<\/div><\/figure>\n","protected":false},"excerpt":{"rendered":"<p>Max Verstappen continua imbat\u00edvel na temporada 2023 da F1. McLaren e Williams tamb\u00e9m foram bem na classifica\u00e7\u00e3o em Zandvoort <\/p>\n","protected":false},"author":0,"featured_media":1000721850,"comment_status":"closed","ping_status":"closed","sticky":false,"template":"","format":"standard","meta":{"42wp_featured_image_caption":"","42wp_featured_image_credits":"","42wp_featured_video":"","42wp_featured_image_hidden":false,"42wp_authors_list":[],"footnotes":""},"categories":[2],"tags":[654,546,147,176,207,800,1388,29115,29117,29126,36222,219,1491,30103,28285,547,87,203,82,204,25911],"42wp_author":[47157],"class_list":["post-99891","post","type-post","status-publish","format-standard","has-post-thumbnail","hentry","category-f1","tag-alexander-albon","tag-carlos-sainz","tag-f1","tag-fernando-alonso","tag-ferrari","tag-george-russell","tag-gp-da-holanda","tag-gp-da-holanda-de-f1","tag-gp-da-holanda-de-formula-1","tag-gp-dos-paises-baixos","tag-gp-dos-paises-baixos-2023","tag-grande-prmio","tag-grande-premio","tag-grande-premio-f1","tag-grandepremio","tag-lando-norris","tag-lewis-hamilton","tag-max-verstappen","tag-mercedes","tag-red-bull","tag-red-bull-max-verstappen","42wp_author-jonas-souza"],"_links":{"self":[{"href":"https:\/\/grandepremio.com\/br\/wp-json\/wp\/v2\/posts\/99891","targetHints":{"allow":["GET"]}}],"collection":[{"href":"https:\/\/grandepremio.com\/br\/wp-json\/wp\/v2\/posts"}],"about":[{"href":"https:\/\/grandepremio.com\/br\/wp-json\/wp\/v2\/types\/post"}],"replies":[{"embeddable":true,"href":"https:\/\/grandepremio.com\/br\/wp-json\/wp\/v2\/comments?post=99891"}],"version-history":[{"count":0,"href":"https:\/\/grandepremio.com\/br\/wp-json\/wp\/v2\/posts\/99891\/revisions"}],"wp:featuredmedia":[{"embeddable":true,"href":"https:\/\/grandepremio.com\/br\/wp-json\/wp\/v2\/media\/1000721850"}],"wp:attachment":[{"href":"https:\/\/grandepremio.com\/br\/wp-json\/wp\/v2\/media?parent=99891"}],"wp:term":[{"taxonomy":"category","embeddable":true,"href":"https:\/\/grandepremio.com\/br\/wp-json\/wp\/v2\/categories?post=99891"},{"taxonomy":"post_tag","embeddable":true,"href":"https:\/\/grandepremio.com\/br\/wp-json\/wp\/v2\/tags?post=99891"},{"taxonomy":"42wp_author","embeddable":true,"href":"https:\/\/grandepremio.com\/br\/wp-json\/wp\/v2\/42wp_author?post=99891"}],"curies":[{"name":"wp","href":"https:\/\/api.w.org\/{rel}","templated":true}]}}